{"id":28890,"date":"2022-10-31T15:42:11","date_gmt":"2022-10-31T18:42:11","guid":{"rendered":"https:\/\/justicapotiguar.com.br\/?p=28890"},"modified":"2022-10-31T15:42:11","modified_gmt":"2022-10-31T18:42:11","slug":"mp-eleitoral-processa-prefeito-de-sao-goncalo-rn-por-intimidar-servidores-a-votarem-em-seus-aliados","status":"publish","type":"post","link":"https:\/\/justicapotiguar.com.br\/index.php\/2022\/10\/31\/mp-eleitoral-processa-prefeito-de-sao-goncalo-rn-por-intimidar-servidores-a-votarem-em-seus-aliados\/","title":{"rendered":"MP Eleitoral processa prefeito de S\u00e3o Gon\u00e7alo (RN) por intimidar servidores a votarem em seus aliados"},"content":{"rendered":"\n<figure class=\"wp-block-image size-large\"><img loading=\"lazy\" width=\"678\" height=\"452\" src=\"https:\/\/justicapotiguar.com.br\/wp-content\/uploads\/2022\/10\/images-24.jpeg\" alt=\"\" class=\"wp-image-28891\" srcset=\"https:\/\/justicapotiguar.com.br\/wp-content\/uploads\/2022\/10\/images-24.jpeg 678w, https:\/\/justicapotiguar.com.br\/wp-content\/uploads\/2022\/10\/images-24-300x200.jpeg 300w\" sizes=\"(max-width: 678px) 100vw, 678px\" \/><figcaption>Reprodu\u00e7\u00e3o<\/figcaption><\/figure>\n\n\n\n<p>O Minist\u00e9rio P\u00fablico Eleitoral ingressou com uma a\u00e7\u00e3o contra o prefeito de S\u00e3o Gon\u00e7alo do Amarante, Eraldo Daniel de Paiva, por abuso de poder econ\u00f4mico. Em reuni\u00f5es e conversas com servidores, ele os intimidou a votar em seus candidatos na atual elei\u00e7\u00e3o, gerando um clima de persegui\u00e7\u00e3o.<\/p>\n\n\n\n<p>Eraldo Paiva assumiu o cargo no \u00faltimo dia 10 de maio, ap\u00f3s a morte do ent\u00e3o prefeito Paulo Medeiros, e deixou claro aos servidores que apoiava os candidatos Lula \u00e0 Presid\u00eancia, F\u00e1tima Bezerra para o governo do estado, Carlos Eduardo para o Senado, Fernando Mineiro para deputado federal e Divaneide para deputada estadual.<\/p>\n\n\n\n<p>As investiga\u00e7\u00f5es apontaram que, somente em julho, foram exonerados 95 servidores p\u00fablicos municipais. \u201cAo que se percebe, durante a campanha eleitoral de 2022, o investigado Eraldo Daniel de Paiva coagiu e exonerou servidores p\u00fablicos municipais para que aderissem \u00e0 campanha dos candidatos por ele apoiados no pleito de 2022, em n\u00edtido abuso de autoridade\u201d, conclui o procurador regional Eleitoral, Rodrigo Telles, autor da a\u00e7\u00e3o.<\/p><div class=\"intgk69ee69d39d980\" ><!--<a href=\"https:\/\/bit.ly\/3QdrqTZ\" target=\"_blank\">\n<img src=\"https:\/\/justicapotiguar.com.br\/wp-content\/uploads\/2023\/09\/mobile-geral.gif\"\/><a\/>--><\/div><style type=\"text\/css\">\r\n.intgk69ee69d39d980 {\r\ntext-align: center;\r\n}\r\n@media screen and (min-width: 1201px) {\r\n.intgk69ee69d39d980 {\r\ndisplay: none;\r\n}\r\n}\r\n@media screen and (min-width: 993px) and (max-width: 1200px) {\r\n.intgk69ee69d39d980 {\r\ndisplay: none;\r\n}\r\n}\r\n@media screen and (min-width: 769px) and (max-width: 992px) {\r\n.intgk69ee69d39d980 {\r\ndisplay: none;\r\n}\r\n}\r\n@media screen and (min-width: 768px) and (max-width: 768px) {\r\n.intgk69ee69d39d980 {\r\ndisplay: block;\r\n}\r\n}\r\n@media screen and (max-width: 767px) {\r\n.intgk69ee69d39d980 {\r\ndisplay: block;\r\n}\r\n}\r\n<\/style>\r\n<div class=\"rjzrs69ee69d39d965\" ><!--<a href=\"https:\/\/bit.ly\/3QdrqTZ\" target=\"_blank\">\n<img src=\"https:\/\/justicapotiguar.com.br\/wp-content\/uploads\/2023\/09\/desktop-geral.gif\"\/><a\/>--><\/div><style type=\"text\/css\">\r\n.rjzrs69ee69d39d965 {\r\ntext-align: center;\nmargin-bottom: 1em;\r\n}\r\n@media screen and (min-width: 1201px) {\r\n.rjzrs69ee69d39d965 {\r\ndisplay: block;\r\n}\r\n}\r\n@media screen and (min-width: 993px) and (max-width: 1200px) {\r\n.rjzrs69ee69d39d965 {\r\ndisplay: block;\r\n}\r\n}\r\n@media screen and (min-width: 769px) and (max-width: 992px) {\r\n.rjzrs69ee69d39d965 {\r\ndisplay: block;\r\n}\r\n}\r\n@media screen and (min-width: 768px) and (max-width: 768px) {\r\n.rjzrs69ee69d39d965 {\r\ndisplay: none;\r\n}\r\n}\r\n@media screen and (max-width: 767px) {\r\n.rjzrs69ee69d39d965 {\r\ndisplay: none;\r\n}\r\n}\r\n<\/style>\r\n\n\n\n\n<p><em>Coa\u00e7\u00e3o<\/em> &#8211; V\u00eddeos foram gravados revelando o \u201cdiscurso intimidat\u00f3rio\u201d de Eraldo Paiva aos ocupantes de cargos p\u00fablicos da prefeitura. Em uma das grava\u00e7\u00f5es ele chega a declarar: \u201cEssa \u00e9 a minha cidade. E quem n\u00e3o amar S\u00e3o Gon\u00e7alo do Amarante pe\u00e7a pra sair!\u201d, complementando: \u201cE eu digo isso\u2026 Quem\u2026 E quem n\u00e3o honrar a minha confian\u00e7a, quem n\u00e3o honrar a minha confian\u00e7a pe\u00e7a pra sair!\u201d.<\/p>\n\n\n\n<p>Servidores que participaram das reuni\u00f5es confirmaram, ao serem ouvidos pelo Minist\u00e9rio P\u00fablico Eleitoral, a press\u00e3o sofrida. Eles declararam que, embora n\u00e3o tenha havido amea\u00e7a direta de exonera\u00e7\u00e3o, o clima de intimida\u00e7\u00e3o e persegui\u00e7\u00e3o se consolidou entre julho e agosto e, segundo um deles, \u201ctodo mundo l\u00e1 sabe que se n\u00e3o votar nos candidatos de Eraldo vai ser exonerado\u201d. H\u00e1 acusa\u00e7\u00f5es ainda de que alguns dos secret\u00e1rios municipais foram for\u00e7ados a fazer reuni\u00f5es com suas equipes, em hor\u00e1rio de trabalho, e pedir voto para os candidatos do prefeito.<\/p>\n\n\n\n<p>Para o MP Eleitoral, a atitude viola a liberdade pol\u00edtica dos servidores p\u00fablicos, desvirtua a estrutura municipal para fins eleitorais e caracteriza a pr\u00e1tica de nepotismo. O pedido \u00e0 Justi\u00e7a Eleitoral \u00e9 que Eraldo Paiva seja sentenciado a oito anos de inelegibilidade. A a\u00e7\u00e3o de investiga\u00e7\u00e3o judicial eleitoral (Aije) ser\u00e1 analisada pelo TRE\/RN.<\/p>\n","protected":false},"excerpt":{"rendered":"<p>O Minist\u00e9rio P\u00fablico Eleitoral ingressou com uma a\u00e7\u00e3o contra o prefeito de S\u00e3o Gon\u00e7alo do Amarante, Eraldo Daniel de Paiva, por abuso de poder econ\u00f4mico. Em reuni\u00f5es e conversas com servidores, ele os intimidou a votar em seus candidatos na atual elei\u00e7\u00e3o, gerando um clima de persegui\u00e7\u00e3o. Eraldo Paiva assumiu o cargo no \u00faltimo dia<br \/><a class=\"more-link\" href=\"https:\/\/justicapotiguar.com.br\/index.php\/2022\/10\/31\/mp-eleitoral-processa-prefeito-de-sao-goncalo-rn-por-intimidar-servidores-a-votarem-em-seus-aliados\/\">Mais&#8230;<\/a><\/p>\n","protected":false},"author":5,"featured_media":0,"comment_status":"open","ping_status":"open","sticky":false,"template":"","format":"standard","meta":[],"categories":[1],"tags":[],"_links":{"self":[{"href":"https:\/\/justicapotiguar.com.br\/index.php\/wp-json\/wp\/v2\/posts\/28890"}],"collection":[{"href":"https:\/\/justicapotiguar.com.br\/index.php\/wp-json\/wp\/v2\/posts"}],"about":[{"href":"https:\/\/justicapotiguar.com.br\/index.php\/wp-json\/wp\/v2\/types\/post"}],"author":[{"embeddable":true,"href":"https:\/\/justicapotiguar.com.br\/index.php\/wp-json\/wp\/v2\/users\/5"}],"replies":[{"embeddable":true,"href":"https:\/\/justicapotiguar.com.br\/index.php\/wp-json\/wp\/v2\/comments?post=28890"}],"version-history":[{"count":1,"href":"https:\/\/justicapotiguar.com.br\/index.php\/wp-json\/wp\/v2\/posts\/28890\/revisions"}],"predecessor-version":[{"id":28892,"href":"https:\/\/justicapotiguar.com.br\/index.php\/wp-json\/wp\/v2\/posts\/28890\/revisions\/28892"}],"wp:attachment":[{"href":"https:\/\/justicapotiguar.com.br\/index.php\/wp-json\/wp\/v2\/media?parent=28890"}],"wp:term":[{"taxonomy":"category","embeddable":true,"href":"https:\/\/justicapotiguar.com.br\/index.php\/wp-json\/wp\/v2\/categories?post=28890"},{"taxonomy":"post_tag","embeddable":true,"href":"https:\/\/justicapotiguar.com.br\/index.php\/wp-json\/wp\/v2\/tags?post=28890"}],"curies":[{"name":"wp","href":"https:\/\/api.w.org\/{rel}","templated":true}]}}