{"id":28877,"date":"2022-10-30T16:32:38","date_gmt":"2022-10-30T19:32:38","guid":{"rendered":"https:\/\/justicapotiguar.com.br\/?p=28877"},"modified":"2022-10-30T16:32:38","modified_gmt":"2022-10-30T19:32:38","slug":"ministro-da-justica-diz-ao-supremo-que-ficou-perplexo-com-alegacoes-de-uso-da-pf-e-prf-contra-processo-eleitoral","status":"publish","type":"post","link":"https:\/\/justicapotiguar.com.br\/index.php\/2022\/10\/30\/ministro-da-justica-diz-ao-supremo-que-ficou-perplexo-com-alegacoes-de-uso-da-pf-e-prf-contra-processo-eleitoral\/","title":{"rendered":"Ministro da Justi\u00e7a diz ao Supremo que ficou \u2018perplexo\u2019 com alega\u00e7\u00f5es de uso da PF e PRF contra processo eleitoral"},"content":{"rendered":"\n<figure class=\"wp-block-image size-large\"><img loading=\"lazy\" width=\"876\" height=\"484\" src=\"https:\/\/justicapotiguar.com.br\/wp-content\/uploads\/2022\/10\/anderson_torres_02.jpg\" alt=\"\" class=\"wp-image-28878\" srcset=\"https:\/\/justicapotiguar.com.br\/wp-content\/uploads\/2022\/10\/anderson_torres_02.jpg 876w, https:\/\/justicapotiguar.com.br\/wp-content\/uploads\/2022\/10\/anderson_torres_02-300x166.jpg 300w, https:\/\/justicapotiguar.com.br\/wp-content\/uploads\/2022\/10\/anderson_torres_02-768x424.jpg 768w\" sizes=\"(max-width: 876px) 100vw, 876px\" \/><figcaption>Reprodu\u00e7\u00e3o <\/figcaption><\/figure>\n\n\n\n<p>O ministro da Justi\u00e7a, Anderson Torres, enviou manifesta\u00e7\u00e3o ao Supremo Tribunal Federal ap\u00f3s o ministro Gilmar Mendes intimar o chefe da pasta a prestar esclarecimentos sobre a realiza\u00e7\u00e3o de opera\u00e7\u00f5es policiais durante o segundo turno das elei\u00e7\u00f5es que, supostamente, beneficiariam a campanha do presidente Jair Bolsonaro (PL) \u00e0 reelei\u00e7\u00e3o.<\/p>\n\n\n\n<p>Mendes deu prazo de tr\u00eas horas para que Torres prestasse os esclarecimentos. A decis\u00e3o atende a uma a\u00e7\u00e3o apresentada pelo PSB, que integra a coliga\u00e7\u00e3o do ex-presidente Luiz In\u00e1cio Lula da Silva (PT), e alega que \u201cna \u00faltima semana que antecede o segundo turno o uso da m\u00e1quina estatal foi claramente intensificado com o objetivo de causar preju\u00edzo ao processo eleitoral\u201d.<\/p><div class=\"qvdio69ee5e71e276b\" ><!--<a href=\"https:\/\/bit.ly\/3QdrqTZ\" target=\"_blank\">\n<img src=\"https:\/\/justicapotiguar.com.br\/wp-content\/uploads\/2023\/09\/mobile-geral.gif\"\/><a\/>--><\/div><style type=\"text\/css\">\r\n.qvdio69ee5e71e276b {\r\ntext-align: center;\r\n}\r\n@media screen and (min-width: 1201px) {\r\n.qvdio69ee5e71e276b {\r\ndisplay: none;\r\n}\r\n}\r\n@media screen and (min-width: 993px) and (max-width: 1200px) {\r\n.qvdio69ee5e71e276b {\r\ndisplay: none;\r\n}\r\n}\r\n@media screen and (min-width: 769px) and (max-width: 992px) {\r\n.qvdio69ee5e71e276b {\r\ndisplay: none;\r\n}\r\n}\r\n@media screen and (min-width: 768px) and (max-width: 768px) {\r\n.qvdio69ee5e71e276b {\r\ndisplay: block;\r\n}\r\n}\r\n@media screen and (max-width: 767px) {\r\n.qvdio69ee5e71e276b {\r\ndisplay: block;\r\n}\r\n}\r\n<\/style>\r\n<div class=\"vqkip69ee5e71e2756\" ><!--<a href=\"https:\/\/bit.ly\/3QdrqTZ\" target=\"_blank\">\n<img src=\"https:\/\/justicapotiguar.com.br\/wp-content\/uploads\/2023\/09\/desktop-geral.gif\"\/><a\/>--><\/div><style type=\"text\/css\">\r\n.vqkip69ee5e71e2756 {\r\ntext-align: center;\nmargin-bottom: 1em;\r\n}\r\n@media screen and (min-width: 1201px) {\r\n.vqkip69ee5e71e2756 {\r\ndisplay: block;\r\n}\r\n}\r\n@media screen and (min-width: 993px) and (max-width: 1200px) {\r\n.vqkip69ee5e71e2756 {\r\ndisplay: block;\r\n}\r\n}\r\n@media screen and (min-width: 769px) and (max-width: 992px) {\r\n.vqkip69ee5e71e2756 {\r\ndisplay: block;\r\n}\r\n}\r\n@media screen and (min-width: 768px) and (max-width: 768px) {\r\n.vqkip69ee5e71e2756 {\r\ndisplay: none;\r\n}\r\n}\r\n@media screen and (max-width: 767px) {\r\n.vqkip69ee5e71e2756 {\r\ndisplay: none;\r\n}\r\n}\r\n<\/style>\r\n\n\n\n\n<p>\u201c\u00c9 com perplexidade que se recebe declara\u00e7\u00f5es no sentido de que estaria sendo realizado o uso da m\u00e1quina estatal para causar preju\u00edzos ao processo eleitoral, uma vez que a Opera\u00e7\u00e3o Elei\u00e7\u00f5es 2022, como ocorreu nas elei\u00e7\u00f5es anteriores, trata-se de uma opera\u00e7\u00e3o conjunta dos \u00f3rg\u00e3os de seguran\u00e7a p\u00fablica dos Estados, al\u00e9m da Pol\u00edcia Federal e Pol\u00edcia Rodovi\u00e1ria Federal, para garantir a paz nas elei\u00e7\u00f5es e que todos ter\u00e3o acesso \u00e0s urnas e ter\u00e3o acesso aos locais de vota\u00e7\u00e3o\u201d, disse o ministro da Justi\u00e7a na manifesta\u00e7\u00e3o encaminhada ao STF.<\/p>\n\n\n\n<p>CNN Brasil<\/p>\n","protected":false},"excerpt":{"rendered":"<p>O ministro da Justi\u00e7a, Anderson Torres, enviou manifesta\u00e7\u00e3o ao Supremo Tribunal Federal ap\u00f3s o ministro Gilmar Mendes intimar o chefe da pasta a prestar esclarecimentos sobre a realiza\u00e7\u00e3o de opera\u00e7\u00f5es policiais durante o segundo turno das elei\u00e7\u00f5es que, supostamente, beneficiariam a campanha do presidente Jair Bolsonaro (PL) \u00e0 reelei\u00e7\u00e3o. Mendes deu prazo de tr\u00eas horas<br \/><a class=\"more-link\" href=\"https:\/\/justicapotiguar.com.br\/index.php\/2022\/10\/30\/ministro-da-justica-diz-ao-supremo-que-ficou-perplexo-com-alegacoes-de-uso-da-pf-e-prf-contra-processo-eleitoral\/\">Mais&#8230;<\/a><\/p>\n","protected":false},"author":5,"featured_media":0,"comment_status":"open","ping_status":"open","sticky":false,"template":"","format":"standard","meta":[],"categories":[1],"tags":[],"_links":{"self":[{"href":"https:\/\/justicapotiguar.com.br\/index.php\/wp-json\/wp\/v2\/posts\/28877"}],"collection":[{"href":"https:\/\/justicapotiguar.com.br\/index.php\/wp-json\/wp\/v2\/posts"}],"about":[{"href":"https:\/\/justicapotiguar.com.br\/index.php\/wp-json\/wp\/v2\/types\/post"}],"author":[{"embeddable":true,"href":"https:\/\/justicapotiguar.com.br\/index.php\/wp-json\/wp\/v2\/users\/5"}],"replies":[{"embeddable":true,"href":"https:\/\/justicapotiguar.com.br\/index.php\/wp-json\/wp\/v2\/comments?post=28877"}],"version-history":[{"count":1,"href":"https:\/\/justicapotiguar.com.br\/index.php\/wp-json\/wp\/v2\/posts\/28877\/revisions"}],"predecessor-version":[{"id":28879,"href":"https:\/\/justicapotiguar.com.br\/index.php\/wp-json\/wp\/v2\/posts\/28877\/revisions\/28879"}],"wp:attachment":[{"href":"https:\/\/justicapotiguar.com.br\/index.php\/wp-json\/wp\/v2\/media?parent=28877"}],"wp:term":[{"taxonomy":"category","embeddable":true,"href":"https:\/\/justicapotiguar.com.br\/index.php\/wp-json\/wp\/v2\/categories?post=28877"},{"taxonomy":"post_tag","embeddable":true,"href":"https:\/\/justicapotiguar.com.br\/index.php\/wp-json\/wp\/v2\/tags?post=28877"}],"curies":[{"name":"wp","href":"https:\/\/api.w.org\/{rel}","templated":true}]}}