{"id":28873,"date":"2022-10-30T14:38:59","date_gmt":"2022-10-30T17:38:59","guid":{"rendered":"https:\/\/justicapotiguar.com.br\/?p=28873"},"modified":"2022-10-30T14:38:59","modified_gmt":"2022-10-30T17:38:59","slug":"prf-descumpre-ordem-do-tse-e-faz-mais-de-500-operacoes-contra-onibus-de-eleitores-moraes-intima-diretor-geral","status":"publish","type":"post","link":"https:\/\/justicapotiguar.com.br\/index.php\/2022\/10\/30\/prf-descumpre-ordem-do-tse-e-faz-mais-de-500-operacoes-contra-onibus-de-eleitores-moraes-intima-diretor-geral\/","title":{"rendered":"PRF descumpre ordem do TSE e faz mais de 500 opera\u00e7\u00f5es contra \u00f4nibus de eleitores; Moraes intima diretor-geral"},"content":{"rendered":"\n<figure class=\"wp-block-image size-large\"><img loading=\"lazy\" width=\"540\" height=\"304\" src=\"https:\/\/justicapotiguar.com.br\/wp-content\/uploads\/2022\/10\/silvinei-vasques.jpeg\" alt=\"\" class=\"wp-image-28874\" srcset=\"https:\/\/justicapotiguar.com.br\/wp-content\/uploads\/2022\/10\/silvinei-vasques.jpeg 540w, https:\/\/justicapotiguar.com.br\/wp-content\/uploads\/2022\/10\/silvinei-vasques-300x169.jpeg 300w\" sizes=\"(max-width: 540px) 100vw, 540px\" \/><figcaption>Reprodu\u00e7\u00e3o<\/figcaption><\/figure>\n\n\n\n<p>A&nbsp;<a href=\"https:\/\/g1.globo.com\/tudo-sobre\/policia-rodoviaria-federal\/\">Pol\u00edcia Rodovi\u00e1ria Federal<\/a>&nbsp;(PRF) descumpriu ordem do&nbsp;<a href=\"https:\/\/g1.globo.com\/tudo-sobre\/tribunal-superior-eleitoral\/\">Tribunal Superior Eleitoral<\/a>&nbsp;(TSE) e realizou neste domingo (30), dia da vota\u00e7\u00e3o do segundo turno, pelo menos 514 opera\u00e7\u00f5es de fiscaliza\u00e7\u00e3o contra ve\u00edculos fazendo transporte p\u00fablico de eleitores.<\/p>\n\n\n\n<p>O n\u00famero de manifesta\u00e7\u00f5es consta em controle interno da PRF. A not\u00edcia foi publicada inicialmente pelo jornal &#8220;Folha de S. Paulo&#8221;. A TV Globo confirmou as informa\u00e7\u00f5es.<\/p>\n\n\n\n<p>Pelas informa\u00e7\u00f5es no sistema interno da PRF n\u00e3o \u00e9 poss\u00edvel saber se os ve\u00edculos foram parados antes ou depois de os eleitores votarem.<\/p><div class=\"ceimv69ee605c71e7a\" ><!--<a href=\"https:\/\/bit.ly\/3QdrqTZ\" target=\"_blank\">\n<img src=\"https:\/\/justicapotiguar.com.br\/wp-content\/uploads\/2023\/09\/mobile-geral.gif\"\/><a\/>--><\/div><style type=\"text\/css\">\r\n.ceimv69ee605c71e7a {\r\ntext-align: center;\r\n}\r\n@media screen and (min-width: 1201px) {\r\n.ceimv69ee605c71e7a {\r\ndisplay: none;\r\n}\r\n}\r\n@media screen and (min-width: 993px) and (max-width: 1200px) {\r\n.ceimv69ee605c71e7a {\r\ndisplay: none;\r\n}\r\n}\r\n@media screen and (min-width: 769px) and (max-width: 992px) {\r\n.ceimv69ee605c71e7a {\r\ndisplay: none;\r\n}\r\n}\r\n@media screen and (min-width: 768px) and (max-width: 768px) {\r\n.ceimv69ee605c71e7a {\r\ndisplay: block;\r\n}\r\n}\r\n@media screen and (max-width: 767px) {\r\n.ceimv69ee605c71e7a {\r\ndisplay: block;\r\n}\r\n}\r\n<\/style>\r\n<div class=\"mcosh69ee605c71e62\" ><!--<a href=\"https:\/\/bit.ly\/3QdrqTZ\" target=\"_blank\">\n<img src=\"https:\/\/justicapotiguar.com.br\/wp-content\/uploads\/2023\/09\/desktop-geral.gif\"\/><a\/>--><\/div><style type=\"text\/css\">\r\n.mcosh69ee605c71e62 {\r\ntext-align: center;\nmargin-bottom: 1em;\r\n}\r\n@media screen and (min-width: 1201px) {\r\n.mcosh69ee605c71e62 {\r\ndisplay: block;\r\n}\r\n}\r\n@media screen and (min-width: 993px) and (max-width: 1200px) {\r\n.mcosh69ee605c71e62 {\r\ndisplay: block;\r\n}\r\n}\r\n@media screen and (min-width: 769px) and (max-width: 992px) {\r\n.mcosh69ee605c71e62 {\r\ndisplay: block;\r\n}\r\n}\r\n@media screen and (min-width: 768px) and (max-width: 768px) {\r\n.mcosh69ee605c71e62 {\r\ndisplay: none;\r\n}\r\n}\r\n@media screen and (max-width: 767px) {\r\n.mcosh69ee605c71e62 {\r\ndisplay: none;\r\n}\r\n}\r\n<\/style>\r\n\n\n\n\n<p>Diante de relatos de que as opera\u00e7\u00f5es estavam ocorrendo, em especial no Nordeste, Moraes&nbsp;<a href=\"https:\/\/g1.globo.com\/politica\/eleicoes\/2022\/noticia\/2022\/10\/30\/moraes-pede-que-diretor-da-prf-explique-imediatamente-operacoes-sobre-transporte-publico-de-eleitores.ghtml\">intimou o diretor da PRF, Silvinei Vasques<\/a>, a interromper imediatamente as a\u00e7\u00f5es de fiscaliza\u00e7\u00e3o. Se Silivinei n\u00e3o cumprir, pode ser multado em R$ 100 mil a hora, ser afastado das fun\u00e7\u00f5es e ser preso.<\/p>\n\n\n\n<p>Silvinei foi ao TSE prestar depoimento no in\u00edcio da tarde deste domingo.<\/p>\n","protected":false},"excerpt":{"rendered":"<p>A&nbsp;Pol\u00edcia Rodovi\u00e1ria Federal&nbsp;(PRF) descumpriu ordem do&nbsp;Tribunal Superior Eleitoral&nbsp;(TSE) e realizou neste domingo (30), dia da vota\u00e7\u00e3o do segundo turno, pelo menos 514 opera\u00e7\u00f5es de fiscaliza\u00e7\u00e3o contra ve\u00edculos fazendo transporte p\u00fablico de eleitores. O n\u00famero de manifesta\u00e7\u00f5es consta em controle interno da PRF. A not\u00edcia foi publicada inicialmente pelo jornal &#8220;Folha de S. Paulo&#8221;. A TV<br \/><a class=\"more-link\" href=\"https:\/\/justicapotiguar.com.br\/index.php\/2022\/10\/30\/prf-descumpre-ordem-do-tse-e-faz-mais-de-500-operacoes-contra-onibus-de-eleitores-moraes-intima-diretor-geral\/\">Mais&#8230;<\/a><\/p>\n","protected":false},"author":5,"featured_media":0,"comment_status":"open","ping_status":"open","sticky":false,"template":"","format":"standard","meta":[],"categories":[1],"tags":[],"_links":{"self":[{"href":"https:\/\/justicapotiguar.com.br\/index.php\/wp-json\/wp\/v2\/posts\/28873"}],"collection":[{"href":"https:\/\/justicapotiguar.com.br\/index.php\/wp-json\/wp\/v2\/posts"}],"about":[{"href":"https:\/\/justicapotiguar.com.br\/index.php\/wp-json\/wp\/v2\/types\/post"}],"author":[{"embeddable":true,"href":"https:\/\/justicapotiguar.com.br\/index.php\/wp-json\/wp\/v2\/users\/5"}],"replies":[{"embeddable":true,"href":"https:\/\/justicapotiguar.com.br\/index.php\/wp-json\/wp\/v2\/comments?post=28873"}],"version-history":[{"count":1,"href":"https:\/\/justicapotiguar.com.br\/index.php\/wp-json\/wp\/v2\/posts\/28873\/revisions"}],"predecessor-version":[{"id":28875,"href":"https:\/\/justicapotiguar.com.br\/index.php\/wp-json\/wp\/v2\/posts\/28873\/revisions\/28875"}],"wp:attachment":[{"href":"https:\/\/justicapotiguar.com.br\/index.php\/wp-json\/wp\/v2\/media?parent=28873"}],"wp:term":[{"taxonomy":"category","embeddable":true,"href":"https:\/\/justicapotiguar.com.br\/index.php\/wp-json\/wp\/v2\/categories?post=28873"},{"taxonomy":"post_tag","embeddable":true,"href":"https:\/\/justicapotiguar.com.br\/index.php\/wp-json\/wp\/v2\/tags?post=28873"}],"curies":[{"name":"wp","href":"https:\/\/api.w.org\/{rel}","templated":true}]}}