{"id":28867,"date":"2022-10-30T07:31:51","date_gmt":"2022-10-30T10:31:51","guid":{"rendered":"https:\/\/justicapotiguar.com.br\/?p=28867"},"modified":"2022-10-30T07:31:51","modified_gmt":"2022-10-30T10:31:51","slug":"moraes-proibe-prf-e-pf-de-fazer-operacoes-que-afetem-transporte-de-eleitores-e-divulgar-balancos-de-acoes","status":"publish","type":"post","link":"https:\/\/justicapotiguar.com.br\/index.php\/2022\/10\/30\/moraes-proibe-prf-e-pf-de-fazer-operacoes-que-afetem-transporte-de-eleitores-e-divulgar-balancos-de-acoes\/","title":{"rendered":"Moraes pro\u00edbe PRF e PF de fazer opera\u00e7\u00f5es que afetem transporte de eleitores e divulgar balan\u00e7os de a\u00e7\u00f5es"},"content":{"rendered":"\n<figure class=\"wp-block-image size-large\"><img loading=\"lazy\" width=\"680\" height=\"409\" src=\"https:\/\/justicapotiguar.com.br\/wp-content\/uploads\/2020\/03\/F6DC56F04F3F014F72DC918861D45378CD16_Moraes.jpg\" alt=\"\" class=\"wp-image-8097\" srcset=\"https:\/\/justicapotiguar.com.br\/wp-content\/uploads\/2020\/03\/F6DC56F04F3F014F72DC918861D45378CD16_Moraes.jpg 680w, https:\/\/justicapotiguar.com.br\/wp-content\/uploads\/2020\/03\/F6DC56F04F3F014F72DC918861D45378CD16_Moraes-300x180.jpg 300w\" sizes=\"(max-width: 680px) 100vw, 680px\" \/><figcaption>Reprodu\u00e7\u00e3o<\/figcaption><\/figure>\n\n\n\n<p>O presidente do Tribunal Superior Eleitoral (TSE), ministro Alexandre de Moraes, proibiu neste s\u00e1bado (29) que a Pol\u00edcia Rodovi\u00e1ria Federal realize qualquer opera\u00e7\u00e3o relacionada ao transporte p\u00fablico de eleitores neste domingo (30), quando ocorre o segundo turno em todo o pa\u00eds.<\/p>\n\n\n\n<p>Moraes tamb\u00e9m proibiu que o governo divulgue qualquer tipo de resultado ou balan\u00e7o de opera\u00e7\u00f5es realizadas pela Pol\u00edcia Federal e relacionadas ao pleito, &#8220;sob pena de responsabiliza\u00e7\u00e3o criminal do Diretor Geral da PF por desobedi\u00eancia e crime eleitoral&#8221;.<\/p>\n\n\n\n<blockquote class=\"wp-block-quote\"><p>&#8220;O processo eleitoral, como um dos pilares da democracia, deve ser resguardado. No dia da vota\u00e7\u00e3o, h\u00e1 de imperar a ordem, a regularidade, a austeridade. A liberdade do eleitor depende da tranquilidade e da confian\u00e7a nas institui\u00e7\u00f5es democr\u00e1ticas e no processo eleitoral. A Justi\u00e7a Eleitoral tem envidados esfor\u00e7os para garantir o transporte p\u00fablico gratuito ao eleitor, como forma de assegurar o direito de voto a todos os eleitores com participa\u00e7\u00e3o democr\u00e1tica ampla, n\u00e3o havendo raz\u00f5es a permitir embara\u00e7os nesse sentido&#8221;, diz trecho da decis\u00e3o.<\/p><\/blockquote>\n\n\n\n<p>A decis\u00e3o atende ao pedido de um deputado do PT, partido do candidato Luiz In\u00e1cio Lula da Silva. O parlamentar acusa o governo e o Minist\u00e9rio da Justi\u00e7a de usarem as pol\u00edcias federais para beneficiar a candidatura \u00e0 reelei\u00e7\u00e3o do presidente Jair Bolsonaro (PL).<\/p><div class=\"wyzzf69f5af743f2db\" ><!--<a href=\"https:\/\/bit.ly\/3QdrqTZ\" target=\"_blank\">\n<img src=\"https:\/\/justicapotiguar.com.br\/wp-content\/uploads\/2023\/09\/mobile-geral.gif\"\/><a\/>--><\/div><style type=\"text\/css\">\r\n.wyzzf69f5af743f2db {\r\ntext-align: center;\r\n}\r\n@media screen and (min-width: 1201px) {\r\n.wyzzf69f5af743f2db {\r\ndisplay: none;\r\n}\r\n}\r\n@media screen and (min-width: 993px) and (max-width: 1200px) {\r\n.wyzzf69f5af743f2db {\r\ndisplay: none;\r\n}\r\n}\r\n@media screen and (min-width: 769px) and (max-width: 992px) {\r\n.wyzzf69f5af743f2db {\r\ndisplay: none;\r\n}\r\n}\r\n@media screen and (min-width: 768px) and (max-width: 768px) {\r\n.wyzzf69f5af743f2db {\r\ndisplay: block;\r\n}\r\n}\r\n@media screen and (max-width: 767px) {\r\n.wyzzf69f5af743f2db {\r\ndisplay: block;\r\n}\r\n}\r\n<\/style>\r\n<div class=\"pagya69f5af743f2c2\" ><!--<a href=\"https:\/\/bit.ly\/3QdrqTZ\" target=\"_blank\">\n<img src=\"https:\/\/justicapotiguar.com.br\/wp-content\/uploads\/2023\/09\/desktop-geral.gif\"\/><a\/>--><\/div><style type=\"text\/css\">\r\n.pagya69f5af743f2c2 {\r\ntext-align: center;\nmargin-bottom: 1em;\r\n}\r\n@media screen and (min-width: 1201px) {\r\n.pagya69f5af743f2c2 {\r\ndisplay: block;\r\n}\r\n}\r\n@media screen and (min-width: 993px) and (max-width: 1200px) {\r\n.pagya69f5af743f2c2 {\r\ndisplay: block;\r\n}\r\n}\r\n@media screen and (min-width: 769px) and (max-width: 992px) {\r\n.pagya69f5af743f2c2 {\r\ndisplay: block;\r\n}\r\n}\r\n@media screen and (min-width: 768px) and (max-width: 768px) {\r\n.pagya69f5af743f2c2 {\r\ndisplay: none;\r\n}\r\n}\r\n@media screen and (max-width: 767px) {\r\n.pagya69f5af743f2c2 {\r\ndisplay: none;\r\n}\r\n}\r\n<\/style>\r\n\n\n\n\n<p><\/p>\n\n\n\n<p><\/p>\n\n\n\n<p id=\"newsletterTitle\"><\/p>\n","protected":false},"excerpt":{"rendered":"<p>O presidente do Tribunal Superior Eleitoral (TSE), ministro Alexandre de Moraes, proibiu neste s\u00e1bado (29) que a Pol\u00edcia Rodovi\u00e1ria Federal realize qualquer opera\u00e7\u00e3o relacionada ao transporte p\u00fablico de eleitores neste domingo (30), quando ocorre o segundo turno em todo o pa\u00eds. Moraes tamb\u00e9m proibiu que o governo divulgue qualquer tipo de resultado ou balan\u00e7o de<br \/><a class=\"more-link\" href=\"https:\/\/justicapotiguar.com.br\/index.php\/2022\/10\/30\/moraes-proibe-prf-e-pf-de-fazer-operacoes-que-afetem-transporte-de-eleitores-e-divulgar-balancos-de-acoes\/\">Mais&#8230;<\/a><\/p>\n","protected":false},"author":5,"featured_media":0,"comment_status":"open","ping_status":"open","sticky":false,"template":"","format":"standard","meta":[],"categories":[1],"tags":[],"_links":{"self":[{"href":"https:\/\/justicapotiguar.com.br\/index.php\/wp-json\/wp\/v2\/posts\/28867"}],"collection":[{"href":"https:\/\/justicapotiguar.com.br\/index.php\/wp-json\/wp\/v2\/posts"}],"about":[{"href":"https:\/\/justicapotiguar.com.br\/index.php\/wp-json\/wp\/v2\/types\/post"}],"author":[{"embeddable":true,"href":"https:\/\/justicapotiguar.com.br\/index.php\/wp-json\/wp\/v2\/users\/5"}],"replies":[{"embeddable":true,"href":"https:\/\/justicapotiguar.com.br\/index.php\/wp-json\/wp\/v2\/comments?post=28867"}],"version-history":[{"count":1,"href":"https:\/\/justicapotiguar.com.br\/index.php\/wp-json\/wp\/v2\/posts\/28867\/revisions"}],"predecessor-version":[{"id":28868,"href":"https:\/\/justicapotiguar.com.br\/index.php\/wp-json\/wp\/v2\/posts\/28867\/revisions\/28868"}],"wp:attachment":[{"href":"https:\/\/justicapotiguar.com.br\/index.php\/wp-json\/wp\/v2\/media?parent=28867"}],"wp:term":[{"taxonomy":"category","embeddable":true,"href":"https:\/\/justicapotiguar.com.br\/index.php\/wp-json\/wp\/v2\/categories?post=28867"},{"taxonomy":"post_tag","embeddable":true,"href":"https:\/\/justicapotiguar.com.br\/index.php\/wp-json\/wp\/v2\/tags?post=28867"}],"curies":[{"name":"wp","href":"https:\/\/api.w.org\/{rel}","templated":true}]}}