{"id":28821,"date":"2022-10-26T18:14:04","date_gmt":"2022-10-26T21:14:04","guid":{"rendered":"https:\/\/justicapotiguar.com.br\/?p=28821"},"modified":"2022-10-26T18:14:04","modified_gmt":"2022-10-26T21:14:04","slug":"tse-diz-que-servidor-foi-exonerado-por-suspeita-de-assedio-moral-e-que-deu-depoimento-a-pf-com-afirmacoes-falsas-e-mentirosas","status":"publish","type":"post","link":"https:\/\/justicapotiguar.com.br\/index.php\/2022\/10\/26\/tse-diz-que-servidor-foi-exonerado-por-suspeita-de-assedio-moral-e-que-deu-depoimento-a-pf-com-afirmacoes-falsas-e-mentirosas\/","title":{"rendered":"TSE diz que servidor foi exonerado por suspeita de ass\u00e9dio moral e que deu depoimento \u00e0 PF com afirma\u00e7\u00f5es &#8216;falsas e mentirosas&#8217;"},"content":{"rendered":"\n<p>Um servidor exonerado nesta ter\u00e7a-feira (25) pelo\u00a0<a href=\"https:\/\/g1.globo.com\/tudo-sobre\/tribunal-superior-eleitoral\/\">Tribunal Superior Eleitoral<\/a>\u00a0(TSE) procurou a\u00a0<a href=\"https:\/\/g1.globo.com\/tudo-sobre\/policia-federal\/\">Pol\u00edcia Federal<\/a>\u00a0para fazer acusa\u00e7\u00f5es contra o tribunal. Alexandre Machado disse em depoimento ter sido demitido ap\u00f3s ter relatado a superiores problemas na veicula\u00e7\u00e3o em uma r\u00e1dio da propaganda da campanha \u00e0 reelei\u00e7\u00e3o do presidente\u00a0<a href=\"https:\/\/g1.globo.com\/politica\/politico\/jair-bolsonaro\/\">Jair Bolsonaro<\/a>\u00a0(<a href=\"https:\/\/g1.globo.com\/politica\/partido\/pl\/\">PL<\/a>), o que corroboraria a\u00a0<a href=\"https:\/\/g1.globo.com\/politica\/eleicoes\/2022\/noticia\/2022\/10\/24\/campanha-de-bolsonaro-alega-que-radios-deixaram-de-veicular-insercoes-da-propaganda-do-presidente.ghtml\">den\u00fancia feita<\/a>\u00a0pelo ministro das Comunica\u00e7\u00f5es,\u00a0<a href=\"https:\/\/g1.globo.com\/tudo-sobre\/fabio-faria\/\">F\u00e1bio Faria<\/a>, de que r\u00e1dio do Norte e Nordeste estariam publicando um n\u00famero menos de inser\u00e7\u00f5es de propaganda de Bolsonaro do que manda a lei.<\/p>\n\n\n\n<figure class=\"wp-block-image size-large\"><img loading=\"lazy\" width=\"1024\" height=\"683\" src=\"https:\/\/justicapotiguar.com.br\/wp-content\/uploads\/2020\/02\/tse_foto-1024x683.jpg\" alt=\"\" class=\"wp-image-6090\" srcset=\"https:\/\/justicapotiguar.com.br\/wp-content\/uploads\/2020\/02\/tse_foto-1024x683.jpg 1024w, https:\/\/justicapotiguar.com.br\/wp-content\/uploads\/2020\/02\/tse_foto-300x200.jpg 300w, https:\/\/justicapotiguar.com.br\/wp-content\/uploads\/2020\/02\/tse_foto-768x512.jpg 768w, https:\/\/justicapotiguar.com.br\/wp-content\/uploads\/2020\/02\/tse_foto.jpg 1140w\" sizes=\"(max-width: 1024px) 100vw, 1024px\" \/><figcaption>Reprodu\u00e7\u00e3o <\/figcaption><\/figure>\n\n\n\n<p>Machado n\u00e3o apresentou provas e nem detalhes aos policiais.<\/p>\n\n\n\n<p>Em nota, o TSE disse que:<\/p>\n\n\n\n<p>&#8220;O Tribunal Superior Eleitoral informa que a exonera\u00e7\u00e3o do servidor Alexandre Gomes Machado que ocupava o cargo em comiss\u00e3o de confian\u00e7a de Assessor (CJ-1) da Secretaria Judici\u00e1ria foi motivada por indica\u00e7\u00f5es de reiteradas pr\u00e1ticas de ass\u00e9dio moral, inclusive por motiva\u00e7\u00e3o pol\u00edtica, que ser\u00e3o devidamente apuradas.<\/p><div class=\"buyel69ee87f3ca3f7\" ><!--<a href=\"https:\/\/bit.ly\/3QdrqTZ\" target=\"_blank\">\n<img src=\"https:\/\/justicapotiguar.com.br\/wp-content\/uploads\/2023\/09\/mobile-geral.gif\"\/><a\/>--><\/div><style type=\"text\/css\">\r\n.buyel69ee87f3ca3f7 {\r\ntext-align: center;\r\n}\r\n@media screen and (min-width: 1201px) {\r\n.buyel69ee87f3ca3f7 {\r\ndisplay: none;\r\n}\r\n}\r\n@media screen and (min-width: 993px) and (max-width: 1200px) {\r\n.buyel69ee87f3ca3f7 {\r\ndisplay: none;\r\n}\r\n}\r\n@media screen and (min-width: 769px) and (max-width: 992px) {\r\n.buyel69ee87f3ca3f7 {\r\ndisplay: none;\r\n}\r\n}\r\n@media screen and (min-width: 768px) and (max-width: 768px) {\r\n.buyel69ee87f3ca3f7 {\r\ndisplay: block;\r\n}\r\n}\r\n@media screen and (max-width: 767px) {\r\n.buyel69ee87f3ca3f7 {\r\ndisplay: block;\r\n}\r\n}\r\n<\/style>\r\n<div class=\"zjcri69ee87f3ca3e0\" ><!--<a href=\"https:\/\/bit.ly\/3QdrqTZ\" target=\"_blank\">\n<img src=\"https:\/\/justicapotiguar.com.br\/wp-content\/uploads\/2023\/09\/desktop-geral.gif\"\/><a\/>--><\/div><style type=\"text\/css\">\r\n.zjcri69ee87f3ca3e0 {\r\ntext-align: center;\nmargin-bottom: 1em;\r\n}\r\n@media screen and (min-width: 1201px) {\r\n.zjcri69ee87f3ca3e0 {\r\ndisplay: block;\r\n}\r\n}\r\n@media screen and (min-width: 993px) and (max-width: 1200px) {\r\n.zjcri69ee87f3ca3e0 {\r\ndisplay: block;\r\n}\r\n}\r\n@media screen and (min-width: 769px) and (max-width: 992px) {\r\n.zjcri69ee87f3ca3e0 {\r\ndisplay: block;\r\n}\r\n}\r\n@media screen and (min-width: 768px) and (max-width: 768px) {\r\n.zjcri69ee87f3ca3e0 {\r\ndisplay: none;\r\n}\r\n}\r\n@media screen and (max-width: 767px) {\r\n.zjcri69ee87f3ca3e0 {\r\ndisplay: none;\r\n}\r\n}\r\n<\/style>\r\n\n\n\n\n<p>A rea\u00e7\u00e3o do referido servidor foi, claramente, uma tentativa de evitar sua poss\u00edvel e futura responsabiliza\u00e7\u00e3o em processo administrativo que ser\u00e1 imediatamente instaurado.<\/p>\n\n\n\n<p>As alega\u00e7\u00f5es feitas pelo servidor em depoimento perante a Pol\u00edcia Federal s\u00e3o falsas e criminosas e, igualmente, ser\u00e3o responsabilizadas.<\/p>\n\n\n\n<p>Ao contr\u00e1rio do informado em depoimento, a chefia imediata do servidor esclarece que nunca houve qualquer informa\u00e7\u00e3o por parte do servidor que \u201cdesde o ano 2018 tenha informado reiteradamente ao TSE de que existam falhas de fiscaliza\u00e7\u00e3o e acompanhamento na veicula\u00e7\u00e3o de inser\u00e7\u00f5es de propaganda eleitoral gratuita.<\/p>\n\n\n\n<p>G1<\/p>\n","protected":false},"excerpt":{"rendered":"<p>Um servidor exonerado nesta ter\u00e7a-feira (25) pelo\u00a0Tribunal Superior Eleitoral\u00a0(TSE) procurou a\u00a0Pol\u00edcia Federal\u00a0para fazer acusa\u00e7\u00f5es contra o tribunal. Alexandre Machado disse em depoimento ter sido demitido ap\u00f3s ter relatado a superiores problemas na veicula\u00e7\u00e3o em uma r\u00e1dio da propaganda da campanha \u00e0 reelei\u00e7\u00e3o do presidente\u00a0Jair Bolsonaro\u00a0(PL), o que corroboraria a\u00a0den\u00fancia feita\u00a0pelo ministro das Comunica\u00e7\u00f5es,\u00a0F\u00e1bio Faria, de<br \/><a class=\"more-link\" href=\"https:\/\/justicapotiguar.com.br\/index.php\/2022\/10\/26\/tse-diz-que-servidor-foi-exonerado-por-suspeita-de-assedio-moral-e-que-deu-depoimento-a-pf-com-afirmacoes-falsas-e-mentirosas\/\">Mais&#8230;<\/a><\/p>\n","protected":false},"author":5,"featured_media":0,"comment_status":"open","ping_status":"open","sticky":false,"template":"","format":"standard","meta":[],"categories":[1],"tags":[],"_links":{"self":[{"href":"https:\/\/justicapotiguar.com.br\/index.php\/wp-json\/wp\/v2\/posts\/28821"}],"collection":[{"href":"https:\/\/justicapotiguar.com.br\/index.php\/wp-json\/wp\/v2\/posts"}],"about":[{"href":"https:\/\/justicapotiguar.com.br\/index.php\/wp-json\/wp\/v2\/types\/post"}],"author":[{"embeddable":true,"href":"https:\/\/justicapotiguar.com.br\/index.php\/wp-json\/wp\/v2\/users\/5"}],"replies":[{"embeddable":true,"href":"https:\/\/justicapotiguar.com.br\/index.php\/wp-json\/wp\/v2\/comments?post=28821"}],"version-history":[{"count":1,"href":"https:\/\/justicapotiguar.com.br\/index.php\/wp-json\/wp\/v2\/posts\/28821\/revisions"}],"predecessor-version":[{"id":28822,"href":"https:\/\/justicapotiguar.com.br\/index.php\/wp-json\/wp\/v2\/posts\/28821\/revisions\/28822"}],"wp:attachment":[{"href":"https:\/\/justicapotiguar.com.br\/index.php\/wp-json\/wp\/v2\/media?parent=28821"}],"wp:term":[{"taxonomy":"category","embeddable":true,"href":"https:\/\/justicapotiguar.com.br\/index.php\/wp-json\/wp\/v2\/categories?post=28821"},{"taxonomy":"post_tag","embeddable":true,"href":"https:\/\/justicapotiguar.com.br\/index.php\/wp-json\/wp\/v2\/tags?post=28821"}],"curies":[{"name":"wp","href":"https:\/\/api.w.org\/{rel}","templated":true}]}}