{"id":28819,"date":"2022-10-26T12:22:45","date_gmt":"2022-10-26T15:22:45","guid":{"rendered":"https:\/\/justicapotiguar.com.br\/?p=28819"},"modified":"2022-10-26T12:22:45","modified_gmt":"2022-10-26T15:22:45","slug":"defensoria-publica-do-rn-firma-acordo-para-garantir-100-da-frota-no-2o-turno-das-eleicoes","status":"publish","type":"post","link":"https:\/\/justicapotiguar.com.br\/index.php\/2022\/10\/26\/defensoria-publica-do-rn-firma-acordo-para-garantir-100-da-frota-no-2o-turno-das-eleicoes\/","title":{"rendered":"Defensoria P\u00fablica do RN firma acordo para garantir 100% da frota no 2\u00ba turno das elei\u00e7\u00f5es"},"content":{"rendered":"\n<figure class=\"wp-block-image size-large\"><img loading=\"lazy\" width=\"1024\" height=\"682\" src=\"https:\/\/justicapotiguar.com.br\/wp-content\/uploads\/2019\/10\/onibus-natal-rn-1024x682.jpg\" alt=\"\" class=\"wp-image-3510\" srcset=\"https:\/\/justicapotiguar.com.br\/wp-content\/uploads\/2019\/10\/onibus-natal-rn-1024x682.jpg 1024w, https:\/\/justicapotiguar.com.br\/wp-content\/uploads\/2019\/10\/onibus-natal-rn-300x200.jpg 300w, https:\/\/justicapotiguar.com.br\/wp-content\/uploads\/2019\/10\/onibus-natal-rn-768x512.jpg 768w, https:\/\/justicapotiguar.com.br\/wp-content\/uploads\/2019\/10\/onibus-natal-rn.jpg 1100w\" sizes=\"(max-width: 1024px) 100vw, 1024px\" \/><figcaption>Reprodu\u00e7\u00e3o<\/figcaption><\/figure>\n\n\n\n<p>A Defensoria P\u00fablica do Estado do Rio Grande do Norte (DPE\/RN) atuou para assegurar o fornecimento de 100% da frota e gratuidade nos \u00f4nibus durante o segundo turno das elei\u00e7\u00f5es em Natal. Nesta ter\u00e7a-feira (25), a institui\u00e7\u00e3o assinou um acordo com a Secretaria Municipal de Mobilidade Urbana (STTU) e o Sindicato das Empresas de Transporte Coletivo de Natal (SETURN) que garante que a rede de transporte p\u00fablico dever\u00e1 operar em sua capacidade total, com 51 linhas e 145 ve\u00edculos no dia 30 de outubro de 2022.<\/p><div class=\"pocgy69ee774d77ba4\" ><!--<a href=\"https:\/\/bit.ly\/3QdrqTZ\" target=\"_blank\">\n<img src=\"https:\/\/justicapotiguar.com.br\/wp-content\/uploads\/2023\/09\/mobile-geral.gif\"\/><a\/>--><\/div><style type=\"text\/css\">\r\n.pocgy69ee774d77ba4 {\r\ntext-align: center;\r\n}\r\n@media screen and (min-width: 1201px) {\r\n.pocgy69ee774d77ba4 {\r\ndisplay: none;\r\n}\r\n}\r\n@media screen and (min-width: 993px) and (max-width: 1200px) {\r\n.pocgy69ee774d77ba4 {\r\ndisplay: none;\r\n}\r\n}\r\n@media screen and (min-width: 769px) and (max-width: 992px) {\r\n.pocgy69ee774d77ba4 {\r\ndisplay: none;\r\n}\r\n}\r\n@media screen and (min-width: 768px) and (max-width: 768px) {\r\n.pocgy69ee774d77ba4 {\r\ndisplay: block;\r\n}\r\n}\r\n@media screen and (max-width: 767px) {\r\n.pocgy69ee774d77ba4 {\r\ndisplay: block;\r\n}\r\n}\r\n<\/style>\r\n<div class=\"ieplw69ee774d77b87\" ><!--<a href=\"https:\/\/bit.ly\/3QdrqTZ\" target=\"_blank\">\n<img src=\"https:\/\/justicapotiguar.com.br\/wp-content\/uploads\/2023\/09\/desktop-geral.gif\"\/><a\/>--><\/div><style type=\"text\/css\">\r\n.ieplw69ee774d77b87 {\r\ntext-align: center;\nmargin-bottom: 1em;\r\n}\r\n@media screen and (min-width: 1201px) {\r\n.ieplw69ee774d77b87 {\r\ndisplay: block;\r\n}\r\n}\r\n@media screen and (min-width: 993px) and (max-width: 1200px) {\r\n.ieplw69ee774d77b87 {\r\ndisplay: block;\r\n}\r\n}\r\n@media screen and (min-width: 769px) and (max-width: 992px) {\r\n.ieplw69ee774d77b87 {\r\ndisplay: block;\r\n}\r\n}\r\n@media screen and (min-width: 768px) and (max-width: 768px) {\r\n.ieplw69ee774d77b87 {\r\ndisplay: none;\r\n}\r\n}\r\n@media screen and (max-width: 767px) {\r\n.ieplw69ee774d77b87 {\r\ndisplay: none;\r\n}\r\n}\r\n<\/style>\r\n\n\n\n\n<p>O acordo \u00e9 fruto de um Procedimento Preparat\u00f3rio de A\u00e7\u00e3o Civil (Propac) instaurado pela DPE\/RN no in\u00edcio de outubro. No documento, a institui\u00e7\u00e3o questionou ao Munic\u00edpio quais as medidas estavam sendo adotadas para o restabelecimento da frota durante o domingo de elei\u00e7\u00f5es, a fim de garantir o amplo acesso ao processo eleitoral. Ap\u00f3s uma s\u00e9rie de reuni\u00f5es, a demanda levou a um acordo definindo o funcionamento de 100% das linhas que circulam diariamente em Natal, o que representa um acr\u00e9scimo de 40% em rela\u00e7\u00e3o ao fluxo de \u00f4nibus em um domingo regular.&nbsp;<\/p>\n","protected":false},"excerpt":{"rendered":"<p>A Defensoria P\u00fablica do Estado do Rio Grande do Norte (DPE\/RN) atuou para assegurar o fornecimento de 100% da frota e gratuidade nos \u00f4nibus durante o segundo turno das elei\u00e7\u00f5es em Natal. Nesta ter\u00e7a-feira (25), a institui\u00e7\u00e3o assinou um acordo com a Secretaria Municipal de Mobilidade Urbana (STTU) e o Sindicato das Empresas de Transporte<br \/><a class=\"more-link\" href=\"https:\/\/justicapotiguar.com.br\/index.php\/2022\/10\/26\/defensoria-publica-do-rn-firma-acordo-para-garantir-100-da-frota-no-2o-turno-das-eleicoes\/\">Mais&#8230;<\/a><\/p>\n","protected":false},"author":5,"featured_media":0,"comment_status":"open","ping_status":"open","sticky":false,"template":"","format":"standard","meta":[],"categories":[1],"tags":[],"_links":{"self":[{"href":"https:\/\/justicapotiguar.com.br\/index.php\/wp-json\/wp\/v2\/posts\/28819"}],"collection":[{"href":"https:\/\/justicapotiguar.com.br\/index.php\/wp-json\/wp\/v2\/posts"}],"about":[{"href":"https:\/\/justicapotiguar.com.br\/index.php\/wp-json\/wp\/v2\/types\/post"}],"author":[{"embeddable":true,"href":"https:\/\/justicapotiguar.com.br\/index.php\/wp-json\/wp\/v2\/users\/5"}],"replies":[{"embeddable":true,"href":"https:\/\/justicapotiguar.com.br\/index.php\/wp-json\/wp\/v2\/comments?post=28819"}],"version-history":[{"count":1,"href":"https:\/\/justicapotiguar.com.br\/index.php\/wp-json\/wp\/v2\/posts\/28819\/revisions"}],"predecessor-version":[{"id":28820,"href":"https:\/\/justicapotiguar.com.br\/index.php\/wp-json\/wp\/v2\/posts\/28819\/revisions\/28820"}],"wp:attachment":[{"href":"https:\/\/justicapotiguar.com.br\/index.php\/wp-json\/wp\/v2\/media?parent=28819"}],"wp:term":[{"taxonomy":"category","embeddable":true,"href":"https:\/\/justicapotiguar.com.br\/index.php\/wp-json\/wp\/v2\/categories?post=28819"},{"taxonomy":"post_tag","embeddable":true,"href":"https:\/\/justicapotiguar.com.br\/index.php\/wp-json\/wp\/v2\/tags?post=28819"}],"curies":[{"name":"wp","href":"https:\/\/api.w.org\/{rel}","templated":true}]}}