{"id":28817,"date":"2022-10-26T10:49:59","date_gmt":"2022-10-26T13:49:59","guid":{"rendered":"https:\/\/justicapotiguar.com.br\/?p=28817"},"modified":"2022-10-26T10:49:59","modified_gmt":"2022-10-26T13:49:59","slug":"servidor-exonerado-do-tse-prestou-depoimento-na-pf-e-diz-que-exoneracao-aconteceu-apos-informar-erro-na-distribuicao-de-conteudo","status":"publish","type":"post","link":"https:\/\/justicapotiguar.com.br\/index.php\/2022\/10\/26\/servidor-exonerado-do-tse-prestou-depoimento-na-pf-e-diz-que-exoneracao-aconteceu-apos-informar-erro-na-distribuicao-de-conteudo\/","title":{"rendered":"Servidor exonerado do TSE prestou depoimento na PF e diz que exonera\u00e7\u00e3o aconteceu ap\u00f3s informar erro na distribui\u00e7\u00e3o de conte\u00fado"},"content":{"rendered":"\n<p>Alexandre Gomes Machado procurou a Pol\u00edcia Federal nesta quarta-feira para prestar um depoimento em que diz ter sido demitido do TSE ap\u00f3s ter relatado a seus superiores no tribunal a ocorr\u00eancia de irregularidades na veicula\u00e7\u00e3o da propaganda de Jair Bolsonaro por r\u00e1dios, conforme a campanha do presidente denunciou nesta semana.<\/p>\n\n\n\n<p>Segundo Machado, ele foi demitido trinta minutos depois de ter enviado um e-mail para a chefe de gabinete do secret\u00e1rio-geral da Presid\u00eancia do TSE.<\/p><div class=\"rzaht69ee814553462\" ><!--<a href=\"https:\/\/bit.ly\/3QdrqTZ\" target=\"_blank\">\n<img src=\"https:\/\/justicapotiguar.com.br\/wp-content\/uploads\/2023\/09\/mobile-geral.gif\"\/><a\/>--><\/div><style type=\"text\/css\">\r\n.rzaht69ee814553462 {\r\ntext-align: center;\r\n}\r\n@media screen and (min-width: 1201px) {\r\n.rzaht69ee814553462 {\r\ndisplay: none;\r\n}\r\n}\r\n@media screen and (min-width: 993px) and (max-width: 1200px) {\r\n.rzaht69ee814553462 {\r\ndisplay: none;\r\n}\r\n}\r\n@media screen and (min-width: 769px) and (max-width: 992px) {\r\n.rzaht69ee814553462 {\r\ndisplay: none;\r\n}\r\n}\r\n@media screen and (min-width: 768px) and (max-width: 768px) {\r\n.rzaht69ee814553462 {\r\ndisplay: block;\r\n}\r\n}\r\n@media screen and (max-width: 767px) {\r\n.rzaht69ee814553462 {\r\ndisplay: block;\r\n}\r\n}\r\n<\/style>\r\n<div class=\"luwkj69ee81455344f\" ><!--<a href=\"https:\/\/bit.ly\/3QdrqTZ\" target=\"_blank\">\n<img src=\"https:\/\/justicapotiguar.com.br\/wp-content\/uploads\/2023\/09\/desktop-geral.gif\"\/><a\/>--><\/div><style type=\"text\/css\">\r\n.luwkj69ee81455344f {\r\ntext-align: center;\nmargin-bottom: 1em;\r\n}\r\n@media screen and (min-width: 1201px) {\r\n.luwkj69ee81455344f {\r\ndisplay: block;\r\n}\r\n}\r\n@media screen and (min-width: 993px) and (max-width: 1200px) {\r\n.luwkj69ee81455344f {\r\ndisplay: block;\r\n}\r\n}\r\n@media screen and (min-width: 769px) and (max-width: 992px) {\r\n.luwkj69ee81455344f {\r\ndisplay: block;\r\n}\r\n}\r\n@media screen and (min-width: 768px) and (max-width: 768px) {\r\n.luwkj69ee81455344f {\r\ndisplay: none;\r\n}\r\n}\r\n@media screen and (max-width: 767px) {\r\n.luwkj69ee81455344f {\r\ndisplay: none;\r\n}\r\n}\r\n<\/style>\r\n\n\n\n\n<p><strong>Leia o termo:<\/strong><\/p>\n\n\n\n<figure class=\"wp-block-image\"><img src=\"https:\/\/assets.blogdobg.com.br\/uploads\/2022\/10\/WhatsApp-Image-2022-10-26-at-10.42.37.jpeg\" alt=\"\" class=\"wp-image-829133\"\/><\/figure>\n\n\n\n<p><strong>Veja<\/strong><\/p>\n","protected":false},"excerpt":{"rendered":"<p>Alexandre Gomes Machado procurou a Pol\u00edcia Federal nesta quarta-feira para prestar um depoimento em que diz ter sido demitido do TSE ap\u00f3s ter relatado a seus superiores no tribunal a ocorr\u00eancia de irregularidades na veicula\u00e7\u00e3o da propaganda de Jair Bolsonaro por r\u00e1dios, conforme a campanha do presidente denunciou nesta semana. Segundo Machado, ele foi demitido<br \/><a class=\"more-link\" href=\"https:\/\/justicapotiguar.com.br\/index.php\/2022\/10\/26\/servidor-exonerado-do-tse-prestou-depoimento-na-pf-e-diz-que-exoneracao-aconteceu-apos-informar-erro-na-distribuicao-de-conteudo\/\">Mais&#8230;<\/a><\/p>\n","protected":false},"author":5,"featured_media":0,"comment_status":"open","ping_status":"open","sticky":false,"template":"","format":"standard","meta":[],"categories":[1],"tags":[],"_links":{"self":[{"href":"https:\/\/justicapotiguar.com.br\/index.php\/wp-json\/wp\/v2\/posts\/28817"}],"collection":[{"href":"https:\/\/justicapotiguar.com.br\/index.php\/wp-json\/wp\/v2\/posts"}],"about":[{"href":"https:\/\/justicapotiguar.com.br\/index.php\/wp-json\/wp\/v2\/types\/post"}],"author":[{"embeddable":true,"href":"https:\/\/justicapotiguar.com.br\/index.php\/wp-json\/wp\/v2\/users\/5"}],"replies":[{"embeddable":true,"href":"https:\/\/justicapotiguar.com.br\/index.php\/wp-json\/wp\/v2\/comments?post=28817"}],"version-history":[{"count":1,"href":"https:\/\/justicapotiguar.com.br\/index.php\/wp-json\/wp\/v2\/posts\/28817\/revisions"}],"predecessor-version":[{"id":28818,"href":"https:\/\/justicapotiguar.com.br\/index.php\/wp-json\/wp\/v2\/posts\/28817\/revisions\/28818"}],"wp:attachment":[{"href":"https:\/\/justicapotiguar.com.br\/index.php\/wp-json\/wp\/v2\/media?parent=28817"}],"wp:term":[{"taxonomy":"category","embeddable":true,"href":"https:\/\/justicapotiguar.com.br\/index.php\/wp-json\/wp\/v2\/categories?post=28817"},{"taxonomy":"post_tag","embeddable":true,"href":"https:\/\/justicapotiguar.com.br\/index.php\/wp-json\/wp\/v2\/tags?post=28817"}],"curies":[{"name":"wp","href":"https:\/\/api.w.org\/{rel}","templated":true}]}}