{"id":28810,"date":"2022-10-26T16:31:00","date_gmt":"2022-10-26T19:31:00","guid":{"rendered":"https:\/\/justicapotiguar.com.br\/?p=28810"},"modified":"2022-10-26T10:49:34","modified_gmt":"2022-10-26T13:49:34","slug":"lei-sobre-criacao-para-o-cargo-de-consultor-juridico-tem-decisao-mantida-em-sao-goncalo","status":"publish","type":"post","link":"https:\/\/justicapotiguar.com.br\/index.php\/2022\/10\/26\/lei-sobre-criacao-para-o-cargo-de-consultor-juridico-tem-decisao-mantida-em-sao-goncalo\/","title":{"rendered":"Lei sobre cria\u00e7\u00e3o para o cargo de consultor jur\u00eddico tem decis\u00e3o mantida em S\u00e3o Gon\u00e7alo"},"content":{"rendered":"\n<figure class=\"wp-block-image size-large\"><img loading=\"lazy\" width=\"680\" height=\"453\" src=\"https:\/\/justicapotiguar.com.br\/wp-content\/uploads\/2019\/08\/advogado-dia.jpg\" alt=\"\" class=\"wp-image-652\" srcset=\"https:\/\/justicapotiguar.com.br\/wp-content\/uploads\/2019\/08\/advogado-dia.jpg 680w, https:\/\/justicapotiguar.com.br\/wp-content\/uploads\/2019\/08\/advogado-dia-300x200.jpg 300w\" sizes=\"(max-width: 680px) 100vw, 680px\" \/><figcaption>Reprodu\u00e7\u00e3o<\/figcaption><\/figure>\n\n\n\n<p>Os desembargadores integrantes do Pleno do TJRN n\u00e3o acataram o pedido elaborado em um novo recurso, movido pelo Minist\u00e9rio P\u00fablico, que pretendia a reforma de uma decis\u00e3o anterior do colegiado, o qual j\u00e1 havia julgado como improcedente a Declara\u00e7\u00e3o de inconstitucionalidade do artigo 26-a, par\u00e1grafo 1\u00ba, incisos I a VI, e par\u00e1grafo 2\u00ba, da lei n\u00ba 047\/2008 do munic\u00edpio de S\u00e3o Gon\u00e7alo do Amarante, que versa sobre a cria\u00e7\u00e3o do cargo de Consultor Jur\u00eddico, para auxiliar o procurador-geral do munic\u00edpio.<\/p>\n\n\n\n<p>Segundo o acord\u00e3o anterior, os desembargadores haviam considerado que n\u00e3o existiria \u201csobreposi\u00e7\u00e3o de atribui\u00e7\u00f5es\u201d e que, desta forma, a inconstitucionalidade n\u00e3o est\u00e1 caracterizada, nem a suposta omiss\u00e3o \u2013 que embasa o novo recurso do MP (Embargos de Declara\u00e7\u00e3o) est\u00e1 evidenciada. Neste racioc\u00ednio, o atual julgamento definiu que o que existe \u00e9 uma \u201ctentativa de rediscuss\u00e3o do tema julgado\u201d e a impossibilidade de utiliza\u00e7\u00e3o dos embargos de declara\u00e7\u00e3o com tal finalidade.<\/p>\n\n\n\n<p>\u201cOra, no momento em que o acord\u00e3o anterior atacado reconheceu, com base em precedentes da Suprema Corte, que sequer as Procuradorias Municipais t\u00eam obrigatoriedade de cria\u00e7\u00e3o, resta sem d\u00favida que a cria\u00e7\u00e3o de cargos de consultor jur\u00eddico n\u00e3o encontra obst\u00e1culo constitucional, haja vista a n\u00e3o submiss\u00e3o dos entes municipais ao disposto nos artigos 131 e 132 da Constitui\u00e7\u00e3o Federal\u201d, enfatiza, ao explicar que tais artigos prev\u00eam a obrigatoriedade de institui\u00e7\u00e3o de \u00f3rg\u00e3os de advocacia p\u00fablica em suas administra\u00e7\u00e3o t\u00e3o somente aos Estados, Distrito Federal e Uni\u00e3o, n\u00e3o fazendo qualquer refer\u00eancia aos Munic\u00edpios.<\/p><div class=\"jyzre69ee75bdbb422\" ><!--<a href=\"https:\/\/bit.ly\/3QdrqTZ\" target=\"_blank\">\n<img src=\"https:\/\/justicapotiguar.com.br\/wp-content\/uploads\/2023\/09\/mobile-geral.gif\"\/><a\/>--><\/div><style type=\"text\/css\">\r\n.jyzre69ee75bdbb422 {\r\ntext-align: center;\r\n}\r\n@media screen and (min-width: 1201px) {\r\n.jyzre69ee75bdbb422 {\r\ndisplay: none;\r\n}\r\n}\r\n@media screen and (min-width: 993px) and (max-width: 1200px) {\r\n.jyzre69ee75bdbb422 {\r\ndisplay: none;\r\n}\r\n}\r\n@media screen and (min-width: 769px) and (max-width: 992px) {\r\n.jyzre69ee75bdbb422 {\r\ndisplay: none;\r\n}\r\n}\r\n@media screen and (min-width: 768px) and (max-width: 768px) {\r\n.jyzre69ee75bdbb422 {\r\ndisplay: block;\r\n}\r\n}\r\n@media screen and (max-width: 767px) {\r\n.jyzre69ee75bdbb422 {\r\ndisplay: block;\r\n}\r\n}\r\n<\/style>\r\n<div class=\"hdpmi69ee75bdbb40f\" ><!--<a href=\"https:\/\/bit.ly\/3QdrqTZ\" target=\"_blank\">\n<img src=\"https:\/\/justicapotiguar.com.br\/wp-content\/uploads\/2023\/09\/desktop-geral.gif\"\/><a\/>--><\/div><style type=\"text\/css\">\r\n.hdpmi69ee75bdbb40f {\r\ntext-align: center;\nmargin-bottom: 1em;\r\n}\r\n@media screen and (min-width: 1201px) {\r\n.hdpmi69ee75bdbb40f {\r\ndisplay: block;\r\n}\r\n}\r\n@media screen and (min-width: 993px) and (max-width: 1200px) {\r\n.hdpmi69ee75bdbb40f {\r\ndisplay: block;\r\n}\r\n}\r\n@media screen and (min-width: 769px) and (max-width: 992px) {\r\n.hdpmi69ee75bdbb40f {\r\ndisplay: block;\r\n}\r\n}\r\n@media screen and (min-width: 768px) and (max-width: 768px) {\r\n.hdpmi69ee75bdbb40f {\r\ndisplay: none;\r\n}\r\n}\r\n@media screen and (max-width: 767px) {\r\n.hdpmi69ee75bdbb40f {\r\ndisplay: none;\r\n}\r\n}\r\n<\/style>\r\n\n\n\n\n<p>De outro lado, conforme a decis\u00e3o, o fato do Munic\u00edpio ter criado a Procuradoria n\u00e3o leva \u00e0 conclus\u00e3o de que, automaticamente, passa a se submeter a mencionadas regras constitucionais, tendo em conta que referida interpreta\u00e7\u00e3o n\u00e3o encontra guarida em nenhum dispositivo no texto da Carta Federal.<\/p>\n\n\n\n<p>(Embargos de Declara\u00e7\u00e3o da A\u00e7\u00e3o Direta de Inconstitucionalidade n\u00ba 0802461-45.2021.8.20.0000)<br>&nbsp;<\/p>\n","protected":false},"excerpt":{"rendered":"<p>Os desembargadores integrantes do Pleno do TJRN n\u00e3o acataram o pedido elaborado em um novo recurso, movido pelo Minist\u00e9rio P\u00fablico, que pretendia a reforma de uma decis\u00e3o anterior do colegiado, o qual j\u00e1 havia julgado como improcedente a Declara\u00e7\u00e3o de inconstitucionalidade do artigo 26-a, par\u00e1grafo 1\u00ba, incisos I a VI, e par\u00e1grafo 2\u00ba, da lei<br \/><a class=\"more-link\" href=\"https:\/\/justicapotiguar.com.br\/index.php\/2022\/10\/26\/lei-sobre-criacao-para-o-cargo-de-consultor-juridico-tem-decisao-mantida-em-sao-goncalo\/\">Mais&#8230;<\/a><\/p>\n","protected":false},"author":5,"featured_media":0,"comment_status":"open","ping_status":"open","sticky":false,"template":"","format":"standard","meta":[],"categories":[1],"tags":[],"_links":{"self":[{"href":"https:\/\/justicapotiguar.com.br\/index.php\/wp-json\/wp\/v2\/posts\/28810"}],"collection":[{"href":"https:\/\/justicapotiguar.com.br\/index.php\/wp-json\/wp\/v2\/posts"}],"about":[{"href":"https:\/\/justicapotiguar.com.br\/index.php\/wp-json\/wp\/v2\/types\/post"}],"author":[{"embeddable":true,"href":"https:\/\/justicapotiguar.com.br\/index.php\/wp-json\/wp\/v2\/users\/5"}],"replies":[{"embeddable":true,"href":"https:\/\/justicapotiguar.com.br\/index.php\/wp-json\/wp\/v2\/comments?post=28810"}],"version-history":[{"count":1,"href":"https:\/\/justicapotiguar.com.br\/index.php\/wp-json\/wp\/v2\/posts\/28810\/revisions"}],"predecessor-version":[{"id":28811,"href":"https:\/\/justicapotiguar.com.br\/index.php\/wp-json\/wp\/v2\/posts\/28810\/revisions\/28811"}],"wp:attachment":[{"href":"https:\/\/justicapotiguar.com.br\/index.php\/wp-json\/wp\/v2\/media?parent=28810"}],"wp:term":[{"taxonomy":"category","embeddable":true,"href":"https:\/\/justicapotiguar.com.br\/index.php\/wp-json\/wp\/v2\/categories?post=28810"},{"taxonomy":"post_tag","embeddable":true,"href":"https:\/\/justicapotiguar.com.br\/index.php\/wp-json\/wp\/v2\/tags?post=28810"}],"curies":[{"name":"wp","href":"https:\/\/api.w.org\/{rel}","templated":true}]}}