{"id":28808,"date":"2022-10-26T17:28:00","date_gmt":"2022-10-26T20:28:00","guid":{"rendered":"https:\/\/justicapotiguar.com.br\/?p=28808"},"modified":"2022-10-26T12:21:51","modified_gmt":"2022-10-26T15:21:51","slug":"parnamirim-mp-pede-ao-judiciario-que-determine-a-extincao-de-agentes-de-endemias-nao-concursados","status":"publish","type":"post","link":"https:\/\/justicapotiguar.com.br\/index.php\/2022\/10\/26\/parnamirim-mp-pede-ao-judiciario-que-determine-a-extincao-de-agentes-de-endemias-nao-concursados\/","title":{"rendered":"Parnamirim: MP pede ao Judici\u00e1rio que determine a extin\u00e7\u00e3o de agentes de endemias n\u00e3o concursados"},"content":{"rendered":"\n<figure class=\"wp-block-image size-large\"><img loading=\"lazy\" width=\"400\" height=\"266\" src=\"https:\/\/justicapotiguar.com.br\/wp-content\/uploads\/2020\/03\/AGENTE-DE-SAUDE-17-10.png\" alt=\"\" class=\"wp-image-7599\" srcset=\"https:\/\/justicapotiguar.com.br\/wp-content\/uploads\/2020\/03\/AGENTE-DE-SAUDE-17-10.png 400w, https:\/\/justicapotiguar.com.br\/wp-content\/uploads\/2020\/03\/AGENTE-DE-SAUDE-17-10-300x200.png 300w\" sizes=\"(max-width: 400px) 100vw, 400px\" \/><figcaption>Reprodu\u00e7\u00e3o<\/figcaption><\/figure>\n\n\n\n<p>O Minist\u00e9rio P\u00fablico do Rio Grande do Norte (MPRN) est\u00e1 movendo uma a\u00e7\u00e3o judicial para que a Prefeitura de Parnamirim seja obrigada a tornar extintos os v\u00ednculos funcionais de todos os agentes de combate \u00e0s endemias que n\u00e3o tiverem passado por sele\u00e7\u00e3o p\u00fablica. O objetivo \u00e9 que o Munic\u00edpio convoque os candidatos aprovados em concurso p\u00fablico para o cargo, na quantidade necess\u00e1ria para suprir a necessidade decorrente da extin\u00e7\u00e3o de v\u00ednculos mencionada.<\/p>\n\n\n\n<p>A 1\u00aa Promotoria de Justi\u00e7a da Comarca tentou por vias extrajudiciais que a Prefeitura regularizasse a situa\u00e7\u00e3o, por\u00e9m, n\u00e3o obteve \u00eaxito diante da in\u00e9rcia da gest\u00e3o p\u00fablica municipal. Em setembro passado, inclusive, a unidade ministerial emitiu uma recomenda\u00e7\u00e3o que versava justamente sobre a necessidade da extin\u00e7\u00e3o dos v\u00ednculos funcionais de agentes que n\u00e3o tivessem sido aprovados em concurso p\u00fablico.<\/p>\n\n\n\n<p>No caso, o MPRN apurou que os atuais agentes de combate \u00e0s endemias haviam sido beneficiados pelas disposi\u00e7\u00f5es de duas leis complementares municipais (n. 023\/2007\/ n. 052\/2011) que tendiam a reconhecer os v\u00ednculos inconstitucionais das pessoas ocupantes desses cargos.<\/p><div class=\"wcpek69ee88cee58ab\" ><!--<a href=\"https:\/\/bit.ly\/3QdrqTZ\" target=\"_blank\">\n<img src=\"https:\/\/justicapotiguar.com.br\/wp-content\/uploads\/2023\/09\/mobile-geral.gif\"\/><a\/>--><\/div><style type=\"text\/css\">\r\n.wcpek69ee88cee58ab {\r\ntext-align: center;\r\n}\r\n@media screen and (min-width: 1201px) {\r\n.wcpek69ee88cee58ab {\r\ndisplay: none;\r\n}\r\n}\r\n@media screen and (min-width: 993px) and (max-width: 1200px) {\r\n.wcpek69ee88cee58ab {\r\ndisplay: none;\r\n}\r\n}\r\n@media screen and (min-width: 769px) and (max-width: 992px) {\r\n.wcpek69ee88cee58ab {\r\ndisplay: none;\r\n}\r\n}\r\n@media screen and (min-width: 768px) and (max-width: 768px) {\r\n.wcpek69ee88cee58ab {\r\ndisplay: block;\r\n}\r\n}\r\n@media screen and (max-width: 767px) {\r\n.wcpek69ee88cee58ab {\r\ndisplay: block;\r\n}\r\n}\r\n<\/style>\r\n<div class=\"akzil69ee88cee588f\" ><!--<a href=\"https:\/\/bit.ly\/3QdrqTZ\" target=\"_blank\">\n<img src=\"https:\/\/justicapotiguar.com.br\/wp-content\/uploads\/2023\/09\/desktop-geral.gif\"\/><a\/>--><\/div><style type=\"text\/css\">\r\n.akzil69ee88cee588f {\r\ntext-align: center;\nmargin-bottom: 1em;\r\n}\r\n@media screen and (min-width: 1201px) {\r\n.akzil69ee88cee588f {\r\ndisplay: block;\r\n}\r\n}\r\n@media screen and (min-width: 993px) and (max-width: 1200px) {\r\n.akzil69ee88cee588f {\r\ndisplay: block;\r\n}\r\n}\r\n@media screen and (min-width: 769px) and (max-width: 992px) {\r\n.akzil69ee88cee588f {\r\ndisplay: block;\r\n}\r\n}\r\n@media screen and (min-width: 768px) and (max-width: 768px) {\r\n.akzil69ee88cee588f {\r\ndisplay: none;\r\n}\r\n}\r\n@media screen and (max-width: 767px) {\r\n.akzil69ee88cee588f {\r\ndisplay: none;\r\n}\r\n}\r\n<\/style>\r\n\n\n\n\n<p>A investiga\u00e7\u00e3o \u00e9 pertinente a um inqu\u00e9rito civil instaurado para apurar a legalidade do v\u00ednculo supostamente efetivo de parte desses agentes. O MPRN levou em considera\u00e7\u00e3o ind\u00edcios de que essas pessoas n\u00e3o tinham sido admitidas por meio de processo seletivo p\u00fablico.<\/p>\n\n\n\n<p>A investidura em cargo ou emprego p\u00fablico depende de aprova\u00e7\u00e3o pr\u00e9via em concurso p\u00fablico de provas ou de provas e t\u00edtulos, de acordo com a natureza e a complexidade do cargo ou emprego, na forma prevista em lei, ressalvadas as nomea\u00e7\u00f5es para cargo em comiss\u00e3o declarado em lei de livre nomea\u00e7\u00e3o e exonera\u00e7\u00e3o. No caso de agentes de endemias, deve ser realizado o pr\u00e9vio processo seletivo p\u00fablico.<\/p>\n\n\n\n<p>Leia a ACP na \u00edntegra, clicando&nbsp;<a href=\"https:\/\/drive.google.com\/file\/d\/1mKtrZGQD2EN4neeJWv57NexH-pVZcFkc\/view?usp=sharing\">aqui<\/a>.<\/p>\n","protected":false},"excerpt":{"rendered":"<p>O Minist\u00e9rio P\u00fablico do Rio Grande do Norte (MPRN) est\u00e1 movendo uma a\u00e7\u00e3o judicial para que a Prefeitura de Parnamirim seja obrigada a tornar extintos os v\u00ednculos funcionais de todos os agentes de combate \u00e0s endemias que n\u00e3o tiverem passado por sele\u00e7\u00e3o p\u00fablica. O objetivo \u00e9 que o Munic\u00edpio convoque os candidatos aprovados em concurso<br \/><a class=\"more-link\" href=\"https:\/\/justicapotiguar.com.br\/index.php\/2022\/10\/26\/parnamirim-mp-pede-ao-judiciario-que-determine-a-extincao-de-agentes-de-endemias-nao-concursados\/\">Mais&#8230;<\/a><\/p>\n","protected":false},"author":5,"featured_media":0,"comment_status":"open","ping_status":"open","sticky":false,"template":"","format":"standard","meta":[],"categories":[1],"tags":[],"_links":{"self":[{"href":"https:\/\/justicapotiguar.com.br\/index.php\/wp-json\/wp\/v2\/posts\/28808"}],"collection":[{"href":"https:\/\/justicapotiguar.com.br\/index.php\/wp-json\/wp\/v2\/posts"}],"about":[{"href":"https:\/\/justicapotiguar.com.br\/index.php\/wp-json\/wp\/v2\/types\/post"}],"author":[{"embeddable":true,"href":"https:\/\/justicapotiguar.com.br\/index.php\/wp-json\/wp\/v2\/users\/5"}],"replies":[{"embeddable":true,"href":"https:\/\/justicapotiguar.com.br\/index.php\/wp-json\/wp\/v2\/comments?post=28808"}],"version-history":[{"count":1,"href":"https:\/\/justicapotiguar.com.br\/index.php\/wp-json\/wp\/v2\/posts\/28808\/revisions"}],"predecessor-version":[{"id":28809,"href":"https:\/\/justicapotiguar.com.br\/index.php\/wp-json\/wp\/v2\/posts\/28808\/revisions\/28809"}],"wp:attachment":[{"href":"https:\/\/justicapotiguar.com.br\/index.php\/wp-json\/wp\/v2\/media?parent=28808"}],"wp:term":[{"taxonomy":"category","embeddable":true,"href":"https:\/\/justicapotiguar.com.br\/index.php\/wp-json\/wp\/v2\/categories?post=28808"},{"taxonomy":"post_tag","embeddable":true,"href":"https:\/\/justicapotiguar.com.br\/index.php\/wp-json\/wp\/v2\/tags?post=28808"}],"curies":[{"name":"wp","href":"https:\/\/api.w.org\/{rel}","templated":true}]}}