{"id":28766,"date":"2022-10-24T12:18:00","date_gmt":"2022-10-24T15:18:00","guid":{"rendered":"https:\/\/justicapotiguar.com.br\/?p=28766"},"modified":"2022-10-24T09:19:49","modified_gmt":"2022-10-24T12:19:49","slug":"stf-decidira-se-ente-publico-pode-contratar-advogado-sem-licitacao","status":"publish","type":"post","link":"https:\/\/justicapotiguar.com.br\/index.php\/2022\/10\/24\/stf-decidira-se-ente-publico-pode-contratar-advogado-sem-licitacao\/","title":{"rendered":"STF decidir\u00e1 se ente p\u00fablico pode contratar advogado sem licita\u00e7\u00e3o"},"content":{"rendered":"\n<p>O STF deve decidir na quarta-feira, 26, se entes p\u00fablicos podem contratar advogados sem licita\u00e7\u00e3o. O tema est\u00e1 na pauta da sess\u00e3o plen\u00e1ria por meio de tr\u00eas a\u00e7\u00f5es: a ADC 45, de relatoria do ministro Barroso, na qual a OAB pede a validade da contrata\u00e7\u00e3o de advogados sem licita\u00e7\u00e3o; e dois REs (610.523 e 656.558), com mesmo tema, de relatoria de Dias Toffoli.<\/p>\n\n\n\n<figure class=\"wp-block-image size-large\"><img loading=\"lazy\" width=\"680\" height=\"453\" src=\"https:\/\/justicapotiguar.com.br\/wp-content\/uploads\/2019\/08\/advogado-dia.jpg\" alt=\"\" class=\"wp-image-652\" srcset=\"https:\/\/justicapotiguar.com.br\/wp-content\/uploads\/2019\/08\/advogado-dia.jpg 680w, https:\/\/justicapotiguar.com.br\/wp-content\/uploads\/2019\/08\/advogado-dia-300x200.jpg 300w\" sizes=\"(max-width: 680px) 100vw, 680px\" \/><figcaption>Reprodu\u00e7\u00e3o<\/figcaption><\/figure>\n\n\n\n<p>A ADC come\u00e7ou a ser julgada em plen\u00e1rio virtual e chegou a ter maioria pelo provimento parcial ao pedido da OAB. O relator, ministro Lu\u00eds Roberto Barroso, entendeu pela dispensa de licita\u00e7\u00e3o, mas considerou que deveriam ser respeitados dois crit\u00e9rios: inadequa\u00e7\u00e3o da presta\u00e7\u00e3o do servi\u00e7o por integrantes do poder p\u00fablico e cobran\u00e7a de pre\u00e7o compat\u00edvel com o praticado pelo mercado.&nbsp;<\/p>\n\n\n\n<p>Seis ministros acompanharam o voto: Marco Aur\u00e9lio, C\u00e1rmen L\u00facia, Moraes, Fachin, Lewandowski e Toffoli. Mas, ap\u00f3s a OAB solicitar que o julgamento tivesse continuidade em plen\u00e1rio f\u00edsico devido \u00e0 complexidade da mat\u00e9ria, houve pedido de destaque pelo ministro Gilmar, e agora os tr\u00eas processos foram pautados conjuntamente.<\/p>\n\n\n\n<p>Ministro Barroso \u00e9 relator de a\u00e7\u00e3o que discute se ente p\u00fablico pode contratar advogado sem licita\u00e7\u00e3o.(Imagem: Fellipe Sampaio \/SCO\/STF)<br>A lei de licita\u00e7\u00f5es&nbsp;diz que \u00e9 inexig\u00edvel a licita\u00e7\u00e3o quando houver inviabilidade de competi\u00e7\u00e3o, em especial para a contrata\u00e7\u00e3o de servi\u00e7os t\u00e9cnicos de natureza singular, com profissionais ou empresas de not\u00f3ria especializa\u00e7\u00e3o:<\/p>\n\n\n\n<p>Art. 25 &#8211; \u00c9 inexig\u00edvel a licita\u00e7\u00e3o quando houver inviabilidade de competi\u00e7\u00e3o, em especial:<\/p><div class=\"bglrf69ee8411474a7\" ><!--<a href=\"https:\/\/bit.ly\/3QdrqTZ\" target=\"_blank\">\n<img src=\"https:\/\/justicapotiguar.com.br\/wp-content\/uploads\/2023\/09\/mobile-geral.gif\"\/><a\/>--><\/div><style type=\"text\/css\">\r\n.bglrf69ee8411474a7 {\r\ntext-align: center;\r\n}\r\n@media screen and (min-width: 1201px) {\r\n.bglrf69ee8411474a7 {\r\ndisplay: none;\r\n}\r\n}\r\n@media screen and (min-width: 993px) and (max-width: 1200px) {\r\n.bglrf69ee8411474a7 {\r\ndisplay: none;\r\n}\r\n}\r\n@media screen and (min-width: 769px) and (max-width: 992px) {\r\n.bglrf69ee8411474a7 {\r\ndisplay: none;\r\n}\r\n}\r\n@media screen and (min-width: 768px) and (max-width: 768px) {\r\n.bglrf69ee8411474a7 {\r\ndisplay: block;\r\n}\r\n}\r\n@media screen and (max-width: 767px) {\r\n.bglrf69ee8411474a7 {\r\ndisplay: block;\r\n}\r\n}\r\n<\/style>\r\n<div class=\"buuwo69ee841147495\" ><!--<a href=\"https:\/\/bit.ly\/3QdrqTZ\" target=\"_blank\">\n<img src=\"https:\/\/justicapotiguar.com.br\/wp-content\/uploads\/2023\/09\/desktop-geral.gif\"\/><a\/>--><\/div><style type=\"text\/css\">\r\n.buuwo69ee841147495 {\r\ntext-align: center;\nmargin-bottom: 1em;\r\n}\r\n@media screen and (min-width: 1201px) {\r\n.buuwo69ee841147495 {\r\ndisplay: block;\r\n}\r\n}\r\n@media screen and (min-width: 993px) and (max-width: 1200px) {\r\n.buuwo69ee841147495 {\r\ndisplay: block;\r\n}\r\n}\r\n@media screen and (min-width: 769px) and (max-width: 992px) {\r\n.buuwo69ee841147495 {\r\ndisplay: block;\r\n}\r\n}\r\n@media screen and (min-width: 768px) and (max-width: 768px) {\r\n.buuwo69ee841147495 {\r\ndisplay: none;\r\n}\r\n}\r\n@media screen and (max-width: 767px) {\r\n.buuwo69ee841147495 {\r\ndisplay: none;\r\n}\r\n}\r\n<\/style>\r\n\n\n\n\n<p>II &#8211; para a contrata\u00e7\u00e3o de servi\u00e7os t\u00e9cnicos enumerados no art. 13 desta Lei, de natureza singular, com profissionais ou empresas de not\u00f3ria especializa\u00e7\u00e3o, vedada a inexigibilidade para servi\u00e7os de publicidade e divulga\u00e7\u00e3o;<\/p>\n\n\n\n<p>Os REs s\u00e3o relacionados ao mesmo caso: uma a\u00e7\u00e3o do MP\/SP contra a prefeitura de Itatiba\/SP e um escrit\u00f3rio de advogados, por improbidade administrativa. Em 1\u00aa e 2\u00aa inst\u00e2ncias, a a\u00e7\u00e3o foi julgada improcedente, porque n\u00e3o foi constatada ilegalidade ou les\u00e3o ao er\u00e1rio. Mas o STJ considerou que, independentemente de ter havido dolo ou culpa, a contrata\u00e7\u00e3o foi irregular.<\/p>\n\n\n\n<p>No STF, esses dois recursos come\u00e7aram a ser julgados em 2017, quando o relator, ministro Dias Toffoli, entendeu que \u00e9 constitucional a contrata\u00e7\u00e3o desses servi\u00e7os sem licita\u00e7\u00e3o, e, para que o ato configure improbidade administrativa, \u00e9 necess\u00e1ria a comprova\u00e7\u00e3o de dolo ou culpa por parte dos agentes envolvidos. O julgamento foi suspenso e vai ser retomado agora, em an\u00e1lise conjunta com a a\u00e7\u00e3o da OAB.&nbsp;<\/p>\n\n\n\n<p>Processos: ADC 45 e&nbsp; REs 610.523 e 656.558<\/p>\n","protected":false},"excerpt":{"rendered":"<p>O STF deve decidir na quarta-feira, 26, se entes p\u00fablicos podem contratar advogados sem licita\u00e7\u00e3o. O tema est\u00e1 na pauta da sess\u00e3o plen\u00e1ria por meio de tr\u00eas a\u00e7\u00f5es: a ADC 45, de relatoria do ministro Barroso, na qual a OAB pede a validade da contrata\u00e7\u00e3o de advogados sem licita\u00e7\u00e3o; e dois REs (610.523 e 656.558),<br \/><a class=\"more-link\" href=\"https:\/\/justicapotiguar.com.br\/index.php\/2022\/10\/24\/stf-decidira-se-ente-publico-pode-contratar-advogado-sem-licitacao\/\">Mais&#8230;<\/a><\/p>\n","protected":false},"author":5,"featured_media":0,"comment_status":"open","ping_status":"open","sticky":false,"template":"","format":"standard","meta":[],"categories":[1],"tags":[],"_links":{"self":[{"href":"https:\/\/justicapotiguar.com.br\/index.php\/wp-json\/wp\/v2\/posts\/28766"}],"collection":[{"href":"https:\/\/justicapotiguar.com.br\/index.php\/wp-json\/wp\/v2\/posts"}],"about":[{"href":"https:\/\/justicapotiguar.com.br\/index.php\/wp-json\/wp\/v2\/types\/post"}],"author":[{"embeddable":true,"href":"https:\/\/justicapotiguar.com.br\/index.php\/wp-json\/wp\/v2\/users\/5"}],"replies":[{"embeddable":true,"href":"https:\/\/justicapotiguar.com.br\/index.php\/wp-json\/wp\/v2\/comments?post=28766"}],"version-history":[{"count":1,"href":"https:\/\/justicapotiguar.com.br\/index.php\/wp-json\/wp\/v2\/posts\/28766\/revisions"}],"predecessor-version":[{"id":28767,"href":"https:\/\/justicapotiguar.com.br\/index.php\/wp-json\/wp\/v2\/posts\/28766\/revisions\/28767"}],"wp:attachment":[{"href":"https:\/\/justicapotiguar.com.br\/index.php\/wp-json\/wp\/v2\/media?parent=28766"}],"wp:term":[{"taxonomy":"category","embeddable":true,"href":"https:\/\/justicapotiguar.com.br\/index.php\/wp-json\/wp\/v2\/categories?post=28766"},{"taxonomy":"post_tag","embeddable":true,"href":"https:\/\/justicapotiguar.com.br\/index.php\/wp-json\/wp\/v2\/tags?post=28766"}],"curies":[{"name":"wp","href":"https:\/\/api.w.org\/{rel}","templated":true}]}}