{"id":28750,"date":"2022-10-23T09:25:00","date_gmt":"2022-10-23T12:25:00","guid":{"rendered":"https:\/\/justicapotiguar.com.br\/?p=28750"},"modified":"2022-10-22T21:59:47","modified_gmt":"2022-10-23T00:59:47","slug":"por-unanimidade-tse-da-116-respostas-a-lula-no-horario-de-bolsonaro","status":"publish","type":"post","link":"https:\/\/justicapotiguar.com.br\/index.php\/2022\/10\/23\/por-unanimidade-tse-da-116-respostas-a-lula-no-horario-de-bolsonaro\/","title":{"rendered":"Por unanimidade, TSE d\u00e1 116 respostas a Lula no hor\u00e1rio de Bolsonaro"},"content":{"rendered":"\n<p>Por 7 votos a 0, o&nbsp;Tribunal Superior Eleitoral concedeu&nbsp;116 direitos de resposta de Luiz In\u00e1cio Lula da Silva (PT) em propagandas de Jair Bolsonaro (PL).<\/p>\n\n\n\n<figure class=\"wp-block-image\"><img src=\"https:\/\/www.conjur.com.br\/img\/b\/lula-bolsonaro-prometem-nao-ampliar.jpeg\" alt=\"\"\/><figcaption>Plen\u00e1rio virtual determinou que ex-presidente ter\u00e1 direito a 116 inser\u00e7\u00f5es nas propagandas do candidato \u00e0 reelei\u00e7\u00e3o&nbsp;&nbsp;<sup>Reprodu\u00e7\u00e3o\/Band<\/sup>&nbsp;<\/figcaption><\/figure>\n\n\n\n<p>Todos os ministros da Corte acompanharam o&nbsp;voto da relatora,&nbsp;Maria Claudia Bucchianeri.&nbsp;<\/p>\n\n\n\n<p>Em decis\u00e3o monocr\u00e1tica, a relatora Maria Claudia Bucchianeri havia concedido 164&nbsp;direitos de resposta \u00e0 Coliga\u00e7\u00e3o Brasil da Esperan\u00e7a.<\/p>\n\n\n\n<p>Atendendo a um pedido da coliga\u00e7\u00e3o de Bolsonaro, no entanto, a ministra&nbsp;<a href=\"https:\/\/www.conjur.com.br\/2022-out-21\/ministra-tse-suspende-direito-resposta-bolsonaro\" target=\"_blank\" rel=\"noreferrer noopener\">suspendeu<\/a>&nbsp;a decis\u00e3o e remeteu o caso ao colegiado. Neste s\u00e1bado, os ministros decidiram por dar parcial proced\u00eancia ao pedido elaborado pela chapa de Luiz In\u00e1cio Lula da Silva, apenas reduzindo o total para 116 direitos de resposta, que abrangem 24 inser\u00e7\u00f5es em cinco emissoras diferentes.<\/p><div class=\"mmedf69f29324f1a92\" ><!--<a href=\"https:\/\/bit.ly\/3QdrqTZ\" target=\"_blank\">\n<img src=\"https:\/\/justicapotiguar.com.br\/wp-content\/uploads\/2023\/09\/mobile-geral.gif\"\/><a\/>--><\/div><style type=\"text\/css\">\r\n.mmedf69f29324f1a92 {\r\ntext-align: center;\r\n}\r\n@media screen and (min-width: 1201px) {\r\n.mmedf69f29324f1a92 {\r\ndisplay: none;\r\n}\r\n}\r\n@media screen and (min-width: 993px) and (max-width: 1200px) {\r\n.mmedf69f29324f1a92 {\r\ndisplay: none;\r\n}\r\n}\r\n@media screen and (min-width: 769px) and (max-width: 992px) {\r\n.mmedf69f29324f1a92 {\r\ndisplay: none;\r\n}\r\n}\r\n@media screen and (min-width: 768px) and (max-width: 768px) {\r\n.mmedf69f29324f1a92 {\r\ndisplay: block;\r\n}\r\n}\r\n@media screen and (max-width: 767px) {\r\n.mmedf69f29324f1a92 {\r\ndisplay: block;\r\n}\r\n}\r\n<\/style>\r\n<div class=\"rudif69f29324f1a7e\" ><!--<a href=\"https:\/\/bit.ly\/3QdrqTZ\" target=\"_blank\">\n<img src=\"https:\/\/justicapotiguar.com.br\/wp-content\/uploads\/2023\/09\/desktop-geral.gif\"\/><a\/>--><\/div><style type=\"text\/css\">\r\n.rudif69f29324f1a7e {\r\ntext-align: center;\nmargin-bottom: 1em;\r\n}\r\n@media screen and (min-width: 1201px) {\r\n.rudif69f29324f1a7e {\r\ndisplay: block;\r\n}\r\n}\r\n@media screen and (min-width: 993px) and (max-width: 1200px) {\r\n.rudif69f29324f1a7e {\r\ndisplay: block;\r\n}\r\n}\r\n@media screen and (min-width: 769px) and (max-width: 992px) {\r\n.rudif69f29324f1a7e {\r\ndisplay: block;\r\n}\r\n}\r\n@media screen and (min-width: 768px) and (max-width: 768px) {\r\n.rudif69f29324f1a7e {\r\ndisplay: none;\r\n}\r\n}\r\n@media screen and (max-width: 767px) {\r\n.rudif69f29324f1a7e {\r\ndisplay: none;\r\n}\r\n}\r\n<\/style>\r\n\n\n\n\n<p>Nas propagandas que geraram o direito de resposta, uma locutora afirmava que os locais em que Lula teve a maior vota\u00e7\u00e3o no primeiro turno foram em tr\u00eas pres\u00eddios, asseverando que &#8220;os bandidos escolheram Lula para presidente&#8221;. &#8220;\u00c9 a vida da sua fam\u00edlia em perigo. Cuidado em quem voc\u00ea vai votar&#8221;, afirma outro interlocutor.<\/p>\n\n\n\n<p>A relatora destacou que, embora seu entendimento seja contr\u00e1rio, a Corte j\u00e1 entendeu, colegiadamente, que\u00a0dizer que criminosos votam em Lula \u00e9 estatisticamente incorreto. Os ministros concordaram com a defesa do ex-presidente, que apontou que os dados apresentados por Bolsonaro &#8220;representam um recorte muito pequeno da realidade, por v\u00e1rias raz\u00f5es: (i) condenados com tr\u00e2nsito em julgado sequer podem votar, sendo computados apenas os votos de presos em car\u00e1ter provis\u00f3rio e adolescentes infratores; (ii) h\u00e1 discrep\u00e2ncia entre o n\u00famero de pessoas encarceradas (aproximadamente 550 mil pessoas) e pessoas encarceradas que de fato votaram na elei\u00e7\u00e3o (apenas 11.363 pessoas); (iii) votos em pres\u00eddios computam apenas 2,066% do n\u00famero de pessoas encarceradas no Brasil; e (iv) mes\u00e1rios e policiais penais em servi\u00e7o tamb\u00e9m podem ter votado na urna disponibilizada no complexo presidi\u00e1rio&#8221;.\u00a0<\/p>\n\n\n\n<p>Conjur<\/p>\n","protected":false},"excerpt":{"rendered":"<p>Por 7 votos a 0, o&nbsp;Tribunal Superior Eleitoral concedeu&nbsp;116 direitos de resposta de Luiz In\u00e1cio Lula da Silva (PT) em propagandas de Jair Bolsonaro (PL). Todos os ministros da Corte acompanharam o&nbsp;voto da relatora,&nbsp;Maria Claudia Bucchianeri.&nbsp; Em decis\u00e3o monocr\u00e1tica, a relatora Maria Claudia Bucchianeri havia concedido 164&nbsp;direitos de resposta \u00e0 Coliga\u00e7\u00e3o Brasil da Esperan\u00e7a. Atendendo<br \/><a class=\"more-link\" href=\"https:\/\/justicapotiguar.com.br\/index.php\/2022\/10\/23\/por-unanimidade-tse-da-116-respostas-a-lula-no-horario-de-bolsonaro\/\">Mais&#8230;<\/a><\/p>\n","protected":false},"author":5,"featured_media":0,"comment_status":"open","ping_status":"open","sticky":false,"template":"","format":"standard","meta":[],"categories":[1],"tags":[],"_links":{"self":[{"href":"https:\/\/justicapotiguar.com.br\/index.php\/wp-json\/wp\/v2\/posts\/28750"}],"collection":[{"href":"https:\/\/justicapotiguar.com.br\/index.php\/wp-json\/wp\/v2\/posts"}],"about":[{"href":"https:\/\/justicapotiguar.com.br\/index.php\/wp-json\/wp\/v2\/types\/post"}],"author":[{"embeddable":true,"href":"https:\/\/justicapotiguar.com.br\/index.php\/wp-json\/wp\/v2\/users\/5"}],"replies":[{"embeddable":true,"href":"https:\/\/justicapotiguar.com.br\/index.php\/wp-json\/wp\/v2\/comments?post=28750"}],"version-history":[{"count":1,"href":"https:\/\/justicapotiguar.com.br\/index.php\/wp-json\/wp\/v2\/posts\/28750\/revisions"}],"predecessor-version":[{"id":28751,"href":"https:\/\/justicapotiguar.com.br\/index.php\/wp-json\/wp\/v2\/posts\/28750\/revisions\/28751"}],"wp:attachment":[{"href":"https:\/\/justicapotiguar.com.br\/index.php\/wp-json\/wp\/v2\/media?parent=28750"}],"wp:term":[{"taxonomy":"category","embeddable":true,"href":"https:\/\/justicapotiguar.com.br\/index.php\/wp-json\/wp\/v2\/categories?post=28750"},{"taxonomy":"post_tag","embeddable":true,"href":"https:\/\/justicapotiguar.com.br\/index.php\/wp-json\/wp\/v2\/tags?post=28750"}],"curies":[{"name":"wp","href":"https:\/\/api.w.org\/{rel}","templated":true}]}}