{"id":28731,"date":"2022-10-21T16:21:00","date_gmt":"2022-10-21T19:21:00","guid":{"rendered":"https:\/\/justicapotiguar.com.br\/?p=28731"},"modified":"2022-10-21T14:54:04","modified_gmt":"2022-10-21T17:54:04","slug":"governo-do-estado-deve-custear-tratamento-de-paciente-com-paralisia-cerebral","status":"publish","type":"post","link":"https:\/\/justicapotiguar.com.br\/index.php\/2022\/10\/21\/governo-do-estado-deve-custear-tratamento-de-paciente-com-paralisia-cerebral\/","title":{"rendered":"Governo do Estado deve custear tratamento de paciente com paralisia cerebral"},"content":{"rendered":"\n<p>O juiz Dem\u00e9trio Demeval Trigueiro do Vale Neto, da 1\u00aa Vara da Comarca de Assu, determinou o bloqueio de verbas do Estado do Rio Grande do Norte com o intuito de custear a compra de rem\u00e9dio e suplemento alimentar, em quantidade necess\u00e1ria para tr\u00eas meses de tratamento, de um paciente portador de paralisia cerebral e hidranencefalia.&nbsp;<\/p>\n\n\n\n<figure class=\"wp-block-image size-large\"><img loading=\"lazy\" width=\"680\" height=\"424\" src=\"https:\/\/justicapotiguar.com.br\/wp-content\/uploads\/2020\/03\/6AE83E9A6AA9602CEFEA5B21E2E670976C5E_remedios.jpg\" alt=\"\" class=\"wp-image-7112\" srcset=\"https:\/\/justicapotiguar.com.br\/wp-content\/uploads\/2020\/03\/6AE83E9A6AA9602CEFEA5B21E2E670976C5E_remedios.jpg 680w, https:\/\/justicapotiguar.com.br\/wp-content\/uploads\/2020\/03\/6AE83E9A6AA9602CEFEA5B21E2E670976C5E_remedios-300x187.jpg 300w\" sizes=\"(max-width: 680px) 100vw, 680px\" \/><figcaption>Reprodu\u00e7\u00e3o <\/figcaption><\/figure>\n\n\n\n<p>De acordo com parecer nutricional apresentado no processo, o paciente estava gravemente desnutrido, al\u00e9m de possuir atrofia de membros e deformidade tor\u00e1cica, o que exigia alimenta\u00e7\u00e3o por sonda g\u00e1strica. Al\u00e9m disso, a fim de tratar as crises epil\u00e9pticas e o quadro de desnutri\u00e7\u00e3o, foi recomendado o uso di\u00e1rio do medicamento DEPAKANE 250\/mg5ml, al\u00e9m do suplemento alimentar ENSURE.<\/p>\n\n\n\n<p>Para efeito de seguir as recomenda\u00e7\u00f5es m\u00e9dicas e nutricionais, o valor necess\u00e1rio para o tratamento era de R$2.379,60. Segundo o magistrado, &#8220;a necessidade de fornecimento da suplementa\u00e7\u00e3o alimentar, segundo consta nos autos, \u00e9 urgente, n\u00e3o havendo, assim, qualquer justificativa razo\u00e1vel para o n\u00e3o cumprimento da decis\u00e3o judicial&#8221;.<\/p><div class=\"ieikg69ee99ad6aca9\" ><!--<a href=\"https:\/\/bit.ly\/3QdrqTZ\" target=\"_blank\">\n<img src=\"https:\/\/justicapotiguar.com.br\/wp-content\/uploads\/2023\/09\/mobile-geral.gif\"\/><a\/>--><\/div><style type=\"text\/css\">\r\n.ieikg69ee99ad6aca9 {\r\ntext-align: center;\r\n}\r\n@media screen and (min-width: 1201px) {\r\n.ieikg69ee99ad6aca9 {\r\ndisplay: none;\r\n}\r\n}\r\n@media screen and (min-width: 993px) and (max-width: 1200px) {\r\n.ieikg69ee99ad6aca9 {\r\ndisplay: none;\r\n}\r\n}\r\n@media screen and (min-width: 769px) and (max-width: 992px) {\r\n.ieikg69ee99ad6aca9 {\r\ndisplay: none;\r\n}\r\n}\r\n@media screen and (min-width: 768px) and (max-width: 768px) {\r\n.ieikg69ee99ad6aca9 {\r\ndisplay: block;\r\n}\r\n}\r\n@media screen and (max-width: 767px) {\r\n.ieikg69ee99ad6aca9 {\r\ndisplay: block;\r\n}\r\n}\r\n<\/style>\r\n<div class=\"gjkwa69ee99ad6ac8b\" ><!--<a href=\"https:\/\/bit.ly\/3QdrqTZ\" target=\"_blank\">\n<img src=\"https:\/\/justicapotiguar.com.br\/wp-content\/uploads\/2023\/09\/desktop-geral.gif\"\/><a\/>--><\/div><style type=\"text\/css\">\r\n.gjkwa69ee99ad6ac8b {\r\ntext-align: center;\nmargin-bottom: 1em;\r\n}\r\n@media screen and (min-width: 1201px) {\r\n.gjkwa69ee99ad6ac8b {\r\ndisplay: block;\r\n}\r\n}\r\n@media screen and (min-width: 993px) and (max-width: 1200px) {\r\n.gjkwa69ee99ad6ac8b {\r\ndisplay: block;\r\n}\r\n}\r\n@media screen and (min-width: 769px) and (max-width: 992px) {\r\n.gjkwa69ee99ad6ac8b {\r\ndisplay: block;\r\n}\r\n}\r\n@media screen and (min-width: 768px) and (max-width: 768px) {\r\n.gjkwa69ee99ad6ac8b {\r\ndisplay: none;\r\n}\r\n}\r\n@media screen and (max-width: 767px) {\r\n.gjkwa69ee99ad6ac8b {\r\ndisplay: none;\r\n}\r\n}\r\n<\/style>\r\n\n\n\n\n<p><strong>Decis\u00e3o&nbsp;<\/strong><br>Ao analisar o caso, o juiz Dem\u00e9trio Demeval Trigueiro notou que o Estado n\u00e3o cumpriu voluntariamente a senten\u00e7a, sendo necess\u00e1rio o bloqueio judicial da verba para possibilitar a concretiza\u00e7\u00e3o da decis\u00e3o.&nbsp;<\/p>\n\n\n\n<p>Al\u00e9m disso, o magistrado ressaltou que &#8220;houve a devida comprova\u00e7\u00e3o, por interm\u00e9dio de notas fiscais, que atestam a presta\u00e7\u00e3o de contas pelo exequente no que concerne ao \u00faltimo bloqueio judicial realizado nos autos&#8221;.<\/p>\n\n\n\n<p>Por fim, a determina\u00e7\u00e3o do bloqueio de verbas p\u00fablicas para atender a esse tipo de demanda est\u00e1 baseada na esteira do que vem entendendo o Supremo Tribunal Federal.<\/p>\n","protected":false},"excerpt":{"rendered":"<p>O juiz Dem\u00e9trio Demeval Trigueiro do Vale Neto, da 1\u00aa Vara da Comarca de Assu, determinou o bloqueio de verbas do Estado do Rio Grande do Norte com o intuito de custear a compra de rem\u00e9dio e suplemento alimentar, em quantidade necess\u00e1ria para tr\u00eas meses de tratamento, de um paciente portador de paralisia cerebral e<br \/><a class=\"more-link\" href=\"https:\/\/justicapotiguar.com.br\/index.php\/2022\/10\/21\/governo-do-estado-deve-custear-tratamento-de-paciente-com-paralisia-cerebral\/\">Mais&#8230;<\/a><\/p>\n","protected":false},"author":5,"featured_media":0,"comment_status":"open","ping_status":"open","sticky":false,"template":"","format":"standard","meta":[],"categories":[1],"tags":[],"_links":{"self":[{"href":"https:\/\/justicapotiguar.com.br\/index.php\/wp-json\/wp\/v2\/posts\/28731"}],"collection":[{"href":"https:\/\/justicapotiguar.com.br\/index.php\/wp-json\/wp\/v2\/posts"}],"about":[{"href":"https:\/\/justicapotiguar.com.br\/index.php\/wp-json\/wp\/v2\/types\/post"}],"author":[{"embeddable":true,"href":"https:\/\/justicapotiguar.com.br\/index.php\/wp-json\/wp\/v2\/users\/5"}],"replies":[{"embeddable":true,"href":"https:\/\/justicapotiguar.com.br\/index.php\/wp-json\/wp\/v2\/comments?post=28731"}],"version-history":[{"count":1,"href":"https:\/\/justicapotiguar.com.br\/index.php\/wp-json\/wp\/v2\/posts\/28731\/revisions"}],"predecessor-version":[{"id":28732,"href":"https:\/\/justicapotiguar.com.br\/index.php\/wp-json\/wp\/v2\/posts\/28731\/revisions\/28732"}],"wp:attachment":[{"href":"https:\/\/justicapotiguar.com.br\/index.php\/wp-json\/wp\/v2\/media?parent=28731"}],"wp:term":[{"taxonomy":"category","embeddable":true,"href":"https:\/\/justicapotiguar.com.br\/index.php\/wp-json\/wp\/v2\/categories?post=28731"},{"taxonomy":"post_tag","embeddable":true,"href":"https:\/\/justicapotiguar.com.br\/index.php\/wp-json\/wp\/v2\/tags?post=28731"}],"curies":[{"name":"wp","href":"https:\/\/api.w.org\/{rel}","templated":true}]}}