{"id":28602,"date":"2022-10-14T08:30:00","date_gmt":"2022-10-14T11:30:00","guid":{"rendered":"https:\/\/justicapotiguar.com.br\/?p=28602"},"modified":"2022-10-13T22:32:35","modified_gmt":"2022-10-14T01:32:35","slug":"stj-confirma-afastamento-de-governador-de-al-para-impedir-interferencia","status":"publish","type":"post","link":"https:\/\/justicapotiguar.com.br\/index.php\/2022\/10\/14\/stj-confirma-afastamento-de-governador-de-al-para-impedir-interferencia\/","title":{"rendered":"STJ confirma afastamento de governador de AL para impedir interfer\u00eancia"},"content":{"rendered":"\n<p>Segundo a Corte Especial do Superior Tribunal de Justi\u00e7a, o afastamento de Paulo Dantas (MDB) do cargo de governador de Alagoas \u00e9 absolutamente necess\u00e1rio para impedir que a organiza\u00e7\u00e3o criminosa chefiada por ele continue a desviar verbas via cargos fantasmas na Assembleia Legislativa alagoana, al\u00e9m de evitar interfer\u00eancia nas investiga\u00e7\u00f5es.<\/p>\n\n\n\n<figure class=\"wp-block-image\"><img src=\"https:\/\/www.conjur.com.br\/img\/b\/paulo-dantas.jpeg\" alt=\"\"\/><figcaption>Segundo MPF, Paulo Dantas chefia organiza\u00e7\u00e3o criminosa respons\u00e1vel por desvios de servidores fantasmas em Alagoas<\/figcaption><\/figure>\n\n\n\n<p>Com esse entendimento, e por maioria de votos, o colegiado referendou a decis\u00e3o da ministra Laurita Vaz&nbsp;que,&nbsp;na ter\u00e7a-feira (11\/10),&nbsp;<a href=\"https:\/\/www.conjur.com.br\/2022-out-11\/stj-manda-afastar-governador-alagoas-candidato-reeleicao\" target=\"_blank\" rel=\"noreferrer noopener\">tirou Dantas do cargo<\/a>&nbsp;para o qual concorre \u00e0 reelei\u00e7\u00e3o no segundo turno das elei\u00e7\u00f5es deste ano. Por sugest\u00e3o do ministro Og Fernandes, o&nbsp;prazo do afastamento se encerrar\u00e1 em 31 de dezembro, quando terminar\u00e1 o mandato de Dantas.<\/p>\n\n\n\n<p>O julgamento ocorreu nesta quinta-feira (13\/10) em sess\u00e3o extraordin\u00e1ria convocada com o objetivo de analisar a decis\u00e3o cautelar. Al\u00e9m do afastamento de Dantas, a Corte Especial referendou a ordem de bloqueio de valores nas contas de 93 funcion\u00e1rios fantasmas da Assembleia alagoana, al\u00e9m da proibi\u00e7\u00e3o de novas nomea\u00e7\u00f5es at\u00e9 segunda ordem.<\/p>\n\n\n\n<p>Segundo o Minist\u00e9rio P\u00fablico Federal, esses cargos estavam sendo usados para sacar sal\u00e1rios de assessores de deputados estaduais, que podem chegar a R$ 21 mil. A estimativa \u00e9 que o desvio ultrapasse a marca de R$ 54 milh\u00f5es. O \u00f3rg\u00e3o chegou a pedir a pris\u00e3o preventiva e cautelar do governador, o que foi indeferido pela relatora.<\/p>\n\n\n\n<p>Dantas \u00e9 apontado como o l\u00edder da empreitada criminosa, que, segundo a den\u00fancia, come\u00e7ou em 2019, ano em que assumiu a cadeira de deputado estadual, e continuou em maio deste ano, quando foi eleito pela Assembleia para cumprir mandato-tamp\u00e3o de governador, por causa da ren\u00fancia de Renan Filho (MDB) ao cargo para disputar vaga no Senado.<\/p>\n\n\n\n<p>A posi\u00e7\u00e3o da ministra Laurita foi referendada por maioria de votos. Ela foi acompanhada pelos ministros Francisco Falc\u00e3o, Nancy Andrighi, Herman Benjamin, Og Fernandes, Benedito Gon\u00e7alves, Raul Ara\u00fajo, Paulo de Tarso Sanseverino, Isabel Gallotti e Antonio Carlos Ferreira.<\/p>\n\n\n\n<p>Abriu a diverg\u00eancia o ministro Jo\u00e3o Ot\u00e1vio de Noronha, para quem o STJ \u00e9 incompetente para julgar o caso. Al\u00e9m disso, ele apontou que n\u00e3o h\u00e1 gravidade suficiente comprovada para afastar Dantas do cargo de governador, j\u00e1 que os riscos apontados pela relatora estariam acobertados pelas demais cautelares impostas. Ele foi acompanhado pelo ministro Jorge Mussi.<\/p>\n\n\n\n<p><strong>Como chegamos at\u00e9 aqui<\/strong><br>O voto da ministra Laurita Vaz detalhou como o caso andou at\u00e9 o afastamento de Dantas, apenas 19 dias antes do segundo turno da&nbsp;elei\u00e7\u00e3o para governador.<\/p>\n\n\n\n<p>Tudo come\u00e7ou com den\u00fancia an\u00f4nima enviada \u00e0 Superintend\u00eancia da Pol\u00edcia Federal de Alagoas, em 29 de outubro de 2021, alertando que os sal\u00e1rios de funcion\u00e1rios fantasmas da Assembleia Legislativa estavam sendo sacados semanalmente em ag\u00eancias da Caixa Econ\u00f4mica Federal em Macei\u00f3 e desviados.<\/p>\n\n\n\n<p>Em 8 de novembro, a PF instaurou procedimento preliminar de apura\u00e7\u00e3o e at\u00e9 dezembro monitorou ag\u00eancias e identificou saques suspeitos, feitos em situa\u00e7\u00f5es incomuns, com excesso de tempo nos caixas eletr\u00f4nicos, const\u00e2ncia e valores pequenos que, somados, alcan\u00e7avam montantes milion\u00e1rios.<\/p>\n\n\n\n<figure class=\"wp-block-image\"><img src=\"https:\/\/www.conjur.com.br\/img\/b\/laurita-vaz-2020.jpeg\" alt=\"\"\/><figcaption>Ministra Laurita Vaz defendeu afastamento do governador para cessar atua\u00e7\u00e3o da organiza\u00e7\u00e3o criminosa e evitar interfer\u00eancias<br><sup>Rafael Luz<\/sup><\/figcaption><\/figure>\n\n\n\n<p>Em 4 de mar\u00e7o deste ano, o ju\u00edzo da 17\u00aa Vara Criminal de Macei\u00f3 autorizou medidas de busca e apreens\u00e3o e quebra de sigilo banc\u00e1rio, fiscal e das comunica\u00e7\u00f5es. O resultado obtido apontou para a exist\u00eancia de desvio de recursos iniciado em 2019, com ind\u00edcio de ser comandado pelo ent\u00e3o deputado estadual Paulo Dantas.<\/p>\n\n\n\n<p>Em maio, Dantas foi al\u00e7ado ao cargo de governador depois que Renan Filho renunciou para disputar o Senado. Ele governava sem vice porque Luciano Barbosa (DEM) j\u00e1 havia renunciado para se eleger prefeito de Arapiraca (AL), em 2020.<\/p>\n\n\n\n<p>Assim, o deputado estadual foi eleito governador pela Assembleia Legislativa. Esse fato foi o que levou o caso ao Superior Tribunal de Justi\u00e7a, inclusive porque a PF constatou que, mesmo no cargo de governador, Dantas continuou chefiando o esquema.<\/p>\n\n\n\n<p>O inqu\u00e9rito foi distribu\u00eddo por sorteio \u00e0 ministra Laurita Vaz, que determinou a continuidade das investiga\u00e7\u00f5es. Nesse per\u00edodo, sempre de acordo com a den\u00fancia, nada pareceu parar o esquema criminoso. Um exemplo disso \u00e9 que as primeiras cautelares deferidas pelo ju\u00edzo de primeiro grau levaram \u00e0 apreens\u00e3o de cart\u00f5es em nomes de funcion\u00e1rios fantasmas.<\/p>\n\n\n\n<p>Mesmo ap\u00f3s essas dilig\u00eancias, os operadores do esquema pediram \u00e0 Caixa segundas vias desses cart\u00f5es e apenas mudaram o modo de opera\u00e7\u00e3o do crime: passaram a variar os saques nas ag\u00eancias banc\u00e1rias com outros&nbsp;em ag\u00eancias lot\u00e9ricas, na tentativa de disfar\u00e7ar o feito.<\/p>\n\n\n\n<p><strong>Interfer\u00eancia do governador?<\/strong><br>O voto da ministra Laurita Vaz destacou a ousadia do grupo criminoso de manter a todo custo o desvio das verbas. Houve ainda outro epis\u00f3dio grave que contribuiu bastante para a decis\u00e3o de afastamento de Paulo Dantas do cargo.<\/p><div class=\"lingf69eecb0371511\" ><!--<a href=\"https:\/\/bit.ly\/3QdrqTZ\" target=\"_blank\">\n<img src=\"https:\/\/justicapotiguar.com.br\/wp-content\/uploads\/2023\/09\/mobile-geral.gif\"\/><a\/>--><\/div><style type=\"text\/css\">\r\n.lingf69eecb0371511 {\r\ntext-align: center;\r\n}\r\n@media screen and (min-width: 1201px) {\r\n.lingf69eecb0371511 {\r\ndisplay: none;\r\n}\r\n}\r\n@media screen and (min-width: 993px) and (max-width: 1200px) {\r\n.lingf69eecb0371511 {\r\ndisplay: none;\r\n}\r\n}\r\n@media screen and (min-width: 769px) and (max-width: 992px) {\r\n.lingf69eecb0371511 {\r\ndisplay: none;\r\n}\r\n}\r\n@media screen and (min-width: 768px) and (max-width: 768px) {\r\n.lingf69eecb0371511 {\r\ndisplay: block;\r\n}\r\n}\r\n@media screen and (max-width: 767px) {\r\n.lingf69eecb0371511 {\r\ndisplay: block;\r\n}\r\n}\r\n<\/style>\r\n<div class=\"ahudz69eecb03714ee\" ><!--<a href=\"https:\/\/bit.ly\/3QdrqTZ\" target=\"_blank\">\n<img src=\"https:\/\/justicapotiguar.com.br\/wp-content\/uploads\/2023\/09\/desktop-geral.gif\"\/><a\/>--><\/div><style type=\"text\/css\">\r\n.ahudz69eecb03714ee {\r\ntext-align: center;\nmargin-bottom: 1em;\r\n}\r\n@media screen and (min-width: 1201px) {\r\n.ahudz69eecb03714ee {\r\ndisplay: block;\r\n}\r\n}\r\n@media screen and (min-width: 993px) and (max-width: 1200px) {\r\n.ahudz69eecb03714ee {\r\ndisplay: block;\r\n}\r\n}\r\n@media screen and (min-width: 769px) and (max-width: 992px) {\r\n.ahudz69eecb03714ee {\r\ndisplay: block;\r\n}\r\n}\r\n@media screen and (min-width: 768px) and (max-width: 768px) {\r\n.ahudz69eecb03714ee {\r\ndisplay: none;\r\n}\r\n}\r\n@media screen and (max-width: 767px) {\r\n.ahudz69eecb03714ee {\r\ndisplay: none;\r\n}\r\n}\r\n<\/style>\r\n\n\n\n\n<p>Em 3 de agosto, a Pol\u00edcia Federal alagoana apreendeu um homem que fazia saques suspeitos em ag\u00eancias da Caixa. Ele tinha 16 cart\u00f5es em nome de servidores fantasmas e carregava consigo R$ 32 mil. Ele prestou depoimento e foi liberado. Dois dias depois, relatou que sofreu amea\u00e7as de morte por n\u00e3o ter entregue a verba aos destinat\u00e1rios do esquema.<\/p>\n\n\n\n<p>Posteriormente, a delegada da PF respons\u00e1vel pelo caso foi abordada pelo delegado-geral da Pol\u00edcia Civil, alegando que essa mesma testemunha queria fornecer novo depoimento. E, mais tarde, ele mesmo colheu novas declara\u00e7\u00f5es e encaminhou uma vers\u00e3o diferente e in\u00e9dita \u00e0 Pol\u00edcia Federal.<\/p>\n\n\n\n<p>Para a ministra Laurita Vaz, esse epis\u00f3dio causa perplexidade e indica uma &#8220;evidente movimenta\u00e7\u00e3o de bastidores&#8221; visando a interferir em investiga\u00e7\u00e3o em desfavor de Paulo Dantas.<\/p>\n\n\n\n<p>A conclus\u00e3o foi de que h\u00e1 um n\u00facleo pol\u00edtico encabe\u00e7ando a organiza\u00e7\u00e3o criminosa, composto por Dantas, pela esposa dele, Marina Dantas, prefeita de Batalha (AL), e por seu cunhado, Theobaldo Cintra, prefeito de Major Isidoro (AL).<\/p>\n\n\n\n<figure class=\"wp-block-image\"><img src=\"https:\/\/www.conjur.com.br\/img\/b\/joao-otavio-noronha10.jpeg\" alt=\"\"\/><figcaption>Ministro Jo\u00e3o Ot\u00e1vio de Noronha divergiu e foi contra o afastamento do candidato \u00e0 reelei\u00e7\u00e3o do governo do estado de Alagoas<br><sup>Gustavo Lima<\/sup><\/figcaption><\/figure>\n\n\n\n<p><strong>Diverg\u00eancia<\/strong><br>Abriu a diverg\u00eancia o ministro Jo\u00e3o Ot\u00e1vio de Noronha, que suscitou a preliminar de incompet\u00eancia do STJ para julgar o caso. Ela se baseou no fim do caso das &#8220;rachadinhas&#8221; envolvendo o hoje senador Fl\u00e1vio Bolsonaro, em refer\u00eancia \u00e0 \u00e9poca em que ele atuava como deputado estadual do Rio de Janeiro.<\/p>\n\n\n\n<p>O caso passou pelo STJ e pelo Supremo Tribunal Federal, e a conclus\u00e3o foi de que, apesar dos&nbsp;<a href=\"https:\/\/www.conjur.com.br\/2021-nov-09\/stj-anula-atos-juiz-flavio-bolsonaro-rachadinhas\" target=\"_blank\" rel=\"noreferrer noopener\">mandatos cruzados<\/a>&nbsp;(a troca de uma casa legislativa por outra), a compet\u00eancia ficou com o \u00d3rg\u00e3o Especial do Tribunal do Rio de Janeiro, que eventualmente acabou por&nbsp;<a href=\"https:\/\/www.conjur.com.br\/2022-mai-16\/tj-rj-arquiva-denuncia-flavio-bolsonaro-rachadinha\" target=\"_blank\" rel=\"noreferrer noopener\">arquivar a den\u00fancia<\/a>&nbsp;oferecida pelo Minist\u00e9rio P\u00fablico fluminense.<\/p>\n\n\n\n<p>Al\u00e9m disso, o ministro argumentou que n\u00e3o h\u00e1 nos autos fatos contempor\u00e2neos apontando para o envolvimento de Dantas com os funcion\u00e1rios fantasmas na Assembleia Legislativa alagoana. Ele disse que o homem preso pela PF com os R$ 32 mil afirmou, por exemplo, que se reportava a funcion\u00e1rios da prefeitura comandada por Theobaldo Cintra.<\/p>\n\n\n\n<p>&#8220;Aqui tudo se sup\u00f5e&#8221;, criticou Noronha. &#8220;Os elementos informativos dos autos n\u00e3o corroboram a narrativa policial e n\u00e3o justificam a medida extrema de afastamento, por n\u00e3o estar cabalmente demonstrado o&nbsp;<em>fumus comissi delicti<\/em>&nbsp;<em>(a comprova\u00e7\u00e3o da exist\u00eancia de um crime e ind\u00edcios suficientes de autoria)<\/em>.&#8221;<\/p>\n\n\n\n<p>Ele tamb\u00e9m questionou o poder de interfer\u00eancia de um delegado da Pol\u00edcia Civil na investiga\u00e7\u00e3o feita pela Pol\u00edcia Federal. &#8220;Nenhum&#8221;, respondeu. &#8220;O fato de ter sido nomeado pelo governador n\u00e3o traz presun\u00e7\u00e3o de que agiu em nome do governador&#8221;, ressaltou, ao dizer que a conclus\u00e3o da relatora parte de conjecturas feitas pela PF.<\/p>\n\n\n\n<p>Por isso, votou apenas por manter o bloqueio das contas dos 93 servidores fantasmas, bem como a proibi\u00e7\u00e3o de novas nomea\u00e7\u00f5es em cargos comissionados na Assembleia. E ainda acrescentou: &#8220;Um deputado s\u00f3 tem for\u00e7a para tudo isso? Para nomear, sozinho, 93 pessoas?&#8221;.<\/p>\n\n\n\n<p><strong>Atua\u00e7\u00e3o pol\u00edtica nenhuma<\/strong><br>O voto da ministra Laurita Vaz ainda contou com um trecho de resposta a todas as acusa\u00e7\u00f5es feitas contra ela de que o afastamento teria sido orquestrado para influir nas elei\u00e7\u00f5es alagoanas \u2014 no dia 30, Paulo Dantas disputar\u00e1 o segundo turno contra Rodrigo Cunha (Uni\u00e3o Brasil).<\/p>\n\n\n\n<p>Para ela, as insinua\u00e7\u00f5es feitas s\u00e3o ileg\u00edtimas. Laurita alegou que tem 21 anos como ministra no STJ e outros 22&nbsp; de atua\u00e7\u00e3o no Minist\u00e9rio P\u00fablico Federal e no Minist\u00e9rio P\u00fablico de Goi\u00e1s. &#8220;Absolutamente nenhuma manifesta\u00e7\u00e3o ou decis\u00e3o que subscrevi foi motivada por raz\u00f5es pol\u00edticas. N\u00e3o ingressei no STJ para pautar minha atua\u00e7\u00e3o jurisdicional em fundamentos de ordem pol\u00edtica.&#8221;<\/p>\n\n\n\n<p>Ela apontou a tentativa de pessoas de, sem terem acesso aos elementos dos autos, arrastar o holofote para fatos ainda sob investiga\u00e7\u00e3o, no intuito de transformar uma decis\u00e3o judicial baseada em elementos legais em palco para embate pol\u00edtico. Segundo a ministra, o objetivo \u00e9 plantar veneno para colher frutos estragados pela baixeza de argumentos falaciosos.<\/p>\n\n\n\n<p>&#8220;Se eu tivesse me curado a essa expectativa de retardo \u2014 se tivesse, como se diz por a\u00ed, sentado em cima dos autos em raz\u00e3o das elei\u00e7\u00f5es \u2014, a\u00ed, sim, estaria agindo com vi\u00e9s politico, pois estaria incluindo um fato estranho aos autos em regular andamento para adotar medidas cautelares necess\u00e1rias e urgentes para investiga\u00e7\u00f5es, e mais ainda para estancar sangria desatada do dinheiro dos cofres p\u00fablicos de Alagoas.&#8221;<\/p>\n\n\n\n<p>Ao longo do julgamento, os demais ministros da Corte Especial, inclusive os que divergiram, manifestaram apoio \u00e0 relatora. A sess\u00e3o ainda teve a declara\u00e7\u00e3o de suspei\u00e7\u00e3o do ministro Humberto Martins, que \u00e9 natural de Alagoas e, por motivos de foro \u00edntimo \u2014 &#8220;eu conhe\u00e7o as partes&#8221; \u2014, decidiu n\u00e3o participar do julgamento.<\/p>\n\n\n\n<p><strong>MISOC 209<br>Inq. 1.582<\/strong><\/p>\n","protected":false},"excerpt":{"rendered":"<p>Segundo a Corte Especial do Superior Tribunal de Justi\u00e7a, o afastamento de Paulo Dantas (MDB) do cargo de governador de Alagoas \u00e9 absolutamente necess\u00e1rio para impedir que a organiza\u00e7\u00e3o criminosa chefiada por ele continue a desviar verbas via cargos fantasmas na Assembleia Legislativa alagoana, al\u00e9m de evitar interfer\u00eancia nas investiga\u00e7\u00f5es. Com esse entendimento, e por<br \/><a class=\"more-link\" href=\"https:\/\/justicapotiguar.com.br\/index.php\/2022\/10\/14\/stj-confirma-afastamento-de-governador-de-al-para-impedir-interferencia\/\">Mais&#8230;<\/a><\/p>\n","protected":false},"author":5,"featured_media":0,"comment_status":"open","ping_status":"open","sticky":false,"template":"","format":"standard","meta":[],"categories":[1],"tags":[],"_links":{"self":[{"href":"https:\/\/justicapotiguar.com.br\/index.php\/wp-json\/wp\/v2\/posts\/28602"}],"collection":[{"href":"https:\/\/justicapotiguar.com.br\/index.php\/wp-json\/wp\/v2\/posts"}],"about":[{"href":"https:\/\/justicapotiguar.com.br\/index.php\/wp-json\/wp\/v2\/types\/post"}],"author":[{"embeddable":true,"href":"https:\/\/justicapotiguar.com.br\/index.php\/wp-json\/wp\/v2\/users\/5"}],"replies":[{"embeddable":true,"href":"https:\/\/justicapotiguar.com.br\/index.php\/wp-json\/wp\/v2\/comments?post=28602"}],"version-history":[{"count":1,"href":"https:\/\/justicapotiguar.com.br\/index.php\/wp-json\/wp\/v2\/posts\/28602\/revisions"}],"predecessor-version":[{"id":28603,"href":"https:\/\/justicapotiguar.com.br\/index.php\/wp-json\/wp\/v2\/posts\/28602\/revisions\/28603"}],"wp:attachment":[{"href":"https:\/\/justicapotiguar.com.br\/index.php\/wp-json\/wp\/v2\/media?parent=28602"}],"wp:term":[{"taxonomy":"category","embeddable":true,"href":"https:\/\/justicapotiguar.com.br\/index.php\/wp-json\/wp\/v2\/categories?post=28602"},{"taxonomy":"post_tag","embeddable":true,"href":"https:\/\/justicapotiguar.com.br\/index.php\/wp-json\/wp\/v2\/tags?post=28602"}],"curies":[{"name":"wp","href":"https:\/\/api.w.org\/{rel}","templated":true}]}}