{"id":28596,"date":"2022-10-13T15:05:31","date_gmt":"2022-10-13T18:05:31","guid":{"rendered":"https:\/\/justicapotiguar.com.br\/?p=28596"},"modified":"2022-10-13T15:05:31","modified_gmt":"2022-10-13T18:05:31","slug":"empresa-e-condenada-por-demissao-discriminatoria-de-cozinheira-gravida","status":"publish","type":"post","link":"https:\/\/justicapotiguar.com.br\/index.php\/2022\/10\/13\/empresa-e-condenada-por-demissao-discriminatoria-de-cozinheira-gravida\/","title":{"rendered":"Empresa \u00e9 condenada por demiss\u00e3o discriminat\u00f3ria de cozinheira gr\u00e1vida"},"content":{"rendered":"\n<p>A Primeira Turma do Tribunal Regional do Trabalho da 21\u00aa Regi\u00e3o (TRT-RN) considerou discriminat\u00f3ria a demiss\u00e3o por justa causa de uma cozinheira gr\u00e1vida da&nbsp; JMT Servi\u00e7os de Loca\u00e7\u00e3o de M\u00e3o de Obra LTDA., que prestava servi\u00e7o no Hospital Regional Tarc\u00edsio Maia, em Mossor\u00f3 (RN).&nbsp;O TRT-RN condenou, ainda, a empresa ao pagamento de uma indeniza\u00e7\u00e3o por danos morais no valor de R$ 5 mil.<\/p>\n\n\n\n<p>De acordo com o desembargador Ricardo Lu\u00eds Esp\u00edndola Borges, relator do processo no TRT-RN, \u201ca dispensa da autora (da a\u00e7\u00e3o) ocorreu ap\u00f3s o conhecimento pelo empregador do seu estado grav\u00eddico\u201d. N\u00e3o sendo comprovado, como pretendia a empresa, abandono de emprego.<\/p>\n\n\n\n<p>No processo, a cozinheira alegou que, antes de um m\u00eas do in\u00edcio da sua contrata\u00e7\u00e3o, descobriu que estava gr\u00e1vida. Logo depois, foi avisada por mensagem de Whatsapp que ficasse em casa devido \u00e0 pandemia do Covid-19.<\/p>\n\n\n\n<p>Mesmo tendo entrado em contato com a empresa para saber sobre o retorno ao trabalho, foi comunicada que estava dispensada em raz\u00e3o da gravidez, uma vez que se encontrava em per\u00edodo de experi\u00eancia.<\/p>\n\n\n\n<figure class=\"wp-block-image size-large\"><img loading=\"lazy\" width=\"680\" height=\"437\" src=\"https:\/\/justicapotiguar.com.br\/wp-content\/uploads\/2019\/09\/gravidez.jpg\" alt=\"\" class=\"wp-image-2704\" srcset=\"https:\/\/justicapotiguar.com.br\/wp-content\/uploads\/2019\/09\/gravidez.jpg 680w, https:\/\/justicapotiguar.com.br\/wp-content\/uploads\/2019\/09\/gravidez-300x193.jpg 300w\" sizes=\"(max-width: 680px) 100vw, 680px\" \/><figcaption>Reprodu\u00e7\u00e3o<\/figcaption><\/figure>\n\n\n\n<p>No recurso ao TRT-RN, a empresa alegou que houve abandono de emprego, pois a cozinheira teria se ausentado antes da delibera\u00e7\u00e3o final da empregadora, sendo v\u00e1lida a dispensa por justa causa.<\/p><div class=\"ltckl69eed4c376406\" ><!--<a href=\"https:\/\/bit.ly\/3QdrqTZ\" target=\"_blank\">\n<img src=\"https:\/\/justicapotiguar.com.br\/wp-content\/uploads\/2023\/09\/mobile-geral.gif\"\/><a\/>--><\/div><style type=\"text\/css\">\r\n.ltckl69eed4c376406 {\r\ntext-align: center;\r\n}\r\n@media screen and (min-width: 1201px) {\r\n.ltckl69eed4c376406 {\r\ndisplay: none;\r\n}\r\n}\r\n@media screen and (min-width: 993px) and (max-width: 1200px) {\r\n.ltckl69eed4c376406 {\r\ndisplay: none;\r\n}\r\n}\r\n@media screen and (min-width: 769px) and (max-width: 992px) {\r\n.ltckl69eed4c376406 {\r\ndisplay: none;\r\n}\r\n}\r\n@media screen and (min-width: 768px) and (max-width: 768px) {\r\n.ltckl69eed4c376406 {\r\ndisplay: block;\r\n}\r\n}\r\n@media screen and (max-width: 767px) {\r\n.ltckl69eed4c376406 {\r\ndisplay: block;\r\n}\r\n}\r\n<\/style>\r\n<div class=\"stdth69eed4c3763eb\" ><!--<a href=\"https:\/\/bit.ly\/3QdrqTZ\" target=\"_blank\">\n<img src=\"https:\/\/justicapotiguar.com.br\/wp-content\/uploads\/2023\/09\/desktop-geral.gif\"\/><a\/>--><\/div><style type=\"text\/css\">\r\n.stdth69eed4c3763eb {\r\ntext-align: center;\nmargin-bottom: 1em;\r\n}\r\n@media screen and (min-width: 1201px) {\r\n.stdth69eed4c3763eb {\r\ndisplay: block;\r\n}\r\n}\r\n@media screen and (min-width: 993px) and (max-width: 1200px) {\r\n.stdth69eed4c3763eb {\r\ndisplay: block;\r\n}\r\n}\r\n@media screen and (min-width: 769px) and (max-width: 992px) {\r\n.stdth69eed4c3763eb {\r\ndisplay: block;\r\n}\r\n}\r\n@media screen and (min-width: 768px) and (max-width: 768px) {\r\n.stdth69eed4c3763eb {\r\ndisplay: none;\r\n}\r\n}\r\n@media screen and (max-width: 767px) {\r\n.stdth69eed4c3763eb {\r\ndisplay: none;\r\n}\r\n}\r\n<\/style>\r\n\n\n\n\n<p>No entanto, de acordo com o desembargador Ricardo Lu\u00eds Esp\u00edndola Borges,&nbsp; a legisla\u00e7\u00e3o espec\u00edfica (ADCT, no art. 10, II, al\u00ednea b) veda a dispensa arbitr\u00e1ria ou sem justa causa da empregada gestante, desde a confirma\u00e7\u00e3o da gravidez at\u00e9 cinco meses ap\u00f3s o parto.<\/p>\n\n\n\n<p>\u201cCom efeito, o teor das conversas (no Whatsapp) reproduzidas vem demonstrar que a iniciativa de desligamento n\u00e3o partiu da trabalhadora\u201d, ressaltou o magistrado. \u201cAo contr\u00e1rio, resultou patente a sua preocupa\u00e7\u00e3o em resolver a situa\u00e7\u00e3o, que pairava indefinida desde que comunicou seu estado grav\u00eddico\u201d.<\/p>\n\n\n\n<p>O desembargador destacou a S\u00famula n. 244 do Tribunal Superior do Trabalho (TST), segundo a qual \u201ca empregada gestante tem direito \u00e0 estabilidade provis\u00f3ria (&#8230;), mesmo na hip\u00f3tese de admiss\u00e3o mediante contrato por tempo determinado&#8221;.<\/p>\n\n\n\n<p>Assim, mesmo a se considerar a hip\u00f3tese de contrato por experi\u00eancia, ineg\u00e1vel a conclus\u00e3o de que existe, por parte da ex-empregada, \u201cexpectativa que aquele ajuste por prazo determinado se transformar\u00e1 em uma pactua\u00e7\u00e3o por prazo indeterminado&#8221;.<\/p>\n\n\n\n<p>A decis\u00e3o do TRT-RN manteve a condena\u00e7\u00e3o da 1\u00aa Vara do Trabalho de Mossor\u00f3 (RN), reduzindo, no entanto, o valor da indeniza\u00e7\u00e3o por danos morais, de R$ 10 mil para R$ 5 mil.<\/p>\n","protected":false},"excerpt":{"rendered":"<p>A Primeira Turma do Tribunal Regional do Trabalho da 21\u00aa Regi\u00e3o (TRT-RN) considerou discriminat\u00f3ria a demiss\u00e3o por justa causa de uma cozinheira gr\u00e1vida da&nbsp; JMT Servi\u00e7os de Loca\u00e7\u00e3o de M\u00e3o de Obra LTDA., que prestava servi\u00e7o no Hospital Regional Tarc\u00edsio Maia, em Mossor\u00f3 (RN).&nbsp;O TRT-RN condenou, ainda, a empresa ao pagamento de uma indeniza\u00e7\u00e3o por<br \/><a class=\"more-link\" href=\"https:\/\/justicapotiguar.com.br\/index.php\/2022\/10\/13\/empresa-e-condenada-por-demissao-discriminatoria-de-cozinheira-gravida\/\">Mais&#8230;<\/a><\/p>\n","protected":false},"author":5,"featured_media":0,"comment_status":"open","ping_status":"open","sticky":false,"template":"","format":"standard","meta":[],"categories":[1],"tags":[],"_links":{"self":[{"href":"https:\/\/justicapotiguar.com.br\/index.php\/wp-json\/wp\/v2\/posts\/28596"}],"collection":[{"href":"https:\/\/justicapotiguar.com.br\/index.php\/wp-json\/wp\/v2\/posts"}],"about":[{"href":"https:\/\/justicapotiguar.com.br\/index.php\/wp-json\/wp\/v2\/types\/post"}],"author":[{"embeddable":true,"href":"https:\/\/justicapotiguar.com.br\/index.php\/wp-json\/wp\/v2\/users\/5"}],"replies":[{"embeddable":true,"href":"https:\/\/justicapotiguar.com.br\/index.php\/wp-json\/wp\/v2\/comments?post=28596"}],"version-history":[{"count":1,"href":"https:\/\/justicapotiguar.com.br\/index.php\/wp-json\/wp\/v2\/posts\/28596\/revisions"}],"predecessor-version":[{"id":28597,"href":"https:\/\/justicapotiguar.com.br\/index.php\/wp-json\/wp\/v2\/posts\/28596\/revisions\/28597"}],"wp:attachment":[{"href":"https:\/\/justicapotiguar.com.br\/index.php\/wp-json\/wp\/v2\/media?parent=28596"}],"wp:term":[{"taxonomy":"category","embeddable":true,"href":"https:\/\/justicapotiguar.com.br\/index.php\/wp-json\/wp\/v2\/categories?post=28596"},{"taxonomy":"post_tag","embeddable":true,"href":"https:\/\/justicapotiguar.com.br\/index.php\/wp-json\/wp\/v2\/tags?post=28596"}],"curies":[{"name":"wp","href":"https:\/\/api.w.org\/{rel}","templated":true}]}}