{"id":28592,"date":"2022-10-13T10:39:47","date_gmt":"2022-10-13T13:39:47","guid":{"rendered":"https:\/\/justicapotiguar.com.br\/?p=28592"},"modified":"2022-10-13T10:39:47","modified_gmt":"2022-10-13T13:39:47","slug":"lei-sobre-cargos-em-macau-volta-a-ter-recurso-julgado-no-tjrn","status":"publish","type":"post","link":"https:\/\/justicapotiguar.com.br\/index.php\/2022\/10\/13\/lei-sobre-cargos-em-macau-volta-a-ter-recurso-julgado-no-tjrn\/","title":{"rendered":"Lei sobre cargos em Macau volta a ter recurso julgado no TJRN"},"content":{"rendered":"\n<figure class=\"wp-block-image size-large\"><img loading=\"lazy\" width=\"750\" height=\"500\" src=\"https:\/\/justicapotiguar.com.br\/wp-content\/uploads\/2019\/08\/TJRN-6.jpg\" alt=\"\" class=\"wp-image-615\" srcset=\"https:\/\/justicapotiguar.com.br\/wp-content\/uploads\/2019\/08\/TJRN-6.jpg 750w, https:\/\/justicapotiguar.com.br\/wp-content\/uploads\/2019\/08\/TJRN-6-300x200.jpg 300w\" sizes=\"(max-width: 750px) 100vw, 750px\" \/><figcaption>Reprodu\u00e7\u00e3o<\/figcaption><\/figure>\n\n\n\n<p>Os desembargadores que integram o Plen\u00e1rio do TJRN atenderam pedido do Minist\u00e9rio P\u00fablico, relacionado a um julgamento anterior do colegiado, que considerou como inconstitucional v\u00e1rios artigos e incisos da Lei Complementar Municipal n\u00b0 017\/2017, editada pelo Munic\u00edpio de Macau, que versava sobre a cria\u00e7\u00e3o de cargos comissionados em n\u00famero desproporcional ao de cargos efetivos, com o desempenho de atividades t\u00e9cnicas n\u00e3o destinadas \u00e0s fun\u00e7\u00f5es de chefia, dire\u00e7\u00e3o ou assessoramento. Dispositivo que constitui infra\u00e7\u00e3o ao artigo 26, incisos II e V, da constitui\u00e7\u00e3o estadual.<\/p>\n\n\n\n<p><br>Para o MP, o ac\u00f3rd\u00e3o julgado deixou de se pronunciar acerca da declara\u00e7\u00e3o por arrastamento do Anexo II da Lei Complementar Municipal n\u00ba 017\/2017, bem como sobre o pleito de fixa\u00e7\u00e3o de um prazo de 12 meses para o Munic\u00edpio de Macau adequar sua legisla\u00e7\u00e3o no tocante aos cargos comissionados.<\/p>\n\n\n\n<p><br>\u201cEntendo que assiste raz\u00e3o ao Embargante (MP) quanto \u00e0 omiss\u00e3o apontada de declara\u00e7\u00e3o, por arrastamento, da inconstitucionalidade do Anexo II da Lei, quanto aos cargos atingidos pela declara\u00e7\u00e3o de inconstitucionalidade, seus respectivos c\u00f3digos e tabelas de vencimentos, conforme documentos dos autos eletr\u00f4nicos, tendo em conta que com a proced\u00eancia da pretens\u00e3o inicial o mesmo perdeu, em parte, sua raz\u00e3o de ser\u201d, destaca o desembargador Jo\u00e3o Rebou\u00e7as, relator do recurso.<\/p><div class=\"febcj69eed533db63f\" ><!--<a href=\"https:\/\/bit.ly\/3QdrqTZ\" target=\"_blank\">\n<img src=\"https:\/\/justicapotiguar.com.br\/wp-content\/uploads\/2023\/09\/mobile-geral.gif\"\/><a\/>--><\/div><style type=\"text\/css\">\r\n.febcj69eed533db63f {\r\ntext-align: center;\r\n}\r\n@media screen and (min-width: 1201px) {\r\n.febcj69eed533db63f {\r\ndisplay: none;\r\n}\r\n}\r\n@media screen and (min-width: 993px) and (max-width: 1200px) {\r\n.febcj69eed533db63f {\r\ndisplay: none;\r\n}\r\n}\r\n@media screen and (min-width: 769px) and (max-width: 992px) {\r\n.febcj69eed533db63f {\r\ndisplay: none;\r\n}\r\n}\r\n@media screen and (min-width: 768px) and (max-width: 768px) {\r\n.febcj69eed533db63f {\r\ndisplay: block;\r\n}\r\n}\r\n@media screen and (max-width: 767px) {\r\n.febcj69eed533db63f {\r\ndisplay: block;\r\n}\r\n}\r\n<\/style>\r\n<div class=\"qwexh69eed533db62b\" ><!--<a href=\"https:\/\/bit.ly\/3QdrqTZ\" target=\"_blank\">\n<img src=\"https:\/\/justicapotiguar.com.br\/wp-content\/uploads\/2023\/09\/desktop-geral.gif\"\/><a\/>--><\/div><style type=\"text\/css\">\r\n.qwexh69eed533db62b {\r\ntext-align: center;\nmargin-bottom: 1em;\r\n}\r\n@media screen and (min-width: 1201px) {\r\n.qwexh69eed533db62b {\r\ndisplay: block;\r\n}\r\n}\r\n@media screen and (min-width: 993px) and (max-width: 1200px) {\r\n.qwexh69eed533db62b {\r\ndisplay: block;\r\n}\r\n}\r\n@media screen and (min-width: 769px) and (max-width: 992px) {\r\n.qwexh69eed533db62b {\r\ndisplay: block;\r\n}\r\n}\r\n@media screen and (min-width: 768px) and (max-width: 768px) {\r\n.qwexh69eed533db62b {\r\ndisplay: none;\r\n}\r\n}\r\n@media screen and (max-width: 767px) {\r\n.qwexh69eed533db62b {\r\ndisplay: none;\r\n}\r\n}\r\n<\/style>\r\n\n\n\n\n<p><br>De outro lado, conforme o julgamento, a pretens\u00e3o de fixa\u00e7\u00e3o de prazo para adequa\u00e7\u00e3o pelo Munic\u00edpio tamb\u00e9m se apresenta leg\u00edtima, diante de que, de fato, a declara\u00e7\u00e3o de inconstitucionalidade promoveu altera\u00e7\u00f5es relevantes na estrutura administrativa local.<\/p>\n\n\n\n<p><br>\u201cDiante de referida realidade, parece-me razo\u00e1vel a atribui\u00e7\u00e3o de efeitos prospectivos de 12 (doze) meses, a contar da publica\u00e7\u00e3o deste Ac\u00f3rd\u00e3o com efeitos ex nunc\u201d, refor\u00e7a.<\/p>\n\n\n\n<p>(A\u00e7\u00e3o Direta de Inconstitucionalidade N\u00ba 0805855-60.2021.8.20.0000)<\/p>\n","protected":false},"excerpt":{"rendered":"<p>Os desembargadores que integram o Plen\u00e1rio do TJRN atenderam pedido do Minist\u00e9rio P\u00fablico, relacionado a um julgamento anterior do colegiado, que considerou como inconstitucional v\u00e1rios artigos e incisos da Lei Complementar Municipal n\u00b0 017\/2017, editada pelo Munic\u00edpio de Macau, que versava sobre a cria\u00e7\u00e3o de cargos comissionados em n\u00famero desproporcional ao de cargos efetivos, com<br \/><a class=\"more-link\" href=\"https:\/\/justicapotiguar.com.br\/index.php\/2022\/10\/13\/lei-sobre-cargos-em-macau-volta-a-ter-recurso-julgado-no-tjrn\/\">Mais&#8230;<\/a><\/p>\n","protected":false},"author":5,"featured_media":0,"comment_status":"open","ping_status":"open","sticky":false,"template":"","format":"standard","meta":[],"categories":[1],"tags":[],"_links":{"self":[{"href":"https:\/\/justicapotiguar.com.br\/index.php\/wp-json\/wp\/v2\/posts\/28592"}],"collection":[{"href":"https:\/\/justicapotiguar.com.br\/index.php\/wp-json\/wp\/v2\/posts"}],"about":[{"href":"https:\/\/justicapotiguar.com.br\/index.php\/wp-json\/wp\/v2\/types\/post"}],"author":[{"embeddable":true,"href":"https:\/\/justicapotiguar.com.br\/index.php\/wp-json\/wp\/v2\/users\/5"}],"replies":[{"embeddable":true,"href":"https:\/\/justicapotiguar.com.br\/index.php\/wp-json\/wp\/v2\/comments?post=28592"}],"version-history":[{"count":1,"href":"https:\/\/justicapotiguar.com.br\/index.php\/wp-json\/wp\/v2\/posts\/28592\/revisions"}],"predecessor-version":[{"id":28593,"href":"https:\/\/justicapotiguar.com.br\/index.php\/wp-json\/wp\/v2\/posts\/28592\/revisions\/28593"}],"wp:attachment":[{"href":"https:\/\/justicapotiguar.com.br\/index.php\/wp-json\/wp\/v2\/media?parent=28592"}],"wp:term":[{"taxonomy":"category","embeddable":true,"href":"https:\/\/justicapotiguar.com.br\/index.php\/wp-json\/wp\/v2\/categories?post=28592"},{"taxonomy":"post_tag","embeddable":true,"href":"https:\/\/justicapotiguar.com.br\/index.php\/wp-json\/wp\/v2\/tags?post=28592"}],"curies":[{"name":"wp","href":"https:\/\/api.w.org\/{rel}","templated":true}]}}