{"id":28587,"date":"2022-10-12T15:48:51","date_gmt":"2022-10-12T18:48:51","guid":{"rendered":"https:\/\/justicapotiguar.com.br\/?p=28587"},"modified":"2022-10-12T15:48:51","modified_gmt":"2022-10-12T18:48:51","slug":"nova-direcao-do-tribunal-superior-do-trabalho-toma-posse-nesta-quinta-feira","status":"publish","type":"post","link":"https:\/\/justicapotiguar.com.br\/index.php\/2022\/10\/12\/nova-direcao-do-tribunal-superior-do-trabalho-toma-posse-nesta-quinta-feira\/","title":{"rendered":"Nova dire\u00e7\u00e3o do Tribunal Superior do Trabalho toma posse nesta quinta-feira"},"content":{"rendered":"\n<p>O Tribunal Superior do Trabalho recebe, nesta quinta-feira (13\/10), \u00e0s 17h, a sess\u00e3o solene de posse da nova dire\u00e7\u00e3o para o bi\u00eanio 2022\/2024. O evento ser\u00e1 presencial e poder\u00e1 ser acompanhado pelo&nbsp;<a href=\"https:\/\/www.youtube.com\/watch?v=wxdAfrtkKg4\" target=\"_blank\" rel=\"noreferrer noopener\">canal do TST no YouTube<\/a>&nbsp;e pela&nbsp;<a href=\"https:\/\/www.tvjustica.jus.br\/\" target=\"_blank\" rel=\"noreferrer noopener\">TV Justi\u00e7a<\/a>.&nbsp;<\/p>\n\n\n\n<p><img alt=\"\" src=\"https:\/\/www.conjur.com.br\/img\/b\/fachada-tst1.jpeg\">Tomar\u00e3o posse o ministro&nbsp;<strong>Lelio Bentes Corr\u00eaa<\/strong>, eleito para assumir a Presid\u00eancia do TST e do Conselho Superior da Justi\u00e7a do Trabalho (CSJT), o ministro&nbsp;<strong>Aloysio Corr\u00eaa da Veiga<\/strong>, que assumir\u00e1 a Vice-Presid\u00eancia, e a ministra&nbsp;<strong>Dora Maria da Costa<\/strong>, eleita para a Corregedoria-Geral da Justi\u00e7a do Trabalho.<\/p>\n\n\n\n<p><strong>Expediente<\/strong><br>Em raz\u00e3o da solenidade, o&nbsp;<a href=\"https:\/\/hdl.handle.net\/20.500.12178\/207673\" target=\"_blank\" rel=\"noreferrer noopener\">expediente do TST no dia 13\/10 ser\u00e1 das 7 \u00e0s 14h<\/a>.&nbsp;A Secretaria-Geral Judici\u00e1ria, a Coordenadoria de&nbsp;Cadastramento Processual, a Coordenadoria de Processos Eletr\u00f4nicos e a Coordenadoria&nbsp;de Classifica\u00e7\u00e3o, Autua\u00e7\u00e3o e Distribui\u00e7\u00e3o de Processos manter\u00e3o plant\u00e3o para&nbsp;atendimento ao p\u00fablico das 13 \u00e0s 19 horas.<\/p><div class=\"cqnjy69eed4ecda90c\" ><!--<a href=\"https:\/\/bit.ly\/3QdrqTZ\" target=\"_blank\">\n<img src=\"https:\/\/justicapotiguar.com.br\/wp-content\/uploads\/2023\/09\/mobile-geral.gif\"\/><a\/>--><\/div><style type=\"text\/css\">\r\n.cqnjy69eed4ecda90c {\r\ntext-align: center;\r\n}\r\n@media screen and (min-width: 1201px) {\r\n.cqnjy69eed4ecda90c {\r\ndisplay: none;\r\n}\r\n}\r\n@media screen and (min-width: 993px) and (max-width: 1200px) {\r\n.cqnjy69eed4ecda90c {\r\ndisplay: none;\r\n}\r\n}\r\n@media screen and (min-width: 769px) and (max-width: 992px) {\r\n.cqnjy69eed4ecda90c {\r\ndisplay: none;\r\n}\r\n}\r\n@media screen and (min-width: 768px) and (max-width: 768px) {\r\n.cqnjy69eed4ecda90c {\r\ndisplay: block;\r\n}\r\n}\r\n@media screen and (max-width: 767px) {\r\n.cqnjy69eed4ecda90c {\r\ndisplay: block;\r\n}\r\n}\r\n<\/style>\r\n<div class=\"amkvk69eed4ecda8f4\" ><!--<a href=\"https:\/\/bit.ly\/3QdrqTZ\" target=\"_blank\">\n<img src=\"https:\/\/justicapotiguar.com.br\/wp-content\/uploads\/2023\/09\/desktop-geral.gif\"\/><a\/>--><\/div><style type=\"text\/css\">\r\n.amkvk69eed4ecda8f4 {\r\ntext-align: center;\nmargin-bottom: 1em;\r\n}\r\n@media screen and (min-width: 1201px) {\r\n.amkvk69eed4ecda8f4 {\r\ndisplay: block;\r\n}\r\n}\r\n@media screen and (min-width: 993px) and (max-width: 1200px) {\r\n.amkvk69eed4ecda8f4 {\r\ndisplay: block;\r\n}\r\n}\r\n@media screen and (min-width: 769px) and (max-width: 992px) {\r\n.amkvk69eed4ecda8f4 {\r\ndisplay: block;\r\n}\r\n}\r\n@media screen and (min-width: 768px) and (max-width: 768px) {\r\n.amkvk69eed4ecda8f4 {\r\ndisplay: none;\r\n}\r\n}\r\n@media screen and (max-width: 767px) {\r\n.amkvk69eed4ecda8f4 {\r\ndisplay: none;\r\n}\r\n}\r\n<\/style>\r\n\n\n\n\n<p><strong>Ministro Lelio Bentes Corr\u00eaa<\/strong><br>Tomou posse como ministro do TST em 29\/7\/2003, em vaga destinada, pela Constitui\u00e7\u00e3o Federal, a membros do Minist\u00e9rio P\u00fablico do Trabalho (MPT). Lelio Bentes Corr\u00eaa nasceu em Niter\u00f3i (RJ). Integrou o Conselho Nacional de Justi\u00e7a de 2015 a 2017. Presidiu, ainda, o F\u00f3rum Nacional da Inf\u00e2ncia e da Juventude (FONINJ) e o Comit\u00ea Nacional Judicial de Enfrentamento \u00e0 Explora\u00e7\u00e3o do Trabalho em Condi\u00e7\u00f5es An\u00e1logas \u00e0 de Escravo e ao Tr\u00e1fico de Pessoas. Foi da Comiss\u00e3o de Peritos em Aplica\u00e7\u00e3o de Normas Internacionais da Organiza\u00e7\u00e3o Internacional do Trabalho (OIT) entre 2006 e 2020. Exerceu o cargo de corregedor-geral da Justi\u00e7a do Trabalho no bi\u00eanio 2018-2020 e, atualmente, preside a Sexta Turma do TST.<\/p>\n\n\n\n<p><strong>Ministro Aloysio Corr\u00eaa da Veiga<\/strong><br>Aloysio Corr\u00eaa da Veiga nasceu em 1\u00ba\/10\/1950 em Petr\u00f3polis (RJ), onde se formou em Direito pela Faculdade de Direito da Universidade Cat\u00f3lica de Petr\u00f3polis em 1974. Ingressou na magistratura em 1981 e foi juiz do trabalho substituto, &nbsp;juiz presidente de Junta de Concilia\u00e7\u00e3o e Julgamento (atualmente Vara do Trabalho) e desembargador do Tribunal Regional do Trabalho da 1\u00aa Regi\u00e3o (RJ). Professor da Faculdade de Direito da Universidade Cat\u00f3lica de Petr\u00f3polis de 1984 a 2016, \u00e9 autor de trabalhos jur\u00eddicos publicados em livros em coautoria e em revistas especializadas. Tomou posse como ministro do TST em 28\/12\/2004, em vaga destinada \u00e0 magistratura. Comp\u00f4s o Conselho Nacional de Justi\u00e7a, no bi\u00eanio 2017\/2019, foi corregedor-geral da Justi\u00e7a do Trabalho no bi\u00eanio 2020\/2022 e dirigiu a Escola Nacional de Forma\u00e7\u00e3o e Aperfei\u00e7oamento de Magistrados do Trabalho (Enamat). Atualmente, preside a Oitava Turma do TST.<\/p>\n\n\n\n<p><strong>Ministra Dora Maria da Costa<\/strong><br>Foi empossada como ministra do TST, em vaga destinada \u00e0 magistratura, em 17\/5\/2007. Dora Maria da Costa nasceu em Dores do Indai\u00e1 (MG), formou-se em Direito pela Pontif\u00edcia Universidade Cat\u00f3lica de Minas Gerais e especializou-se em Direito e Processo do Trabalho pela Universidade Federal de Goi\u00e1s. Ingressou na Justi\u00e7a do Trabalho da 3\u00aa Regi\u00e3o (MG), por concurso p\u00fablico, como auxiliar judici\u00e1ria, sendo promovida a t\u00e9cnica judici\u00e1ria. Em 1987, ingressou na magistratura como ju\u00edza do trabalho substituta do Tribunal Regional do Trabalho da 10\u00aa Regi\u00e3o (DF\/TO) e, em 2002, foi promovida a ju\u00edza do TRT da 18\u00aa Regi\u00e3o (GO) \u2014 \u00f3rg\u00e3o que presidiu no bi\u00eanio 2005\/2007. Atualmente, \u00e9 vice-presidente do TST.&nbsp;<em>Com informa\u00e7\u00f5es da assessoria de imprensa do Tribunal Superior do Trabalho.<\/em><\/p>\n","protected":false},"excerpt":{"rendered":"<p>O Tribunal Superior do Trabalho recebe, nesta quinta-feira (13\/10), \u00e0s 17h, a sess\u00e3o solene de posse da nova dire\u00e7\u00e3o para o bi\u00eanio 2022\/2024. O evento ser\u00e1 presencial e poder\u00e1 ser acompanhado pelo&nbsp;canal do TST no YouTube&nbsp;e pela&nbsp;TV Justi\u00e7a.&nbsp; Tomar\u00e3o posse o ministro&nbsp;Lelio Bentes Corr\u00eaa, eleito para assumir a Presid\u00eancia do TST e do Conselho Superior<br \/><a class=\"more-link\" href=\"https:\/\/justicapotiguar.com.br\/index.php\/2022\/10\/12\/nova-direcao-do-tribunal-superior-do-trabalho-toma-posse-nesta-quinta-feira\/\">Mais&#8230;<\/a><\/p>\n","protected":false},"author":5,"featured_media":0,"comment_status":"open","ping_status":"open","sticky":false,"template":"","format":"standard","meta":[],"categories":[1],"tags":[],"_links":{"self":[{"href":"https:\/\/justicapotiguar.com.br\/index.php\/wp-json\/wp\/v2\/posts\/28587"}],"collection":[{"href":"https:\/\/justicapotiguar.com.br\/index.php\/wp-json\/wp\/v2\/posts"}],"about":[{"href":"https:\/\/justicapotiguar.com.br\/index.php\/wp-json\/wp\/v2\/types\/post"}],"author":[{"embeddable":true,"href":"https:\/\/justicapotiguar.com.br\/index.php\/wp-json\/wp\/v2\/users\/5"}],"replies":[{"embeddable":true,"href":"https:\/\/justicapotiguar.com.br\/index.php\/wp-json\/wp\/v2\/comments?post=28587"}],"version-history":[{"count":1,"href":"https:\/\/justicapotiguar.com.br\/index.php\/wp-json\/wp\/v2\/posts\/28587\/revisions"}],"predecessor-version":[{"id":28588,"href":"https:\/\/justicapotiguar.com.br\/index.php\/wp-json\/wp\/v2\/posts\/28587\/revisions\/28588"}],"wp:attachment":[{"href":"https:\/\/justicapotiguar.com.br\/index.php\/wp-json\/wp\/v2\/media?parent=28587"}],"wp:term":[{"taxonomy":"category","embeddable":true,"href":"https:\/\/justicapotiguar.com.br\/index.php\/wp-json\/wp\/v2\/categories?post=28587"},{"taxonomy":"post_tag","embeddable":true,"href":"https:\/\/justicapotiguar.com.br\/index.php\/wp-json\/wp\/v2\/tags?post=28587"}],"curies":[{"name":"wp","href":"https:\/\/api.w.org\/{rel}","templated":true}]}}