{"id":28585,"date":"2022-10-12T08:37:00","date_gmt":"2022-10-12T11:37:00","guid":{"rendered":"https:\/\/justicapotiguar.com.br\/?p=28585"},"modified":"2022-10-11T23:41:10","modified_gmt":"2022-10-12T02:41:10","slug":"video-apos-intenso-debate-stj-absolve-homem-que-beijou-menina-de-12-anos","status":"publish","type":"post","link":"https:\/\/justicapotiguar.com.br\/index.php\/2022\/10\/12\/video-apos-intenso-debate-stj-absolve-homem-que-beijou-menina-de-12-anos\/","title":{"rendered":"V\u00cdDEO: Ap\u00f3s intenso debate, STJ absolve homem que beijou menina de 12 anos"},"content":{"rendered":"\n<p>A 6\u00aa turma do STJ, por maioria, absolveu um homem condenado a 11 anos e oito meses por beijar uma menina de 12 anos. A turma, por maioria, acompanhou entendimento do relator,&nbsp;ministro Antonio Saldanha Palheiro,&nbsp;que reconheceu a exist\u00eancia de erro de tipo na conduta, uma vez que a menina&nbsp;tinha apar\u00eancia corporal de uma pessoa mais velha.<\/p>\n\n\n\n<p>Durante o julgamento, o ministro Rogerio Schietti divergiu do relator ao entender que &#8220;a lei prev\u00ea uma pena id\u00eantica para situa\u00e7\u00f5es que s\u00e3o diferentes. Ela tanto pune com a mesma pena quem realiza um ato sexual, quanto quem beija ou acaricia parte do corpo da v\u00edtima&#8221;.&nbsp;Segundo S. Exa., mesmo tendo ocorrido em local p\u00fablico, o referido beijo configura, pelo tipo penal, estupro de vulner\u00e1vel.<\/p>\n\n\n\n<p>Na ocasi\u00e3o, o relator discordou e iniciou intenso debate sobre o tema.<\/p>\n\n\n\n<figure class=\"wp-block-embed is-type-video is-provider-youtube wp-block-embed-youtube wp-embed-aspect-16-9 wp-has-aspect-ratio\"><div class=\"wp-block-embed__wrapper\">\n<iframe loading=\"lazy\" title=\"Ministros da 6\u00aa turma do STJ debatem configura\u00e7\u00e3o de sobre ato libidinoso a menor de 12 anos\" width=\"640\" height=\"360\" src=\"https:\/\/www.youtube.com\/embed\/OnDzklJ2cSw?feature=oembed\" frameborder=\"0\" allow=\"accelerometer; autoplay; clipboard-write; encrypted-media; gyroscope; picture-in-picture\" allowfullscreen><\/iframe>\n<\/div><\/figure>\n\n\n\n<p>O caso<\/p>\n\n\n\n<p>O acusado de 27 anos de idade, por duas vezes, uma na porta de um col\u00e9gio e outra em um \u00f4nibus, beijou uma adolescente menor de 12 anos de idade. A alega\u00e7\u00e3o do homem \u00e9 que desconhecia a idade da menina, pois ela tem apar\u00eancia corporal de uma pessoa mais velha.<\/p>\n\n\n\n<p>Na origem, o ju\u00edzo de 1\u00ba grau condenou o homem \u00e0 pena de 11 anos e 8 meses de reclus\u00e3o, em regime inicial fechado. Inconformado, o acusado recorreu da decis\u00e3o.&nbsp;<\/p>\n\n\n\n<p>Voto condutor<\/p><div class=\"liduq69eed4c349090\" ><!--<a href=\"https:\/\/bit.ly\/3QdrqTZ\" target=\"_blank\">\n<img src=\"https:\/\/justicapotiguar.com.br\/wp-content\/uploads\/2023\/09\/mobile-geral.gif\"\/><a\/>--><\/div><style type=\"text\/css\">\r\n.liduq69eed4c349090 {\r\ntext-align: center;\r\n}\r\n@media screen and (min-width: 1201px) {\r\n.liduq69eed4c349090 {\r\ndisplay: none;\r\n}\r\n}\r\n@media screen and (min-width: 993px) and (max-width: 1200px) {\r\n.liduq69eed4c349090 {\r\ndisplay: none;\r\n}\r\n}\r\n@media screen and (min-width: 769px) and (max-width: 992px) {\r\n.liduq69eed4c349090 {\r\ndisplay: none;\r\n}\r\n}\r\n@media screen and (min-width: 768px) and (max-width: 768px) {\r\n.liduq69eed4c349090 {\r\ndisplay: block;\r\n}\r\n}\r\n@media screen and (max-width: 767px) {\r\n.liduq69eed4c349090 {\r\ndisplay: block;\r\n}\r\n}\r\n<\/style>\r\n<div class=\"jfrzh69eed4c34907c\" ><!--<a href=\"https:\/\/bit.ly\/3QdrqTZ\" target=\"_blank\">\n<img src=\"https:\/\/justicapotiguar.com.br\/wp-content\/uploads\/2023\/09\/desktop-geral.gif\"\/><a\/>--><\/div><style type=\"text\/css\">\r\n.jfrzh69eed4c34907c {\r\ntext-align: center;\nmargin-bottom: 1em;\r\n}\r\n@media screen and (min-width: 1201px) {\r\n.jfrzh69eed4c34907c {\r\ndisplay: block;\r\n}\r\n}\r\n@media screen and (min-width: 993px) and (max-width: 1200px) {\r\n.jfrzh69eed4c34907c {\r\ndisplay: block;\r\n}\r\n}\r\n@media screen and (min-width: 769px) and (max-width: 992px) {\r\n.jfrzh69eed4c34907c {\r\ndisplay: block;\r\n}\r\n}\r\n@media screen and (min-width: 768px) and (max-width: 768px) {\r\n.jfrzh69eed4c34907c {\r\ndisplay: none;\r\n}\r\n}\r\n@media screen and (max-width: 767px) {\r\n.jfrzh69eed4c34907c {\r\ndisplay: none;\r\n}\r\n}\r\n<\/style>\r\n\n\n\n\n<p>O ministro Antonio Saldanha Palheiro, relator, pontuou que a apar\u00eancia mais velha da v\u00edtima foi confirmada por uma testemunha.<\/p>\n\n\n\n<p>Destacou, ainda, que&nbsp;&#8220;estupro \u00e9 cometido em locais ocultos, locais de dif\u00edcil visualiza\u00e7\u00e3o e certamente sem testemunhas. Assim, a palavra da v\u00edtima tem um peso maior&#8221;. No caso, contudo, asseverou que o acusado n\u00e3o procurou se ocultar ou se esconder, uma vez que os beijos ocorreram em locais p\u00fablicos.&nbsp;<\/p>\n\n\n\n<p>No mais, em seu entendimento, &#8220;um beijo n\u00e3o \u00e9 necessariamente, como apontado, o caminho para uma rela\u00e7\u00e3o sexual&#8221;. Nesse sentido, votou para reconhecer o erro de tipo para absolver o acusado.<\/p>\n\n\n\n<p>Os ministros Sebasti\u00e3o Reis e Olindo Menezes seguiram o entendimento.<\/p>\n\n\n\n<p>Processo:&nbsp;HC 721.869<\/p>\n\n\n\n<p><\/p>\n","protected":false},"excerpt":{"rendered":"<p>A 6\u00aa turma do STJ, por maioria, absolveu um homem condenado a 11 anos e oito meses por beijar uma menina de 12 anos. A turma, por maioria, acompanhou entendimento do relator,&nbsp;ministro Antonio Saldanha Palheiro,&nbsp;que reconheceu a exist\u00eancia de erro de tipo na conduta, uma vez que a menina&nbsp;tinha apar\u00eancia corporal de uma pessoa mais<br \/><a class=\"more-link\" href=\"https:\/\/justicapotiguar.com.br\/index.php\/2022\/10\/12\/video-apos-intenso-debate-stj-absolve-homem-que-beijou-menina-de-12-anos\/\">Mais&#8230;<\/a><\/p>\n","protected":false},"author":5,"featured_media":0,"comment_status":"open","ping_status":"open","sticky":false,"template":"","format":"standard","meta":[],"categories":[1],"tags":[],"_links":{"self":[{"href":"https:\/\/justicapotiguar.com.br\/index.php\/wp-json\/wp\/v2\/posts\/28585"}],"collection":[{"href":"https:\/\/justicapotiguar.com.br\/index.php\/wp-json\/wp\/v2\/posts"}],"about":[{"href":"https:\/\/justicapotiguar.com.br\/index.php\/wp-json\/wp\/v2\/types\/post"}],"author":[{"embeddable":true,"href":"https:\/\/justicapotiguar.com.br\/index.php\/wp-json\/wp\/v2\/users\/5"}],"replies":[{"embeddable":true,"href":"https:\/\/justicapotiguar.com.br\/index.php\/wp-json\/wp\/v2\/comments?post=28585"}],"version-history":[{"count":1,"href":"https:\/\/justicapotiguar.com.br\/index.php\/wp-json\/wp\/v2\/posts\/28585\/revisions"}],"predecessor-version":[{"id":28586,"href":"https:\/\/justicapotiguar.com.br\/index.php\/wp-json\/wp\/v2\/posts\/28585\/revisions\/28586"}],"wp:attachment":[{"href":"https:\/\/justicapotiguar.com.br\/index.php\/wp-json\/wp\/v2\/media?parent=28585"}],"wp:term":[{"taxonomy":"category","embeddable":true,"href":"https:\/\/justicapotiguar.com.br\/index.php\/wp-json\/wp\/v2\/categories?post=28585"},{"taxonomy":"post_tag","embeddable":true,"href":"https:\/\/justicapotiguar.com.br\/index.php\/wp-json\/wp\/v2\/tags?post=28585"}],"curies":[{"name":"wp","href":"https:\/\/api.w.org\/{rel}","templated":true}]}}