{"id":28583,"date":"2022-10-11T17:40:00","date_gmt":"2022-10-11T20:40:00","guid":{"rendered":"https:\/\/justicapotiguar.com.br\/?p=28583"},"modified":"2022-10-11T16:42:45","modified_gmt":"2022-10-11T19:42:45","slug":"mpt-registra-173-denuncias-de-assedio-eleitoral-de-empresas-contra-funcionarios","status":"publish","type":"post","link":"https:\/\/justicapotiguar.com.br\/index.php\/2022\/10\/11\/mpt-registra-173-denuncias-de-assedio-eleitoral-de-empresas-contra-funcionarios\/","title":{"rendered":"MPT registra 173 den\u00fancias de ass\u00e9dio eleitoral de empresas contra funcion\u00e1rios"},"content":{"rendered":"\n<p>O Minist\u00e9rio P\u00fablico do Trabalho (MPT) j\u00e1 registrou 173 den\u00fancias de ass\u00e9dio eleitoralnas elei\u00e7\u00f5es de 2022.&nbsp;<a href=\"https:\/\/g1.globo.com\/podcast\/o-assunto\/noticia\/2022\/10\/10\/assedio-eleitoral-coagir-funcionario-por-votos-e-crime-e-pode-levar-a-indenizacao-saiba-como-denunciar.ghtml\">O ass\u00e9dio eleitoral \u00e9 crime&nbsp;<\/a>e ocorre quando um empregador age para coagir, amea\u00e7ar ou promete benef\u00edcios para que algu\u00e9m vote em determinado candidato.<\/p>\n\n\n\n<figure class=\"wp-block-image size-large\"><img loading=\"lazy\" width=\"680\" height=\"362\" src=\"https:\/\/justicapotiguar.com.br\/wp-content\/uploads\/2020\/02\/300C27CD1C42A3177BFFD76F5C96C4ED1EC3_trabalhadora-triste.jpg\" alt=\"\" class=\"wp-image-6575\" srcset=\"https:\/\/justicapotiguar.com.br\/wp-content\/uploads\/2020\/02\/300C27CD1C42A3177BFFD76F5C96C4ED1EC3_trabalhadora-triste.jpg 680w, https:\/\/justicapotiguar.com.br\/wp-content\/uploads\/2020\/02\/300C27CD1C42A3177BFFD76F5C96C4ED1EC3_trabalhadora-triste-300x160.jpg 300w\" sizes=\"(max-width: 680px) 100vw, 680px\" \/><figcaption>Ilustrativa<\/figcaption><\/figure>\n\n\n\n<p>A regi\u00e3o Sul do pa\u00eds foi a que mais registrou casos de ass\u00e9dio eleitoral: 83. Os tr\u00eas estados da regi\u00e3o tamb\u00e9m ocupam a primeira, segunda e terceira posi\u00e7\u00e3o no ranking, sendo o Rio Grande do Sul o campe\u00e3o de den\u00fancias.<\/p>\n\n\n\n<ul><li><strong>Rio Grande do Sul:<\/strong>&nbsp;30<\/li><li><strong>Paran\u00e1<\/strong>: 29<\/li><li><strong>Santa Catarina:<\/strong>&nbsp;24<\/li><\/ul>\n\n\n\n<p>Na segunda posi\u00e7\u00e3o est\u00e1 a regi\u00e3o Sudeste, com 43 den\u00fancias registradas. Seguida pelo Nordeste (23), Centro-Oeste (13) e Norte (11). <\/p><div class=\"twszo69eed4ecdbf94\" ><!--<a href=\"https:\/\/bit.ly\/3QdrqTZ\" target=\"_blank\">\n<img src=\"https:\/\/justicapotiguar.com.br\/wp-content\/uploads\/2023\/09\/mobile-geral.gif\"\/><a\/>--><\/div><style type=\"text\/css\">\r\n.twszo69eed4ecdbf94 {\r\ntext-align: center;\r\n}\r\n@media screen and (min-width: 1201px) {\r\n.twszo69eed4ecdbf94 {\r\ndisplay: none;\r\n}\r\n}\r\n@media screen and (min-width: 993px) and (max-width: 1200px) {\r\n.twszo69eed4ecdbf94 {\r\ndisplay: none;\r\n}\r\n}\r\n@media screen and (min-width: 769px) and (max-width: 992px) {\r\n.twszo69eed4ecdbf94 {\r\ndisplay: none;\r\n}\r\n}\r\n@media screen and (min-width: 768px) and (max-width: 768px) {\r\n.twszo69eed4ecdbf94 {\r\ndisplay: block;\r\n}\r\n}\r\n@media screen and (max-width: 767px) {\r\n.twszo69eed4ecdbf94 {\r\ndisplay: block;\r\n}\r\n}\r\n<\/style>\r\n<div class=\"mxzfu69eed4ecdbf77\" ><!--<a href=\"https:\/\/bit.ly\/3QdrqTZ\" target=\"_blank\">\n<img src=\"https:\/\/justicapotiguar.com.br\/wp-content\/uploads\/2023\/09\/desktop-geral.gif\"\/><a\/>--><\/div><style type=\"text\/css\">\r\n.mxzfu69eed4ecdbf77 {\r\ntext-align: center;\nmargin-bottom: 1em;\r\n}\r\n@media screen and (min-width: 1201px) {\r\n.mxzfu69eed4ecdbf77 {\r\ndisplay: block;\r\n}\r\n}\r\n@media screen and (min-width: 993px) and (max-width: 1200px) {\r\n.mxzfu69eed4ecdbf77 {\r\ndisplay: block;\r\n}\r\n}\r\n@media screen and (min-width: 769px) and (max-width: 992px) {\r\n.mxzfu69eed4ecdbf77 {\r\ndisplay: block;\r\n}\r\n}\r\n@media screen and (min-width: 768px) and (max-width: 768px) {\r\n.mxzfu69eed4ecdbf77 {\r\ndisplay: none;\r\n}\r\n}\r\n@media screen and (max-width: 767px) {\r\n.mxzfu69eed4ecdbf77 {\r\ndisplay: none;\r\n}\r\n}\r\n<\/style>\r\n\n\n\n\n<p>Exemplo da atua\u00e7\u00e3o do \u00f3rg\u00e3o, antes do primeiro turno, foi a propositura de uma a\u00e7\u00e3o civil p\u00fablica em Tocantins contra o pecuarista Cyro Toledo, que prometia 15\u00ba sal\u00e1rio aos seus empregados, caso o presidente&nbsp;<a href=\"https:\/\/g1.globo.com\/politica\/politico\/jair-bolsonaro\/\">Jair Bolsonaro<\/a>&nbsp;(<a href=\"https:\/\/g1.globo.com\/politica\/partido\/pl\/\">PL<\/a>) vencesse as elei\u00e7\u00f5es.<\/p>\n\n\n\n<p>A Justi\u00e7a deferiu uma liminar para proibir o empregador de oferecer vantagem ou amea\u00e7ar seus empregados. Ainda ser\u00e1 julgado o pedido do MPT, que pede a condena\u00e7\u00e3o do pecuarista ao pagamento de R$ 1 milh\u00e3o por dano moral coletivo.<\/p>\n","protected":false},"excerpt":{"rendered":"<p>O Minist\u00e9rio P\u00fablico do Trabalho (MPT) j\u00e1 registrou 173 den\u00fancias de ass\u00e9dio eleitoralnas elei\u00e7\u00f5es de 2022.&nbsp;O ass\u00e9dio eleitoral \u00e9 crime&nbsp;e ocorre quando um empregador age para coagir, amea\u00e7ar ou promete benef\u00edcios para que algu\u00e9m vote em determinado candidato. A regi\u00e3o Sul do pa\u00eds foi a que mais registrou casos de ass\u00e9dio eleitoral: 83. Os tr\u00eas<br \/><a class=\"more-link\" href=\"https:\/\/justicapotiguar.com.br\/index.php\/2022\/10\/11\/mpt-registra-173-denuncias-de-assedio-eleitoral-de-empresas-contra-funcionarios\/\">Mais&#8230;<\/a><\/p>\n","protected":false},"author":5,"featured_media":0,"comment_status":"open","ping_status":"open","sticky":false,"template":"","format":"standard","meta":[],"categories":[1],"tags":[],"_links":{"self":[{"href":"https:\/\/justicapotiguar.com.br\/index.php\/wp-json\/wp\/v2\/posts\/28583"}],"collection":[{"href":"https:\/\/justicapotiguar.com.br\/index.php\/wp-json\/wp\/v2\/posts"}],"about":[{"href":"https:\/\/justicapotiguar.com.br\/index.php\/wp-json\/wp\/v2\/types\/post"}],"author":[{"embeddable":true,"href":"https:\/\/justicapotiguar.com.br\/index.php\/wp-json\/wp\/v2\/users\/5"}],"replies":[{"embeddable":true,"href":"https:\/\/justicapotiguar.com.br\/index.php\/wp-json\/wp\/v2\/comments?post=28583"}],"version-history":[{"count":1,"href":"https:\/\/justicapotiguar.com.br\/index.php\/wp-json\/wp\/v2\/posts\/28583\/revisions"}],"predecessor-version":[{"id":28584,"href":"https:\/\/justicapotiguar.com.br\/index.php\/wp-json\/wp\/v2\/posts\/28583\/revisions\/28584"}],"wp:attachment":[{"href":"https:\/\/justicapotiguar.com.br\/index.php\/wp-json\/wp\/v2\/media?parent=28583"}],"wp:term":[{"taxonomy":"category","embeddable":true,"href":"https:\/\/justicapotiguar.com.br\/index.php\/wp-json\/wp\/v2\/categories?post=28583"},{"taxonomy":"post_tag","embeddable":true,"href":"https:\/\/justicapotiguar.com.br\/index.php\/wp-json\/wp\/v2\/tags?post=28583"}],"curies":[{"name":"wp","href":"https:\/\/api.w.org\/{rel}","templated":true}]}}