{"id":28578,"date":"2022-10-11T15:08:17","date_gmt":"2022-10-11T18:08:17","guid":{"rendered":"https:\/\/justicapotiguar.com.br\/?p=28578"},"modified":"2022-10-11T15:08:17","modified_gmt":"2022-10-11T18:08:17","slug":"tres-promotores-de-justica-vao-concorrer-ao-cargo-de-ouvidor-geral-do-mprn","status":"publish","type":"post","link":"https:\/\/justicapotiguar.com.br\/index.php\/2022\/10\/11\/tres-promotores-de-justica-vao-concorrer-ao-cargo-de-ouvidor-geral-do-mprn\/","title":{"rendered":"Tr\u00eas promotores de Justi\u00e7a v\u00e3o concorrer ao cargo de ouvidor-geral do MPRN"},"content":{"rendered":"\n<figure class=\"wp-block-image\"><img src=\"https:\/\/www.mprn.mp.br\/wp-content\/uploads\/2022\/10\/WhatsApp-Image-2022-10-11-at-13.27.30.jpeg\" alt=\"\"\/><\/figure>\n\n\n\n<p><\/p>\n\n\n\n<p>Os promotores de Justi\u00e7a Rodrigo Pessoa de Morais, Mariana Marinho Barbalho e Mac Lennon Lira dos Santos Leite ir\u00e3o disputar o cargo de ouvidor-geral do Minist\u00e9rio P\u00fablico do Rio Grande do Norte (MPRN). A elei\u00e7\u00e3o est\u00e1 marcada para o pr\u00f3ximo dia 21.<\/p>\n\n\n\n<p>A presid\u00eancia da Mesa Eleitoral publicou na edi\u00e7\u00e3o desta ter\u00e7a-feira (10) do Di\u00e1rio Oficial do Estado (DOE) a lista confirmando as inscri\u00e7\u00f5es deles no pleito. Foi concedido o prazo de 48 horas para impugna\u00e7\u00e3o ao pedido de inscri\u00e7\u00e3o dos candidatos.<\/p><div class=\"vgxpp69eeec7b875f4\" ><!--<a href=\"https:\/\/bit.ly\/3QdrqTZ\" target=\"_blank\">\n<img src=\"https:\/\/justicapotiguar.com.br\/wp-content\/uploads\/2023\/09\/mobile-geral.gif\"\/><a\/>--><\/div><style type=\"text\/css\">\r\n.vgxpp69eeec7b875f4 {\r\ntext-align: center;\r\n}\r\n@media screen and (min-width: 1201px) {\r\n.vgxpp69eeec7b875f4 {\r\ndisplay: none;\r\n}\r\n}\r\n@media screen and (min-width: 993px) and (max-width: 1200px) {\r\n.vgxpp69eeec7b875f4 {\r\ndisplay: none;\r\n}\r\n}\r\n@media screen and (min-width: 769px) and (max-width: 992px) {\r\n.vgxpp69eeec7b875f4 {\r\ndisplay: none;\r\n}\r\n}\r\n@media screen and (min-width: 768px) and (max-width: 768px) {\r\n.vgxpp69eeec7b875f4 {\r\ndisplay: block;\r\n}\r\n}\r\n@media screen and (max-width: 767px) {\r\n.vgxpp69eeec7b875f4 {\r\ndisplay: block;\r\n}\r\n}\r\n<\/style>\r\n<div class=\"xouhv69eeec7b875db\" ><!--<a href=\"https:\/\/bit.ly\/3QdrqTZ\" target=\"_blank\">\n<img src=\"https:\/\/justicapotiguar.com.br\/wp-content\/uploads\/2023\/09\/desktop-geral.gif\"\/><a\/>--><\/div><style type=\"text\/css\">\r\n.xouhv69eeec7b875db {\r\ntext-align: center;\nmargin-bottom: 1em;\r\n}\r\n@media screen and (min-width: 1201px) {\r\n.xouhv69eeec7b875db {\r\ndisplay: block;\r\n}\r\n}\r\n@media screen and (min-width: 993px) and (max-width: 1200px) {\r\n.xouhv69eeec7b875db {\r\ndisplay: block;\r\n}\r\n}\r\n@media screen and (min-width: 769px) and (max-width: 992px) {\r\n.xouhv69eeec7b875db {\r\ndisplay: block;\r\n}\r\n}\r\n@media screen and (min-width: 768px) and (max-width: 768px) {\r\n.xouhv69eeec7b875db {\r\ndisplay: none;\r\n}\r\n}\r\n@media screen and (max-width: 767px) {\r\n.xouhv69eeec7b875db {\r\ndisplay: none;\r\n}\r\n}\r\n<\/style>\r\n\n\n\n\n<p>Debate<br>Nesta segunda (9), o plen\u00e1rio da sede da Procuradoria Geral de Justi\u00e7a recebeu um debate in\u00e9dito entre os tr\u00eas candidatos. A iniciativa foi da Ampern, com o apoio da PGJ. O evento aconteceu de forma h\u00edbrida, com os candidatos no Plen\u00e1rio da PGJ e expressiva participa\u00e7\u00e3o dos membros por meio virtual.<\/p>\n\n\n\n<p>O debate, que teve media\u00e7\u00e3o do jornalista Fred Carvalho, foi aberto pela presidente da Ampern, promotora de Justi\u00e7a Juliana Limeira, que estava acompanhada do vice-presidente, Clayton Barreto, e das diretoras Mariana Rebello e Melissa Barbosa.<\/p>\n\n\n\n<p>O evento contou com participa\u00e7\u00e3o in loco da procuradoria geral de Justi\u00e7a, Elaine Cardoso, do PGJ adjunto, Glaucio Pinto Garcia, e da corregedora geral do MPRN, Iadya Gama Maio.<\/p>\n","protected":false},"excerpt":{"rendered":"<p>Os promotores de Justi\u00e7a Rodrigo Pessoa de Morais, Mariana Marinho Barbalho e Mac Lennon Lira dos Santos Leite ir\u00e3o disputar o cargo de ouvidor-geral do Minist\u00e9rio P\u00fablico do Rio Grande do Norte (MPRN). A elei\u00e7\u00e3o est\u00e1 marcada para o pr\u00f3ximo dia 21. A presid\u00eancia da Mesa Eleitoral publicou na edi\u00e7\u00e3o desta ter\u00e7a-feira (10) do Di\u00e1rio<br \/><a class=\"more-link\" href=\"https:\/\/justicapotiguar.com.br\/index.php\/2022\/10\/11\/tres-promotores-de-justica-vao-concorrer-ao-cargo-de-ouvidor-geral-do-mprn\/\">Mais&#8230;<\/a><\/p>\n","protected":false},"author":5,"featured_media":0,"comment_status":"open","ping_status":"open","sticky":false,"template":"","format":"standard","meta":[],"categories":[1],"tags":[],"_links":{"self":[{"href":"https:\/\/justicapotiguar.com.br\/index.php\/wp-json\/wp\/v2\/posts\/28578"}],"collection":[{"href":"https:\/\/justicapotiguar.com.br\/index.php\/wp-json\/wp\/v2\/posts"}],"about":[{"href":"https:\/\/justicapotiguar.com.br\/index.php\/wp-json\/wp\/v2\/types\/post"}],"author":[{"embeddable":true,"href":"https:\/\/justicapotiguar.com.br\/index.php\/wp-json\/wp\/v2\/users\/5"}],"replies":[{"embeddable":true,"href":"https:\/\/justicapotiguar.com.br\/index.php\/wp-json\/wp\/v2\/comments?post=28578"}],"version-history":[{"count":1,"href":"https:\/\/justicapotiguar.com.br\/index.php\/wp-json\/wp\/v2\/posts\/28578\/revisions"}],"predecessor-version":[{"id":28579,"href":"https:\/\/justicapotiguar.com.br\/index.php\/wp-json\/wp\/v2\/posts\/28578\/revisions\/28579"}],"wp:attachment":[{"href":"https:\/\/justicapotiguar.com.br\/index.php\/wp-json\/wp\/v2\/media?parent=28578"}],"wp:term":[{"taxonomy":"category","embeddable":true,"href":"https:\/\/justicapotiguar.com.br\/index.php\/wp-json\/wp\/v2\/categories?post=28578"},{"taxonomy":"post_tag","embeddable":true,"href":"https:\/\/justicapotiguar.com.br\/index.php\/wp-json\/wp\/v2\/tags?post=28578"}],"curies":[{"name":"wp","href":"https:\/\/api.w.org\/{rel}","templated":true}]}}