{"id":28574,"date":"2022-10-11T11:15:55","date_gmt":"2022-10-11T14:15:55","guid":{"rendered":"https:\/\/justicapotiguar.com.br\/?p=28574"},"modified":"2022-10-11T11:15:55","modified_gmt":"2022-10-11T14:15:55","slug":"stj-determina-afastamento-do-governador-de-alagoas-durante-investigacao","status":"publish","type":"post","link":"https:\/\/justicapotiguar.com.br\/index.php\/2022\/10\/11\/stj-determina-afastamento-do-governador-de-alagoas-durante-investigacao\/","title":{"rendered":"STJ determina afastamento do governador de Alagoas durante investiga\u00e7\u00e3o"},"content":{"rendered":"\n<p>Por determina\u00e7\u00e3o do Superior Tribunal de Justi\u00e7a, o Minist\u00e9rio P\u00fablico Federal e a Pol\u00edcia Federal cumprem, nesta ter\u00e7a-feira (11\/10),&nbsp;medidas cautelares ligadas \u00e0 investiga\u00e7\u00e3o de desvios de recursos p\u00fablicos no estado do Alagoas. &nbsp;<\/p>\n\n\n\n<figure class=\"wp-block-image\"><img src=\"https:\/\/www.conjur.com.br\/img\/b\/paulo-dantas.jpeg\" alt=\"\"\/><figcaption><sup>Assembleia Legislativa de Alagoas\/Divulga\u00e7\u00e3o&nbsp; &nbsp;<\/sup>Dantas, candidato \u00e0 reelei\u00e7\u00e3o, teve o celular apreendido e o afastamento determinado<\/figcaption><\/figure>\n\n\n\n<p>Com a chancela da relatora do inqu\u00e9rito, ministra Laurita Vaz, o governador alagoano Paulo Dantas (MDB) foi afastado cautelarmente por 180 dias. Al\u00e9m disso, mais de 30 mandados de busca e apreens\u00e3o foram cumpridos.<\/p>\n\n\n\n<p>As medidas aplicadas envolvem o sequestro de bens e valores equivalentes a R$ 54 milh\u00f5es. A&nbsp;investiga\u00e7\u00e3o indicaria a ocorr\u00eancia de crimes como peculato e lavagem de dinheiro em um esquema de &#8220;rachadinha&#8221; na Assembleia Legislativa.<\/p>\n\n\n\n<p>De acordo com o Minist\u00e9rio P\u00fablico Federal,&nbsp;&#8220;os investigados est\u00e3o impedidos de manter contato entre si e de frequentar os \u00f3rg\u00e3os p\u00fablicos envolvidos na investiga\u00e7\u00e3o&#8221;. Parte do valor desviado por eles teria sido usado para o pagamento de despesas pessoais, advogados e familiares.<\/p><div class=\"pxhpg69eedeadb5411\" ><!--<a href=\"https:\/\/bit.ly\/3QdrqTZ\" target=\"_blank\">\n<img src=\"https:\/\/justicapotiguar.com.br\/wp-content\/uploads\/2023\/09\/mobile-geral.gif\"\/><a\/>--><\/div><style type=\"text\/css\">\r\n.pxhpg69eedeadb5411 {\r\ntext-align: center;\r\n}\r\n@media screen and (min-width: 1201px) {\r\n.pxhpg69eedeadb5411 {\r\ndisplay: none;\r\n}\r\n}\r\n@media screen and (min-width: 993px) and (max-width: 1200px) {\r\n.pxhpg69eedeadb5411 {\r\ndisplay: none;\r\n}\r\n}\r\n@media screen and (min-width: 769px) and (max-width: 992px) {\r\n.pxhpg69eedeadb5411 {\r\ndisplay: none;\r\n}\r\n}\r\n@media screen and (min-width: 768px) and (max-width: 768px) {\r\n.pxhpg69eedeadb5411 {\r\ndisplay: block;\r\n}\r\n}\r\n@media screen and (max-width: 767px) {\r\n.pxhpg69eedeadb5411 {\r\ndisplay: block;\r\n}\r\n}\r\n<\/style>\r\n<div class=\"plmyt69eedeadb53fe\" ><!--<a href=\"https:\/\/bit.ly\/3QdrqTZ\" target=\"_blank\">\n<img src=\"https:\/\/justicapotiguar.com.br\/wp-content\/uploads\/2023\/09\/desktop-geral.gif\"\/><a\/>--><\/div><style type=\"text\/css\">\r\n.plmyt69eedeadb53fe {\r\ntext-align: center;\nmargin-bottom: 1em;\r\n}\r\n@media screen and (min-width: 1201px) {\r\n.plmyt69eedeadb53fe {\r\ndisplay: block;\r\n}\r\n}\r\n@media screen and (min-width: 993px) and (max-width: 1200px) {\r\n.plmyt69eedeadb53fe {\r\ndisplay: block;\r\n}\r\n}\r\n@media screen and (min-width: 769px) and (max-width: 992px) {\r\n.plmyt69eedeadb53fe {\r\ndisplay: block;\r\n}\r\n}\r\n@media screen and (min-width: 768px) and (max-width: 768px) {\r\n.plmyt69eedeadb53fe {\r\ndisplay: none;\r\n}\r\n}\r\n@media screen and (max-width: 767px) {\r\n.plmyt69eedeadb53fe {\r\ndisplay: none;\r\n}\r\n}\r\n<\/style>\r\n\n\n\n\n<p>Em nota, o MPF e a PF afirmam que a &#8220;necessidade e a urg\u00eancia das medidas cautelares foram amplamente demonstradas nos autos da investiga\u00e7\u00e3o policial&#8221;, mas, segundo a&nbsp;<em>Folha de S.Paulo<\/em>, os fatos investigados remontam \u00e0 \u00e9poca em que Dantas era deputado estadual.<\/p>\n\n\n\n<p>Paulo Dantas assumiu o governo do estado em maio deste ano por meio de uma elei\u00e7\u00e3o indireta entre os membros da Assembleia Legislativa. O ex-governador, Renan Filho, e seu vice, Luciano Barbosa, tinham deixado os respectivos cargos para concorrer nas elei\u00e7\u00f5es. Dantas concorre \u00e0 reelei\u00e7\u00e3o.<\/p>\n\n\n\n<p><strong>Inq\u00a01.582<\/strong><\/p>\n\n\n\n<p>Conjur<\/p>\n","protected":false},"excerpt":{"rendered":"<p>Por determina\u00e7\u00e3o do Superior Tribunal de Justi\u00e7a, o Minist\u00e9rio P\u00fablico Federal e a Pol\u00edcia Federal cumprem, nesta ter\u00e7a-feira (11\/10),&nbsp;medidas cautelares ligadas \u00e0 investiga\u00e7\u00e3o de desvios de recursos p\u00fablicos no estado do Alagoas. &nbsp; Com a chancela da relatora do inqu\u00e9rito, ministra Laurita Vaz, o governador alagoano Paulo Dantas (MDB) foi afastado cautelarmente por 180 dias.<br \/><a class=\"more-link\" href=\"https:\/\/justicapotiguar.com.br\/index.php\/2022\/10\/11\/stj-determina-afastamento-do-governador-de-alagoas-durante-investigacao\/\">Mais&#8230;<\/a><\/p>\n","protected":false},"author":5,"featured_media":0,"comment_status":"open","ping_status":"open","sticky":false,"template":"","format":"standard","meta":[],"categories":[1],"tags":[],"_links":{"self":[{"href":"https:\/\/justicapotiguar.com.br\/index.php\/wp-json\/wp\/v2\/posts\/28574"}],"collection":[{"href":"https:\/\/justicapotiguar.com.br\/index.php\/wp-json\/wp\/v2\/posts"}],"about":[{"href":"https:\/\/justicapotiguar.com.br\/index.php\/wp-json\/wp\/v2\/types\/post"}],"author":[{"embeddable":true,"href":"https:\/\/justicapotiguar.com.br\/index.php\/wp-json\/wp\/v2\/users\/5"}],"replies":[{"embeddable":true,"href":"https:\/\/justicapotiguar.com.br\/index.php\/wp-json\/wp\/v2\/comments?post=28574"}],"version-history":[{"count":1,"href":"https:\/\/justicapotiguar.com.br\/index.php\/wp-json\/wp\/v2\/posts\/28574\/revisions"}],"predecessor-version":[{"id":28575,"href":"https:\/\/justicapotiguar.com.br\/index.php\/wp-json\/wp\/v2\/posts\/28574\/revisions\/28575"}],"wp:attachment":[{"href":"https:\/\/justicapotiguar.com.br\/index.php\/wp-json\/wp\/v2\/media?parent=28574"}],"wp:term":[{"taxonomy":"category","embeddable":true,"href":"https:\/\/justicapotiguar.com.br\/index.php\/wp-json\/wp\/v2\/categories?post=28574"},{"taxonomy":"post_tag","embeddable":true,"href":"https:\/\/justicapotiguar.com.br\/index.php\/wp-json\/wp\/v2\/tags?post=28574"}],"curies":[{"name":"wp","href":"https:\/\/api.w.org\/{rel}","templated":true}]}}