{"id":28572,"date":"2022-10-11T09:47:49","date_gmt":"2022-10-11T12:47:49","guid":{"rendered":"https:\/\/justicapotiguar.com.br\/?p=28572"},"modified":"2022-10-11T09:47:49","modified_gmt":"2022-10-11T12:47:49","slug":"crianca-diagnosticada-com-autismo-continuara-tratamento-com-profissionais-que-a-acompanham-no-rn","status":"publish","type":"post","link":"https:\/\/justicapotiguar.com.br\/index.php\/2022\/10\/11\/crianca-diagnosticada-com-autismo-continuara-tratamento-com-profissionais-que-a-acompanham-no-rn\/","title":{"rendered":"Crian\u00e7a diagnosticada com autismo continuar\u00e1 tratamento com profissionais que a acompanham no RN"},"content":{"rendered":"\n<p>O juiz convocado para o Pleno do TJRN Diego Cabral, em atua\u00e7\u00e3o no gabinete do desembargador Virg\u00edlio Macedo Jr., determinou a manuten\u00e7\u00e3o e o custeio, por parte de um plano de sa\u00fade, das despesas referentes ao tratamento de uma crian\u00e7a diagnosticada com transtorno do espectro autista, com os profissionais que atualmente a acompanham, sendo tal custeio limitado ao valor de tabela utilizada pelo plano de sa\u00fade para os reembolsos.<br>&nbsp;<\/p>\n\n\n\n<p><br>A determina\u00e7\u00e3o atende a um recurso interposto pela representante da menina em Ju\u00edzo, sua m\u00e3e, contra decis\u00e3o da 15\u00aa Vara C\u00edvel de Natal que deferiu, em parte, a medida liminar pleiteada pela autora determinando que o plano autorize, no prazo de dez dias, o tratamento requerido pela autora, desde que prescrito expressamente pelo profissional m\u00e9dico que a assiste.<br>&nbsp;<\/p>\n\n\n\n<p><br>Pela decis\u00e3o recorrida, o plano deveria arcar com o custeio, quer seja por meio da rede credenciada ou por meio de profissionais de escolha da autora, na hip\u00f3tese de inexist\u00eancia de rede credenciada com a aptid\u00e3o especifica requerida, sob pena da incid\u00eancia de multa di\u00e1ria no valor de R$ 500,00.<br>&nbsp;<\/p>\n\n\n\n<p><br>A m\u00e3e da crian\u00e7a recorreu porque os profissionais que atendem a paciente n\u00e3o pertencem aos quadros do plano de sa\u00fade. No recurso, ela afirmou que sua filha foi diagnosticada com transtorno do espectro autista e que apresentou requerimento ao Ju\u00edzo de primeiro grau para que fossem mantidos os profissionais atuais, por ter a paciente criado v\u00ednculo afetivo com eles.<br>&nbsp;<\/p>\n\n\n\n<p><br>Para tanto, ela ressaltou que, qualquer quantia que, porventura, ultrapassar o valor que seria pago pelo plano de sa\u00fade da crian\u00e7a \u00e0 cl\u00ednica credenciada, ser\u00e1 arcado inteiramente pela fam\u00edlia, de modo que o plano de sa\u00fade n\u00e3o tera qualquer preju\u00edzo financeiro.<br>&nbsp;<\/p>\n\n\n\n<p><br>Para basear seu pedido, transcreveu precedentes da Corte potiguar de Justi\u00e7a e, ao final, requereu que seja autorizada a manuten\u00e7\u00e3o e custeio do tratamento com os profissionais atuais, por tempo indeterminado, tomando como par\u00e2metro o valor da tabela de ressarcimento do plano de sa\u00fade.<br>&nbsp;<\/p><div class=\"famzm69eedee056749\" ><!--<a href=\"https:\/\/bit.ly\/3QdrqTZ\" target=\"_blank\">\n<img src=\"https:\/\/justicapotiguar.com.br\/wp-content\/uploads\/2023\/09\/mobile-geral.gif\"\/><a\/>--><\/div><style type=\"text\/css\">\r\n.famzm69eedee056749 {\r\ntext-align: center;\r\n}\r\n@media screen and (min-width: 1201px) {\r\n.famzm69eedee056749 {\r\ndisplay: none;\r\n}\r\n}\r\n@media screen and (min-width: 993px) and (max-width: 1200px) {\r\n.famzm69eedee056749 {\r\ndisplay: none;\r\n}\r\n}\r\n@media screen and (min-width: 769px) and (max-width: 992px) {\r\n.famzm69eedee056749 {\r\ndisplay: none;\r\n}\r\n}\r\n@media screen and (min-width: 768px) and (max-width: 768px) {\r\n.famzm69eedee056749 {\r\ndisplay: block;\r\n}\r\n}\r\n@media screen and (max-width: 767px) {\r\n.famzm69eedee056749 {\r\ndisplay: block;\r\n}\r\n}\r\n<\/style>\r\n<div class=\"bvfkx69eedee056730\" ><!--<a href=\"https:\/\/bit.ly\/3QdrqTZ\" target=\"_blank\">\n<img src=\"https:\/\/justicapotiguar.com.br\/wp-content\/uploads\/2023\/09\/desktop-geral.gif\"\/><a\/>--><\/div><style type=\"text\/css\">\r\n.bvfkx69eedee056730 {\r\ntext-align: center;\nmargin-bottom: 1em;\r\n}\r\n@media screen and (min-width: 1201px) {\r\n.bvfkx69eedee056730 {\r\ndisplay: block;\r\n}\r\n}\r\n@media screen and (min-width: 993px) and (max-width: 1200px) {\r\n.bvfkx69eedee056730 {\r\ndisplay: block;\r\n}\r\n}\r\n@media screen and (min-width: 769px) and (max-width: 992px) {\r\n.bvfkx69eedee056730 {\r\ndisplay: block;\r\n}\r\n}\r\n@media screen and (min-width: 768px) and (max-width: 768px) {\r\n.bvfkx69eedee056730 {\r\ndisplay: none;\r\n}\r\n}\r\n@media screen and (max-width: 767px) {\r\n.bvfkx69eedee056730 {\r\ndisplay: none;\r\n}\r\n}\r\n<\/style>\r\n\n\n\n\n<figure class=\"wp-block-image size-large\"><img loading=\"lazy\" width=\"768\" height=\"472\" src=\"https:\/\/justicapotiguar.com.br\/wp-content\/uploads\/2020\/09\/geral-1_base-direita_criancas-creche-itajai_foto-divulgacao-ilustrativas-2-1-e1600799990491-768x472.jpg\" alt=\"\" class=\"wp-image-13239\" srcset=\"https:\/\/justicapotiguar.com.br\/wp-content\/uploads\/2020\/09\/geral-1_base-direita_criancas-creche-itajai_foto-divulgacao-ilustrativas-2-1-e1600799990491-768x472.jpg 768w, https:\/\/justicapotiguar.com.br\/wp-content\/uploads\/2020\/09\/geral-1_base-direita_criancas-creche-itajai_foto-divulgacao-ilustrativas-2-1-e1600799990491-768x472-300x184.jpg 300w\" sizes=\"(max-width: 768px) 100vw, 768px\" \/><figcaption>Ilustrativa<\/figcaption><\/figure>\n\n\n\n<p><strong>V\u00ednculo terap\u00eautico<\/strong><\/p>\n\n\n\n<p><br>Quando analisou a demanda, o magistrado observou que a crian\u00e7a \u00e9 acompanhada por profissionais que n\u00e3o fazem parte da rede credenciada do plano de sa\u00fade, a despeito de ser disponibilizada rede credenciada apta a realizar o tratamento especializado.<br>&nbsp;<\/p>\n\n\n\n<p><br>No entanto, entendeu que, apesar de ficar comprovado que existe local credenciado habilitado para realizar o tratamento nos moldes indicados para a paciente, \u00e9 incontest\u00e1vel o direito desta de manter tratamento com profissional de sua confian\u00e7a, assim como o reembolso das despesas m\u00e9dicas efetuadas.<br>&nbsp;<\/p>\n\n\n\n<p><br>Ele ressaltou que este entendimento deve prevalecer principalmente em casos de diagn\u00f3stico do espectro autista, em que se destaca a import\u00e2ncia do v\u00ednculo terap\u00eautico para garantir melhor progn\u00f3stico, que \u00e9 a \u201csitua\u00e7\u00e3o dos autos, tendo em vista o risco de danos irrevers\u00edveis como perda de habilidades j\u00e1 adquiridas e\/ou agravo do quadro cl\u00ednico\u201d.<br>&nbsp;<\/p>\n\n\n\n<p><br>Assim, determinou a manuten\u00e7\u00e3o e o custeio, por parte do plano de sa\u00fade, das despesas referentes ao tratamento da crian\u00e7a com os profissionais que atualmente a acompanham, conforme indicados no processo, mas limitou tal custeio ao valor de tabela utilizada pelo plano de sa\u00fade para os reembolsos.<\/p>\n","protected":false},"excerpt":{"rendered":"<p>O juiz convocado para o Pleno do TJRN Diego Cabral, em atua\u00e7\u00e3o no gabinete do desembargador Virg\u00edlio Macedo Jr., determinou a manuten\u00e7\u00e3o e o custeio, por parte de um plano de sa\u00fade, das despesas referentes ao tratamento de uma crian\u00e7a diagnosticada com transtorno do espectro autista, com os profissionais que atualmente a acompanham, sendo tal<br \/><a class=\"more-link\" href=\"https:\/\/justicapotiguar.com.br\/index.php\/2022\/10\/11\/crianca-diagnosticada-com-autismo-continuara-tratamento-com-profissionais-que-a-acompanham-no-rn\/\">Mais&#8230;<\/a><\/p>\n","protected":false},"author":5,"featured_media":0,"comment_status":"open","ping_status":"open","sticky":false,"template":"","format":"standard","meta":[],"categories":[1],"tags":[],"_links":{"self":[{"href":"https:\/\/justicapotiguar.com.br\/index.php\/wp-json\/wp\/v2\/posts\/28572"}],"collection":[{"href":"https:\/\/justicapotiguar.com.br\/index.php\/wp-json\/wp\/v2\/posts"}],"about":[{"href":"https:\/\/justicapotiguar.com.br\/index.php\/wp-json\/wp\/v2\/types\/post"}],"author":[{"embeddable":true,"href":"https:\/\/justicapotiguar.com.br\/index.php\/wp-json\/wp\/v2\/users\/5"}],"replies":[{"embeddable":true,"href":"https:\/\/justicapotiguar.com.br\/index.php\/wp-json\/wp\/v2\/comments?post=28572"}],"version-history":[{"count":1,"href":"https:\/\/justicapotiguar.com.br\/index.php\/wp-json\/wp\/v2\/posts\/28572\/revisions"}],"predecessor-version":[{"id":28573,"href":"https:\/\/justicapotiguar.com.br\/index.php\/wp-json\/wp\/v2\/posts\/28572\/revisions\/28573"}],"wp:attachment":[{"href":"https:\/\/justicapotiguar.com.br\/index.php\/wp-json\/wp\/v2\/media?parent=28572"}],"wp:term":[{"taxonomy":"category","embeddable":true,"href":"https:\/\/justicapotiguar.com.br\/index.php\/wp-json\/wp\/v2\/categories?post=28572"},{"taxonomy":"post_tag","embeddable":true,"href":"https:\/\/justicapotiguar.com.br\/index.php\/wp-json\/wp\/v2\/tags?post=28572"}],"curies":[{"name":"wp","href":"https:\/\/api.w.org\/{rel}","templated":true}]}}