{"id":28564,"date":"2022-10-10T17:20:00","date_gmt":"2022-10-10T20:20:00","guid":{"rendered":"https:\/\/justicapotiguar.com.br\/?p=28564"},"modified":"2022-10-10T16:21:47","modified_gmt":"2022-10-10T19:21:47","slug":"municipio-deve-nomear-e-dar-posse-a-aprovada-para-o-cargo-de-professor-de-lingua-portuguesa-no-rn","status":"publish","type":"post","link":"https:\/\/justicapotiguar.com.br\/index.php\/2022\/10\/10\/municipio-deve-nomear-e-dar-posse-a-aprovada-para-o-cargo-de-professor-de-lingua-portuguesa-no-rn\/","title":{"rendered":"Munic\u00edpio deve nomear e dar posse \u00e0 aprovada para o cargo de professor de l\u00edngua portuguesa no RN"},"content":{"rendered":"\n<p>A 2\u00aa C\u00e2mara C\u00edvel do TJRN, por unanimidade de votos, determinou que o Munic\u00edpio de Brejinho efetue a nomea\u00e7\u00e3o e a posse de uma candidata aprovada por meio do concurso p\u00fablico para o cargo Professor Ensino Fundamental \u2013 Anos Finais \u2013 L\u00edngua Portuguesa, sem preju\u00edzo da realiza\u00e7\u00e3o de posterior inspe\u00e7\u00e3o pela Junta M\u00e9dica do Munic\u00edpio de Brejinho.<br>&nbsp;<\/p>\n\n\n\n<p><br>Caso haja descumprimento, o ente p\u00fablico arcar\u00e1 com pena de multa no valor de R$ 500,00 por dia.<br>&nbsp;<\/p>\n\n\n\n<p><br>O recurso foi interposto pela candidata contra decis\u00e3o proferida pela Vara \u00danica da Comarca de Monte Alegre, que, nos autos de um Mandado de Seguran\u00e7a impetrado contra o prefeito de Brejinho, indeferiu a liminar requerida pela autora.<br>&nbsp;<\/p>\n\n\n\n<p><br>Na a\u00e7\u00e3o, a autora argumentou que foi aprovada em concurso p\u00fablico do Munic\u00edpio de Brejinho, em 1\u00ba lugar, e, tendo sido convocada para assumir o cargo, teve suspensa sua posse, em raz\u00e3o de sua condi\u00e7\u00e3o m\u00e9dica.<br>&nbsp;<\/p>\n\n\n\n<figure class=\"wp-block-image size-large\"><img loading=\"lazy\" width=\"984\" height=\"738\" src=\"https:\/\/justicapotiguar.com.br\/wp-content\/uploads\/2019\/09\/professores.jpeg\" alt=\"\" class=\"wp-image-2397\" srcset=\"https:\/\/justicapotiguar.com.br\/wp-content\/uploads\/2019\/09\/professores.jpeg 984w, https:\/\/justicapotiguar.com.br\/wp-content\/uploads\/2019\/09\/professores-300x225.jpeg 300w, https:\/\/justicapotiguar.com.br\/wp-content\/uploads\/2019\/09\/professores-768x576.jpeg 768w\" sizes=\"(max-width: 984px) 100vw, 984px\" \/><figcaption>Ilustrativa <\/figcaption><\/figure>\n\n\n\n<p><br>Sustentou que apresentou todos os documentos necess\u00e1rios para a posse do cargo, inclusive laudo m\u00e9dico (atestado de sa\u00fade ocupacional), que atesta estar apta a exercer suas fun\u00e7\u00f5es. Assim, requereu a concess\u00e3o de liminar para determinar sua nomea\u00e7\u00e3o e a posse, reformando a decis\u00e3o.<br>&nbsp;<\/p>\n\n\n\n<p><strong>Fato incontroverso<\/strong><\/p><div class=\"adoyw69f4710e96459\" ><!--<a href=\"https:\/\/bit.ly\/3QdrqTZ\" target=\"_blank\">\n<img src=\"https:\/\/justicapotiguar.com.br\/wp-content\/uploads\/2023\/09\/mobile-geral.gif\"\/><a\/>--><\/div><style type=\"text\/css\">\r\n.adoyw69f4710e96459 {\r\ntext-align: center;\r\n}\r\n@media screen and (min-width: 1201px) {\r\n.adoyw69f4710e96459 {\r\ndisplay: none;\r\n}\r\n}\r\n@media screen and (min-width: 993px) and (max-width: 1200px) {\r\n.adoyw69f4710e96459 {\r\ndisplay: none;\r\n}\r\n}\r\n@media screen and (min-width: 769px) and (max-width: 992px) {\r\n.adoyw69f4710e96459 {\r\ndisplay: none;\r\n}\r\n}\r\n@media screen and (min-width: 768px) and (max-width: 768px) {\r\n.adoyw69f4710e96459 {\r\ndisplay: block;\r\n}\r\n}\r\n@media screen and (max-width: 767px) {\r\n.adoyw69f4710e96459 {\r\ndisplay: block;\r\n}\r\n}\r\n<\/style>\r\n<div class=\"ibnuc69f4710e96434\" ><!--<a href=\"https:\/\/bit.ly\/3QdrqTZ\" target=\"_blank\">\n<img src=\"https:\/\/justicapotiguar.com.br\/wp-content\/uploads\/2023\/09\/desktop-geral.gif\"\/><a\/>--><\/div><style type=\"text\/css\">\r\n.ibnuc69f4710e96434 {\r\ntext-align: center;\nmargin-bottom: 1em;\r\n}\r\n@media screen and (min-width: 1201px) {\r\n.ibnuc69f4710e96434 {\r\ndisplay: block;\r\n}\r\n}\r\n@media screen and (min-width: 993px) and (max-width: 1200px) {\r\n.ibnuc69f4710e96434 {\r\ndisplay: block;\r\n}\r\n}\r\n@media screen and (min-width: 769px) and (max-width: 992px) {\r\n.ibnuc69f4710e96434 {\r\ndisplay: block;\r\n}\r\n}\r\n@media screen and (min-width: 768px) and (max-width: 768px) {\r\n.ibnuc69f4710e96434 {\r\ndisplay: none;\r\n}\r\n}\r\n@media screen and (max-width: 767px) {\r\n.ibnuc69f4710e96434 {\r\ndisplay: none;\r\n}\r\n}\r\n<\/style>\r\n\n\n\n\n<p><br>O relator, desembargador Virg\u00edlio Mac\u00eado, entendeu que a candidata tem raz\u00e3o pois \u00e9 fato incontroverso que ela foi aprovada no concurso p\u00fablico para o cargo de Professor Ensino Fundamental \u2013 Anos Finais \u2013 L\u00edngua Portuguesa, tendo sido convocada pela Administra\u00e7\u00e3o, conforme Edital de Convoca\u00e7\u00e3o 005\/2021.<br>&nbsp;<\/p>\n\n\n\n<p><br>Entretanto, ap\u00f3s ter recebido todos os documentos descritos no edital, antes mesmo da posse no cargo, o Munic\u00edpio entendeu encaminhar a candidata para uma junta m\u00e9dica, a fim de ser avaliada, em raz\u00e3o de sua condi\u00e7\u00e3o m\u00e9dica. No entanto, o Edital que rege o concurso previu os requisitos necess\u00e1rios para a investidura nos cargos, dentre os quais se inclui o fornecimento de todos os documentos que forem solicitados.<br>&nbsp;<\/p>\n\n\n\n<p><br>Observou que a autora juntou aos autos Atestado de Sa\u00fade Ocupacional em que a m\u00e9dica concluiu que a candidata est\u00e1 com capacidade laborativa apta para exercer a fun\u00e7\u00e3o.<br>&nbsp;<\/p>\n\n\n\n<p><br>O relator considerou ainda que, apesar da informa\u00e7\u00e3o acerca da patologia que acomete a autora, ela apresentou atestado em conson\u00e2ncia ao edital do certame, que foi expresso ao estabelecer que os documentos necess\u00e1rios para a investidura nos cargos deveriam ser comprovados na data da posse, ocasi\u00e3o em que tais exig\u00eancias foram atendidas.<br>&nbsp;<\/p>\n\n\n\n<p><br>\u201cDe mais a mais, \u00e9 poss\u00edvel a realiza\u00e7\u00e3o de inspe\u00e7\u00e3o m\u00e9dica pela Administra\u00e7\u00e3o P\u00fablica, sem que isso importe necessariamente na suspens\u00e3o da posse em cargo p\u00fablico\u201d, decidiu.<\/p>\n","protected":false},"excerpt":{"rendered":"<p>A 2\u00aa C\u00e2mara C\u00edvel do TJRN, por unanimidade de votos, determinou que o Munic\u00edpio de Brejinho efetue a nomea\u00e7\u00e3o e a posse de uma candidata aprovada por meio do concurso p\u00fablico para o cargo Professor Ensino Fundamental \u2013 Anos Finais \u2013 L\u00edngua Portuguesa, sem preju\u00edzo da realiza\u00e7\u00e3o de posterior inspe\u00e7\u00e3o pela Junta M\u00e9dica do Munic\u00edpio<br \/><a class=\"more-link\" href=\"https:\/\/justicapotiguar.com.br\/index.php\/2022\/10\/10\/municipio-deve-nomear-e-dar-posse-a-aprovada-para-o-cargo-de-professor-de-lingua-portuguesa-no-rn\/\">Mais&#8230;<\/a><\/p>\n","protected":false},"author":5,"featured_media":0,"comment_status":"open","ping_status":"open","sticky":false,"template":"","format":"standard","meta":[],"categories":[1],"tags":[],"_links":{"self":[{"href":"https:\/\/justicapotiguar.com.br\/index.php\/wp-json\/wp\/v2\/posts\/28564"}],"collection":[{"href":"https:\/\/justicapotiguar.com.br\/index.php\/wp-json\/wp\/v2\/posts"}],"about":[{"href":"https:\/\/justicapotiguar.com.br\/index.php\/wp-json\/wp\/v2\/types\/post"}],"author":[{"embeddable":true,"href":"https:\/\/justicapotiguar.com.br\/index.php\/wp-json\/wp\/v2\/users\/5"}],"replies":[{"embeddable":true,"href":"https:\/\/justicapotiguar.com.br\/index.php\/wp-json\/wp\/v2\/comments?post=28564"}],"version-history":[{"count":1,"href":"https:\/\/justicapotiguar.com.br\/index.php\/wp-json\/wp\/v2\/posts\/28564\/revisions"}],"predecessor-version":[{"id":28565,"href":"https:\/\/justicapotiguar.com.br\/index.php\/wp-json\/wp\/v2\/posts\/28564\/revisions\/28565"}],"wp:attachment":[{"href":"https:\/\/justicapotiguar.com.br\/index.php\/wp-json\/wp\/v2\/media?parent=28564"}],"wp:term":[{"taxonomy":"category","embeddable":true,"href":"https:\/\/justicapotiguar.com.br\/index.php\/wp-json\/wp\/v2\/categories?post=28564"},{"taxonomy":"post_tag","embeddable":true,"href":"https:\/\/justicapotiguar.com.br\/index.php\/wp-json\/wp\/v2\/tags?post=28564"}],"curies":[{"name":"wp","href":"https:\/\/api.w.org\/{rel}","templated":true}]}}