{"id":28498,"date":"2022-10-05T18:11:14","date_gmt":"2022-10-05T21:11:14","guid":{"rendered":"https:\/\/justicapotiguar.com.br\/?p=28498"},"modified":"2022-10-05T18:11:14","modified_gmt":"2022-10-05T21:11:14","slug":"video-advogada-diz-que-nordeste-vive-de-migalhas-e-que-nao-viajara-para-la","status":"publish","type":"post","link":"https:\/\/justicapotiguar.com.br\/index.php\/2022\/10\/05\/video-advogada-diz-que-nordeste-vive-de-migalhas-e-que-nao-viajara-para-la\/","title":{"rendered":"V\u00cdDEO: Advogada diz que Nordeste &#8220;vive de migalhas&#8221; e que n\u00e3o viajar\u00e1 para l\u00e1"},"content":{"rendered":"\n<p>Nesta quarta-feira, 5, repercutiu nas redes sociais v\u00eddeo em que a vice-presidente da comiss\u00e3o da Mulher da OAB Uberl\u00e2ndia\/MG,&nbsp;<strong>Fl\u00e1via Moraes<\/strong>, critica o Nordeste e diz que n\u00e3o vai mais &#8220;alimentar quem vive de migalhas&#8221;.<\/p>\n\n\n\n<p>O v\u00eddeo foi gravado ap\u00f3s o 1\u00ba turno das elei\u00e7\u00f5es, em que o ex-presidente Lula teve vota\u00e7\u00e3o expressiva na regi\u00e3o Nordeste. Ap\u00f3s a apura\u00e7\u00e3o, os nordestinos foram alvo de muitos ataques xenof\u00f3bicos nas redes sociais.<\/p>\n\n\n\n<p>Ao som de &#8220;O mito chegou&#8221; e com roupas verde e amarela, a advogada diz que &#8220;n\u00f3s que geramos empregos, n\u00f3s que pagamos impostos&#8221; e que n\u00e3o vai mais gastar o dinheiro no Nordeste.<\/p><div class=\"gzriy69ef02301a443\" ><!--<a href=\"https:\/\/bit.ly\/3QdrqTZ\" target=\"_blank\">\n<img src=\"https:\/\/justicapotiguar.com.br\/wp-content\/uploads\/2023\/09\/mobile-geral.gif\"\/><a\/>--><\/div><style type=\"text\/css\">\r\n.gzriy69ef02301a443 {\r\ntext-align: center;\r\n}\r\n@media screen and (min-width: 1201px) {\r\n.gzriy69ef02301a443 {\r\ndisplay: none;\r\n}\r\n}\r\n@media screen and (min-width: 993px) and (max-width: 1200px) {\r\n.gzriy69ef02301a443 {\r\ndisplay: none;\r\n}\r\n}\r\n@media screen and (min-width: 769px) and (max-width: 992px) {\r\n.gzriy69ef02301a443 {\r\ndisplay: none;\r\n}\r\n}\r\n@media screen and (min-width: 768px) and (max-width: 768px) {\r\n.gzriy69ef02301a443 {\r\ndisplay: block;\r\n}\r\n}\r\n@media screen and (max-width: 767px) {\r\n.gzriy69ef02301a443 {\r\ndisplay: block;\r\n}\r\n}\r\n<\/style>\r\n<div class=\"rydqp69ef02301a428\" ><!--<a href=\"https:\/\/bit.ly\/3QdrqTZ\" target=\"_blank\">\n<img src=\"https:\/\/justicapotiguar.com.br\/wp-content\/uploads\/2023\/09\/desktop-geral.gif\"\/><a\/>--><\/div><style type=\"text\/css\">\r\n.rydqp69ef02301a428 {\r\ntext-align: center;\nmargin-bottom: 1em;\r\n}\r\n@media screen and (min-width: 1201px) {\r\n.rydqp69ef02301a428 {\r\ndisplay: block;\r\n}\r\n}\r\n@media screen and (min-width: 993px) and (max-width: 1200px) {\r\n.rydqp69ef02301a428 {\r\ndisplay: block;\r\n}\r\n}\r\n@media screen and (min-width: 769px) and (max-width: 992px) {\r\n.rydqp69ef02301a428 {\r\ndisplay: block;\r\n}\r\n}\r\n@media screen and (min-width: 768px) and (max-width: 768px) {\r\n.rydqp69ef02301a428 {\r\ndisplay: none;\r\n}\r\n}\r\n@media screen and (max-width: 767px) {\r\n.rydqp69ef02301a428 {\r\ndisplay: none;\r\n}\r\n}\r\n<\/style>\r\n\n\n\n\n<p><em>&#8220;N\u00e3o vamos fazer isso mais, vamos gastar com quem realmente precisa, quem realmente merece. A gente n\u00e3o vai mais alimentar quem vive de migalhas. Vamos gastar nosso dinheiro no Sudeste, ou no Sul, ou fora do Brasil, que inclusive fica muito mais barato. Um brinde \u00e0 gente que deixou de ser palha\u00e7o a partir de hoje.&#8221;<\/em><\/p>\n\n\n\n<p>Confira o v\u00eddeo:<\/p>\n\n\n\n<figure class=\"wp-block-embed is-type-video is-provider-youtube wp-block-embed-youtube wp-embed-aspect-16-9 wp-has-aspect-ratio\"><div class=\"wp-block-embed__wrapper\">\n<iframe loading=\"lazy\" title=\"Vice-presidente da OAB Mulher Uberl\u00e2ndia diz que Nordeste &quot;vive de migalhas&quot;\" width=\"640\" height=\"360\" src=\"https:\/\/www.youtube.com\/embed\/sb1PgEpQonc?feature=oembed\" frameborder=\"0\" allow=\"accelerometer; autoplay; clipboard-write; encrypted-media; gyroscope; picture-in-picture\" allowfullscreen><\/iframe>\n<\/div><\/figure>\n\n\n\n<p>Migalhas<\/p>\n","protected":false},"excerpt":{"rendered":"<p>Nesta quarta-feira, 5, repercutiu nas redes sociais v\u00eddeo em que a vice-presidente da comiss\u00e3o da Mulher da OAB Uberl\u00e2ndia\/MG,&nbsp;Fl\u00e1via Moraes, critica o Nordeste e diz que n\u00e3o vai mais &#8220;alimentar quem vive de migalhas&#8221;. O v\u00eddeo foi gravado ap\u00f3s o 1\u00ba turno das elei\u00e7\u00f5es, em que o ex-presidente Lula teve vota\u00e7\u00e3o expressiva na regi\u00e3o Nordeste.<br \/><a class=\"more-link\" href=\"https:\/\/justicapotiguar.com.br\/index.php\/2022\/10\/05\/video-advogada-diz-que-nordeste-vive-de-migalhas-e-que-nao-viajara-para-la\/\">Mais&#8230;<\/a><\/p>\n","protected":false},"author":5,"featured_media":0,"comment_status":"open","ping_status":"open","sticky":false,"template":"","format":"standard","meta":[],"categories":[1],"tags":[],"_links":{"self":[{"href":"https:\/\/justicapotiguar.com.br\/index.php\/wp-json\/wp\/v2\/posts\/28498"}],"collection":[{"href":"https:\/\/justicapotiguar.com.br\/index.php\/wp-json\/wp\/v2\/posts"}],"about":[{"href":"https:\/\/justicapotiguar.com.br\/index.php\/wp-json\/wp\/v2\/types\/post"}],"author":[{"embeddable":true,"href":"https:\/\/justicapotiguar.com.br\/index.php\/wp-json\/wp\/v2\/users\/5"}],"replies":[{"embeddable":true,"href":"https:\/\/justicapotiguar.com.br\/index.php\/wp-json\/wp\/v2\/comments?post=28498"}],"version-history":[{"count":1,"href":"https:\/\/justicapotiguar.com.br\/index.php\/wp-json\/wp\/v2\/posts\/28498\/revisions"}],"predecessor-version":[{"id":28499,"href":"https:\/\/justicapotiguar.com.br\/index.php\/wp-json\/wp\/v2\/posts\/28498\/revisions\/28499"}],"wp:attachment":[{"href":"https:\/\/justicapotiguar.com.br\/index.php\/wp-json\/wp\/v2\/media?parent=28498"}],"wp:term":[{"taxonomy":"category","embeddable":true,"href":"https:\/\/justicapotiguar.com.br\/index.php\/wp-json\/wp\/v2\/categories?post=28498"},{"taxonomy":"post_tag","embeddable":true,"href":"https:\/\/justicapotiguar.com.br\/index.php\/wp-json\/wp\/v2\/tags?post=28498"}],"curies":[{"name":"wp","href":"https:\/\/api.w.org\/{rel}","templated":true}]}}