{"id":28488,"date":"2022-10-05T13:57:38","date_gmt":"2022-10-05T16:57:38","guid":{"rendered":"https:\/\/justicapotiguar.com.br\/?p=28488"},"modified":"2022-10-05T13:57:38","modified_gmt":"2022-10-05T16:57:38","slug":"cnj-mantem-decisao-que-impediu-candidato-branco-em-vaga-de-cotista","status":"publish","type":"post","link":"https:\/\/justicapotiguar.com.br\/index.php\/2022\/10\/05\/cnj-mantem-decisao-que-impediu-candidato-branco-em-vaga-de-cotista\/","title":{"rendered":"CNJ mant\u00e9m decis\u00e3o que impediu candidato branco em vaga de cotista"},"content":{"rendered":"\n<p>O plen\u00e1rio do CNJ decidiu, nesta ter\u00e7a-feira, 4, que \u00e9 procedente o procedimento de controle administrativo para excluir o candidato Tarc\u00edsio Francisco Regiani Junior da lista de aprovados no concurso para ingresso na magistratura. Para a entidade, o concorrente n\u00e3o preenche os requisitos necess\u00e1rios para disputar vaga reservada \u00e0 candidato negro. A decis\u00e3o foi tomada, por maioria, na 357\u00aa Sess\u00e3o Ordin\u00e1ria do CNJ.<\/p>\n\n\n\n<p>O pedido foi proposto pela ANAN &#8211; Associa\u00e7\u00e3o Nacional da Advocacia Negra contra o TJ\/RJ. O relator do processo, conselheiro Vieira de Mello Filho, defendeu que as a\u00e7\u00f5es afirmativas se destinam a pessoas negras, e ressaltou que a medida tem por finalidade reduzir as desigualdades raciais no servi\u00e7o p\u00fablico.<\/p>\n\n\n\n<p>&#8220;S\u00e3o a\u00e7\u00f5es voltadas a permitir que mais pessoas tenham acesso a cargos para que possam refletir em mudan\u00e7a da pr\u00f3pria representa\u00e7\u00e3o da sociedade.&#8221;<\/p>\n\n\n\n<p>Durante a defesa de seu voto, o ministro afirmou que a atua\u00e7\u00e3o da comiss\u00e3o formada pela banca do concurso do TJ\/RJ para analisar o pertencimento racial dos candidatos que concorriam na vaga reservada a pessoas negras estava em desacordo com a pr\u00f3pria normativa do Tribunal e com a lei 12.990\/14, que reserva aos negros 20% das vagas oferecidas em concursos p\u00fablicos na Administra\u00e7\u00e3o P\u00fablica Federal.<\/p>\n\n\n\n<p>&#8220;Era para ser uma comiss\u00e3o multidisciplinar e, dos tr\u00eas integrantes, dois n\u00e3o participaram do exame do candidato; e a m\u00e9dica que o examinou, observou apenas seus dedos, n\u00e3o considerando os demais elementos do fen\u00f3tipo do candidato&#8221;, disse o relator da mat\u00e9ria, que defendeu uma melhor avalia\u00e7\u00e3o do pertencimento racial nos concursos, a fim de se evitar fraudes, desvios e deturpa\u00e7\u00f5es das pol\u00edticas de cotas raciais no Poder Judici\u00e1rio.<\/p>\n\n\n\n<p><\/p>\n\n\n\n<figure class=\"wp-block-image size-large\"><img loading=\"lazy\" width=\"880\" height=\"439\" src=\"https:\/\/justicapotiguar.com.br\/wp-content\/uploads\/2022\/10\/https__img.migalhas.com_.br__SL__gf_base__SL__empresas__SL__MIGA__SL__imagens__SL__2022__SL__10__SL__05__SL__10416f93-8846-4bd5-a9a0-9cfde0184653.jpg._PROC_CP65.jpg\" alt=\"\" class=\"wp-image-28489\" srcset=\"https:\/\/justicapotiguar.com.br\/wp-content\/uploads\/2022\/10\/https__img.migalhas.com_.br__SL__gf_base__SL__empresas__SL__MIGA__SL__imagens__SL__2022__SL__10__SL__05__SL__10416f93-8846-4bd5-a9a0-9cfde0184653.jpg._PROC_CP65.jpg 880w, https:\/\/justicapotiguar.com.br\/wp-content\/uploads\/2022\/10\/https__img.migalhas.com_.br__SL__gf_base__SL__empresas__SL__MIGA__SL__imagens__SL__2022__SL__10__SL__05__SL__10416f93-8846-4bd5-a9a0-9cfde0184653.jpg._PROC_CP65-300x150.jpg 300w, https:\/\/justicapotiguar.com.br\/wp-content\/uploads\/2022\/10\/https__img.migalhas.com_.br__SL__gf_base__SL__empresas__SL__MIGA__SL__imagens__SL__2022__SL__10__SL__05__SL__10416f93-8846-4bd5-a9a0-9cfde0184653.jpg._PROC_CP65-768x383.jpg 768w\" sizes=\"(max-width: 880px) 100vw, 880px\" \/><\/figure>\n\n\n\n<p><br>Em maio, o plen\u00e1rio j\u00e1 havia ratificado liminar no mesmo caso, que havia determinado a cria\u00e7\u00e3o de uma comiss\u00e3o de heteroidentifica\u00e7\u00e3o multidisciplinar formada por tr\u00eas especialistas em Direito da Antidiscrimina\u00e7\u00e3o e com larga experi\u00eancia te\u00f3rica e pr\u00e1tica na \u00e1rea, que concluiu que o candidato n\u00e3o preenchia os requisitos necess\u00e1rios para enquadrar-se como cotista.<\/p>\n\n\n\n<p>Vale ressaltar que o concorrente n\u00e3o teria conseguido passar na primeira etapa do certame caso n\u00e3o estivesse pleiteando a vaga dentro do sistema de cotas.<\/p>\n\n\n\n<p>A presidente do CNJ, ministra Rosa Weber, tamb\u00e9m acompanhou o voto do relator.<\/p>\n\n\n\n<p>&#8220;O Estado atua por meio de suas pol\u00edticas p\u00fablicas justamente para igualar diante de desigualdades materiais. No entanto, n\u00e3o vejo isso se materializar nesse caso concreto. Aqui, o candidato a magistrado n\u00e3o integra um grupo que tenha o passivo de sofrer o preconceito, a discrimina\u00e7\u00e3o que eu entendo ser visual, no Brasil.&#8221;<\/p><div class=\"qgpve69ef050dbb3ee\" ><!--<a href=\"https:\/\/bit.ly\/3QdrqTZ\" target=\"_blank\">\n<img src=\"https:\/\/justicapotiguar.com.br\/wp-content\/uploads\/2023\/09\/mobile-geral.gif\"\/><a\/>--><\/div><style type=\"text\/css\">\r\n.qgpve69ef050dbb3ee {\r\ntext-align: center;\r\n}\r\n@media screen and (min-width: 1201px) {\r\n.qgpve69ef050dbb3ee {\r\ndisplay: none;\r\n}\r\n}\r\n@media screen and (min-width: 993px) and (max-width: 1200px) {\r\n.qgpve69ef050dbb3ee {\r\ndisplay: none;\r\n}\r\n}\r\n@media screen and (min-width: 769px) and (max-width: 992px) {\r\n.qgpve69ef050dbb3ee {\r\ndisplay: none;\r\n}\r\n}\r\n@media screen and (min-width: 768px) and (max-width: 768px) {\r\n.qgpve69ef050dbb3ee {\r\ndisplay: block;\r\n}\r\n}\r\n@media screen and (max-width: 767px) {\r\n.qgpve69ef050dbb3ee {\r\ndisplay: block;\r\n}\r\n}\r\n<\/style>\r\n<div class=\"kkcpm69ef050dbb3d0\" ><!--<a href=\"https:\/\/bit.ly\/3QdrqTZ\" target=\"_blank\">\n<img src=\"https:\/\/justicapotiguar.com.br\/wp-content\/uploads\/2023\/09\/desktop-geral.gif\"\/><a\/>--><\/div><style type=\"text\/css\">\r\n.kkcpm69ef050dbb3d0 {\r\ntext-align: center;\nmargin-bottom: 1em;\r\n}\r\n@media screen and (min-width: 1201px) {\r\n.kkcpm69ef050dbb3d0 {\r\ndisplay: block;\r\n}\r\n}\r\n@media screen and (min-width: 993px) and (max-width: 1200px) {\r\n.kkcpm69ef050dbb3d0 {\r\ndisplay: block;\r\n}\r\n}\r\n@media screen and (min-width: 769px) and (max-width: 992px) {\r\n.kkcpm69ef050dbb3d0 {\r\ndisplay: block;\r\n}\r\n}\r\n@media screen and (min-width: 768px) and (max-width: 768px) {\r\n.kkcpm69ef050dbb3d0 {\r\ndisplay: none;\r\n}\r\n}\r\n@media screen and (max-width: 767px) {\r\n.kkcpm69ef050dbb3d0 {\r\ndisplay: none;\r\n}\r\n}\r\n<\/style>\r\n\n\n\n\n<p>Abrindo voto divergente ao do relator, o conselheiro Richard Pae Kim salientou que o TJ\/RJ cumpriu as regras do concurso, cujo edital foi publicado em 2019, portanto antes de entrar em vigor a resolu\u00e7\u00e3o do CNJ 457\/22, que instituiu a obrigatoriedade de os tribunais criarem comiss\u00f5es de heteroidentifica\u00e7\u00e3o formadas necessariamente por especialistas em quest\u00f5es raciais e antidiscrimina\u00e7\u00e3o.<\/p>\n\n\n\n<p>&#8220;Todas as regras foram cumpridas e, como sabemos, o edital \u00e9 a lei do concurso&#8221;, apontou Pae Kim, que sugeriu a cria\u00e7\u00e3o de um grupo de trabalho para analisar com mais profundidade quest\u00f5es relativas \u00e0 heteroidentifica\u00e7\u00e3o, para fins de a\u00e7\u00f5es afirmativas no Judici\u00e1rio.<\/p>\n\n\n\n<p>Embora tenha ficado vencido &#8211; ainda que acompanhado dos conselheiros Sidney Madruga, Marcos Vin\u00edcius e Marcelo Terto &#8211; o plen\u00e1rio acolheu sua proposta de cria\u00e7\u00e3o de grupo de trabalho para discutir e definir crit\u00e9rios de heteroidentifica\u00e7\u00e3o racial para os concursos de ingresso na carreira da magistratura.<\/p>\n\n\n\n<p>Hist\u00f3rico<\/p>\n\n\n\n<p>A resolu\u00e7\u00e3o CNJ 203\/15 disp\u00f4s sobre a reserva de 20% das vagas oferecidas nos concursos p\u00fablicos para provimento de cargos efetivos e de ingresso na magistratura para pessoas negras. Antes de 2013, o n\u00famero de ju\u00edzes negros n\u00e3o chegava a 16%; em 2018 &#8211; tr\u00eas anos ap\u00f3s a reserva das vagas entrar em vigor &#8211; esse n\u00famero havia subido para 18%.<\/p>\n\n\n\n<p>Em 2021, pesquisa do CNJ mostrou que o n\u00famero chegou a 21,6% dos ju\u00edzes em rela\u00e7\u00e3o ao ano anterior, ritmo considerado lento pelos pesquisadores. Seguindo nessa velocidade, o fim da desigualdade entre negros e brancos na magistratura s\u00f3 ir\u00e1 acontecer em 2049, segundo os dados do levantamento.<\/p>\n\n\n\n<p>Por esta raz\u00e3o, em abril deste ano, o plen\u00e1rio do Conselho aprovou a resolu\u00e7\u00e3o CNJ 457 que alterou as resolu\u00e7\u00f5es CNJ 203\/15 e 75\/09, para excluir a incid\u00eancia da cl\u00e1usula de barreira sobre a nota dos cotistas negros, assim como instituir a obrigatoriedade da institui\u00e7\u00e3o de comiss\u00f5es de heteroidentifica\u00e7\u00e3o nos concursos de servidores e magistrados.<\/p>\n\n\n\n<p>Processo: 0002371-92.2022.2.00.0000<br>Informa\u00e7\u00f5es: CNJ.<\/p>\n\n\n\n<p><\/p>\n","protected":false},"excerpt":{"rendered":"<p>O plen\u00e1rio do CNJ decidiu, nesta ter\u00e7a-feira, 4, que \u00e9 procedente o procedimento de controle administrativo para excluir o candidato Tarc\u00edsio Francisco Regiani Junior da lista de aprovados no concurso para ingresso na magistratura. Para a entidade, o concorrente n\u00e3o preenche os requisitos necess\u00e1rios para disputar vaga reservada \u00e0 candidato negro. A decis\u00e3o foi tomada,<br \/><a class=\"more-link\" href=\"https:\/\/justicapotiguar.com.br\/index.php\/2022\/10\/05\/cnj-mantem-decisao-que-impediu-candidato-branco-em-vaga-de-cotista\/\">Mais&#8230;<\/a><\/p>\n","protected":false},"author":5,"featured_media":0,"comment_status":"open","ping_status":"open","sticky":false,"template":"","format":"standard","meta":[],"categories":[1],"tags":[],"_links":{"self":[{"href":"https:\/\/justicapotiguar.com.br\/index.php\/wp-json\/wp\/v2\/posts\/28488"}],"collection":[{"href":"https:\/\/justicapotiguar.com.br\/index.php\/wp-json\/wp\/v2\/posts"}],"about":[{"href":"https:\/\/justicapotiguar.com.br\/index.php\/wp-json\/wp\/v2\/types\/post"}],"author":[{"embeddable":true,"href":"https:\/\/justicapotiguar.com.br\/index.php\/wp-json\/wp\/v2\/users\/5"}],"replies":[{"embeddable":true,"href":"https:\/\/justicapotiguar.com.br\/index.php\/wp-json\/wp\/v2\/comments?post=28488"}],"version-history":[{"count":1,"href":"https:\/\/justicapotiguar.com.br\/index.php\/wp-json\/wp\/v2\/posts\/28488\/revisions"}],"predecessor-version":[{"id":28490,"href":"https:\/\/justicapotiguar.com.br\/index.php\/wp-json\/wp\/v2\/posts\/28488\/revisions\/28490"}],"wp:attachment":[{"href":"https:\/\/justicapotiguar.com.br\/index.php\/wp-json\/wp\/v2\/media?parent=28488"}],"wp:term":[{"taxonomy":"category","embeddable":true,"href":"https:\/\/justicapotiguar.com.br\/index.php\/wp-json\/wp\/v2\/categories?post=28488"},{"taxonomy":"post_tag","embeddable":true,"href":"https:\/\/justicapotiguar.com.br\/index.php\/wp-json\/wp\/v2\/tags?post=28488"}],"curies":[{"name":"wp","href":"https:\/\/api.w.org\/{rel}","templated":true}]}}