{"id":28312,"date":"2022-09-23T12:29:00","date_gmt":"2022-09-23T15:29:00","guid":{"rendered":"https:\/\/justicapotiguar.com.br\/?p=28312"},"modified":"2022-09-23T11:33:39","modified_gmt":"2022-09-23T14:33:39","slug":"nao-informar-de-onde-veio-e-para-onde-vai-autoriza-revista-no-carro-de-suspeito","status":"publish","type":"post","link":"https:\/\/justicapotiguar.com.br\/index.php\/2022\/09\/23\/nao-informar-de-onde-veio-e-para-onde-vai-autoriza-revista-no-carro-de-suspeito\/","title":{"rendered":"N\u00e3o informar de onde veio e para onde vai autoriza revista no carro de suspeito"},"content":{"rendered":"\n<p>O fato de uma pessoa, ao ser parada em fiscaliza\u00e7\u00e3o de rotina, negar-se a informar o local de onde vem ou para onde vai \u00e9 fato que denota fundada suspeita para que seja realizada revista no ve\u00edculo.<\/p>\n\n\n\n<figure class=\"wp-block-image\"><img src=\"https:\/\/www.conjur.com.br\/img\/b\/blitz-ipva3.png\" alt=\"\"\/><figcaption>Suspeito parado para fiscaliza\u00e7\u00e3o n\u00e3o soube informar o itiner\u00e1rio da viagem que fazia<br><sup>Reprodu\u00e7\u00e3o<\/sup><\/figcaption><\/figure>\n\n\n\n<p>Com esse entendimento, a 6\u00aa Turma do Superior Tribunal de Justi\u00e7a negou a concess\u00e3o da ordem de of\u00edcio em favor de um homem condenado a 6 anos e 6 meses de pris\u00e3o, em regime inicial fechado, pela pr\u00e1tica de tr\u00e1fico de drogas.<\/p>\n\n\n\n<p>Ele foi flagrado com 100 kg de maconha escondidos no carro, encontrados por policiais em fiscaliza\u00e7\u00e3o de rotina. A revista foi feita depois que os agentes notaram que o suspeito n\u00e3o soube responder qual seria a cidade em que teria iniciado a viagem.<\/p>\n\n\n\n<p>Para a defesa, a prova \u00e9 il\u00edcita, pois insuficiente para permitir a busca veicular. Relator, o ministro Sebasti\u00e3o Reis J\u00fanior destacou que o Tribunal de Justi\u00e7a do Mato Grosso do Sul n\u00e3o analisou o tema. Para evitar supress\u00e3o de inst\u00e2ncias, n\u00e3o conheceu do Habeas Corpus.<\/p><div class=\"wgiaq69ef4e5ce5685\" ><!--<a href=\"https:\/\/bit.ly\/3QdrqTZ\" target=\"_blank\">\n<img src=\"https:\/\/justicapotiguar.com.br\/wp-content\/uploads\/2023\/09\/mobile-geral.gif\"\/><a\/>--><\/div><style type=\"text\/css\">\r\n.wgiaq69ef4e5ce5685 {\r\ntext-align: center;\r\n}\r\n@media screen and (min-width: 1201px) {\r\n.wgiaq69ef4e5ce5685 {\r\ndisplay: none;\r\n}\r\n}\r\n@media screen and (min-width: 993px) and (max-width: 1200px) {\r\n.wgiaq69ef4e5ce5685 {\r\ndisplay: none;\r\n}\r\n}\r\n@media screen and (min-width: 769px) and (max-width: 992px) {\r\n.wgiaq69ef4e5ce5685 {\r\ndisplay: none;\r\n}\r\n}\r\n@media screen and (min-width: 768px) and (max-width: 768px) {\r\n.wgiaq69ef4e5ce5685 {\r\ndisplay: block;\r\n}\r\n}\r\n@media screen and (max-width: 767px) {\r\n.wgiaq69ef4e5ce5685 {\r\ndisplay: block;\r\n}\r\n}\r\n<\/style>\r\n<div class=\"tqdbf69ef4e5ce5667\" ><!--<a href=\"https:\/\/bit.ly\/3QdrqTZ\" target=\"_blank\">\n<img src=\"https:\/\/justicapotiguar.com.br\/wp-content\/uploads\/2023\/09\/desktop-geral.gif\"\/><a\/>--><\/div><style type=\"text\/css\">\r\n.tqdbf69ef4e5ce5667 {\r\ntext-align: center;\nmargin-bottom: 1em;\r\n}\r\n@media screen and (min-width: 1201px) {\r\n.tqdbf69ef4e5ce5667 {\r\ndisplay: block;\r\n}\r\n}\r\n@media screen and (min-width: 993px) and (max-width: 1200px) {\r\n.tqdbf69ef4e5ce5667 {\r\ndisplay: block;\r\n}\r\n}\r\n@media screen and (min-width: 769px) and (max-width: 992px) {\r\n.tqdbf69ef4e5ce5667 {\r\ndisplay: block;\r\n}\r\n}\r\n@media screen and (min-width: 768px) and (max-width: 768px) {\r\n.tqdbf69ef4e5ce5667 {\r\ndisplay: none;\r\n}\r\n}\r\n@media screen and (max-width: 767px) {\r\n.tqdbf69ef4e5ce5667 {\r\ndisplay: none;\r\n}\r\n}\r\n<\/style>\r\n\n\n\n\n<p>A defesa ent\u00e3o interp\u00f4s agravo regimental. Por unanimidade, a 6\u00aa Turma manteve a decis\u00e3o de n\u00e3o conhecimento e ainda afastou a possibilidade de conceder a ordem de of\u00edcio, por n\u00e3o identificar qualquer irregularidade na conduta dos PMs ao fazer a revista do ve\u00edculo.<\/p>\n\n\n\n<p>&#8220;N\u00e3o caberia sequer concess\u00e3o de ordem de of\u00edcio, pois o fato de o imputado, em patrulhamento e fiscaliza\u00e7\u00e3o de rotina, negar-se a informar o local de onde vem ou para onde vai, deixando de colaborar com o procedimento de fiscaliza\u00e7\u00e3o, \u00e9 fato que denota fundada suspeita para que seja realizada revista no ve\u00edculo&#8221;, disse o relator.<\/p>\n\n\n\n<p><strong>HC 753.833<\/strong><\/p>\n","protected":false},"excerpt":{"rendered":"<p>O fato de uma pessoa, ao ser parada em fiscaliza\u00e7\u00e3o de rotina, negar-se a informar o local de onde vem ou para onde vai \u00e9 fato que denota fundada suspeita para que seja realizada revista no ve\u00edculo. Com esse entendimento, a 6\u00aa Turma do Superior Tribunal de Justi\u00e7a negou a concess\u00e3o da ordem de of\u00edcio<br \/><a class=\"more-link\" href=\"https:\/\/justicapotiguar.com.br\/index.php\/2022\/09\/23\/nao-informar-de-onde-veio-e-para-onde-vai-autoriza-revista-no-carro-de-suspeito\/\">Mais&#8230;<\/a><\/p>\n","protected":false},"author":5,"featured_media":0,"comment_status":"open","ping_status":"open","sticky":false,"template":"","format":"standard","meta":[],"categories":[1],"tags":[],"_links":{"self":[{"href":"https:\/\/justicapotiguar.com.br\/index.php\/wp-json\/wp\/v2\/posts\/28312"}],"collection":[{"href":"https:\/\/justicapotiguar.com.br\/index.php\/wp-json\/wp\/v2\/posts"}],"about":[{"href":"https:\/\/justicapotiguar.com.br\/index.php\/wp-json\/wp\/v2\/types\/post"}],"author":[{"embeddable":true,"href":"https:\/\/justicapotiguar.com.br\/index.php\/wp-json\/wp\/v2\/users\/5"}],"replies":[{"embeddable":true,"href":"https:\/\/justicapotiguar.com.br\/index.php\/wp-json\/wp\/v2\/comments?post=28312"}],"version-history":[{"count":1,"href":"https:\/\/justicapotiguar.com.br\/index.php\/wp-json\/wp\/v2\/posts\/28312\/revisions"}],"predecessor-version":[{"id":28313,"href":"https:\/\/justicapotiguar.com.br\/index.php\/wp-json\/wp\/v2\/posts\/28312\/revisions\/28313"}],"wp:attachment":[{"href":"https:\/\/justicapotiguar.com.br\/index.php\/wp-json\/wp\/v2\/media?parent=28312"}],"wp:term":[{"taxonomy":"category","embeddable":true,"href":"https:\/\/justicapotiguar.com.br\/index.php\/wp-json\/wp\/v2\/categories?post=28312"},{"taxonomy":"post_tag","embeddable":true,"href":"https:\/\/justicapotiguar.com.br\/index.php\/wp-json\/wp\/v2\/tags?post=28312"}],"curies":[{"name":"wp","href":"https:\/\/api.w.org\/{rel}","templated":true}]}}