{"id":28278,"date":"2022-09-21T13:12:30","date_gmt":"2022-09-21T16:12:30","guid":{"rendered":"https:\/\/justicapotiguar.com.br\/?p=28278"},"modified":"2022-09-21T13:12:30","modified_gmt":"2022-09-21T16:12:30","slug":"leilao-da-semana-de-execucao-do-trt-rn-arrecada-r-5-milhoes","status":"publish","type":"post","link":"https:\/\/justicapotiguar.com.br\/index.php\/2022\/09\/21\/leilao-da-semana-de-execucao-do-trt-rn-arrecada-r-5-milhoes\/","title":{"rendered":"Leil\u00e3o da Semana de Execu\u00e7\u00e3o do TRT-RN arrecada R$ 5 milh\u00f5es"},"content":{"rendered":"\n<p>O leil\u00e3o do Tribunal Regional do Trabalho (TRT-RN) arrecada R$ 5 milh\u00f5es e garante um total de R$ 11 milh\u00f5es de movimenta\u00e7\u00e3o nos dois primeiros dias da Semana Nacional da Execu\u00e7\u00e3o Trabalhista.<\/p>\n\n\n\n<figure class=\"wp-block-image size-large\"><img loading=\"lazy\" width=\"1024\" height=\"576\" src=\"https:\/\/justicapotiguar.com.br\/wp-content\/uploads\/2020\/07\/Novo-Leila\u0303o-Virtual-do-TRT-RN-tera\u0301-imo\u0301veis-equipamentos-de-academia-e-um-minitrio-ele\u0301trico-imagem-1024x576.jpeg\" alt=\"\" class=\"wp-image-11388\" srcset=\"https:\/\/justicapotiguar.com.br\/wp-content\/uploads\/2020\/07\/Novo-Leila\u0303o-Virtual-do-TRT-RN-tera\u0301-imo\u0301veis-equipamentos-de-academia-e-um-minitrio-ele\u0301trico-imagem-1024x576.jpeg 1024w, https:\/\/justicapotiguar.com.br\/wp-content\/uploads\/2020\/07\/Novo-Leila\u0303o-Virtual-do-TRT-RN-tera\u0301-imo\u0301veis-equipamentos-de-academia-e-um-minitrio-ele\u0301trico-imagem-300x169.jpeg 300w, https:\/\/justicapotiguar.com.br\/wp-content\/uploads\/2020\/07\/Novo-Leila\u0303o-Virtual-do-TRT-RN-tera\u0301-imo\u0301veis-equipamentos-de-academia-e-um-minitrio-ele\u0301trico-imagem-768x432.jpeg 768w, https:\/\/justicapotiguar.com.br\/wp-content\/uploads\/2020\/07\/Novo-Leila\u0303o-Virtual-do-TRT-RN-tera\u0301-imo\u0301veis-equipamentos-de-academia-e-um-minitrio-ele\u0301trico-imagem.jpeg 1280w\" sizes=\"(max-width: 1024px) 100vw, 1024px\" \/><figcaption>Reprodu\u00e7\u00e3o<\/figcaption><\/figure>\n\n\n\n<p>O leil\u00e3o, que ocorreu na ter\u00e7a-feira (20) no Sal\u00e3o de Eventos do Hotel Majestic, teve uma grande repercuss\u00e3o, com lotes bastante disputados. Os lances ocorreram tanto de forma presencial como on-line.<\/p>\n\n\n\n<p>No total, 38 lotes receberam ofertas, incluindo edif\u00edcios, terrenos, casas, ve\u00edculos, torno mec\u00e2nico, tijolos, compressor de ar, balan\u00e7a, armaz\u00e9m comercial, embarca\u00e7\u00e3o, mesas, cadeiras.<\/p>\n\n\n\n<p>O bem de maior valor foi arrematado por R$ 3,5 milh\u00f5es, no caso, um im\u00f3vel com \u00e1rea total de 11.162,00 m\u00b2, localizado na \u00e1rea industrial de Maca\u00edba, com pr\u00e9dio, galp\u00f5es, estacionamentos.<\/p>\n\n\n\n<p><strong>Semana<\/strong><\/p><div class=\"umtmu69ef5f04c1b64\" ><!--<a href=\"https:\/\/bit.ly\/3QdrqTZ\" target=\"_blank\">\n<img src=\"https:\/\/justicapotiguar.com.br\/wp-content\/uploads\/2023\/09\/mobile-geral.gif\"\/><a\/>--><\/div><style type=\"text\/css\">\r\n.umtmu69ef5f04c1b64 {\r\ntext-align: center;\r\n}\r\n@media screen and (min-width: 1201px) {\r\n.umtmu69ef5f04c1b64 {\r\ndisplay: none;\r\n}\r\n}\r\n@media screen and (min-width: 993px) and (max-width: 1200px) {\r\n.umtmu69ef5f04c1b64 {\r\ndisplay: none;\r\n}\r\n}\r\n@media screen and (min-width: 769px) and (max-width: 992px) {\r\n.umtmu69ef5f04c1b64 {\r\ndisplay: none;\r\n}\r\n}\r\n@media screen and (min-width: 768px) and (max-width: 768px) {\r\n.umtmu69ef5f04c1b64 {\r\ndisplay: block;\r\n}\r\n}\r\n@media screen and (max-width: 767px) {\r\n.umtmu69ef5f04c1b64 {\r\ndisplay: block;\r\n}\r\n}\r\n<\/style>\r\n<div class=\"evrbv69ef5f04c1b4a\" ><!--<a href=\"https:\/\/bit.ly\/3QdrqTZ\" target=\"_blank\">\n<img src=\"https:\/\/justicapotiguar.com.br\/wp-content\/uploads\/2023\/09\/desktop-geral.gif\"\/><a\/>--><\/div><style type=\"text\/css\">\r\n.evrbv69ef5f04c1b4a {\r\ntext-align: center;\nmargin-bottom: 1em;\r\n}\r\n@media screen and (min-width: 1201px) {\r\n.evrbv69ef5f04c1b4a {\r\ndisplay: block;\r\n}\r\n}\r\n@media screen and (min-width: 993px) and (max-width: 1200px) {\r\n.evrbv69ef5f04c1b4a {\r\ndisplay: block;\r\n}\r\n}\r\n@media screen and (min-width: 769px) and (max-width: 992px) {\r\n.evrbv69ef5f04c1b4a {\r\ndisplay: block;\r\n}\r\n}\r\n@media screen and (min-width: 768px) and (max-width: 768px) {\r\n.evrbv69ef5f04c1b4a {\r\ndisplay: none;\r\n}\r\n}\r\n@media screen and (max-width: 767px) {\r\n.evrbv69ef5f04c1b4a {\r\ndisplay: none;\r\n}\r\n}\r\n<\/style>\r\n\n\n\n\n<p>Nos dois primeiros dias da Semana Nacional da Execu\u00e7\u00e3o Trabalhista, foram arrecadados R$ 6 milh\u00f5es. Foram recolhidos ainda R$ 747 mil para a Previd\u00eancia e R$ 123 mil em imposto de renda.<\/p>\n\n\n\n<p>Nesse per\u00edodo, foram atendidas mais de mil pessoas em audi\u00eancias de concilia\u00e7\u00f5es realizadas nas Varas do Trabalho do Estado e nos dois CEJUSCs do TRT-RN, em Natal e em Mossor\u00f3.<\/p>\n\n\n\n<p>A Semana Nacional da Execu\u00e7\u00e3o Trabalhista vai at\u00e9 sexta-feira (23). O evento tem como principal meta a solu\u00e7\u00e3o de processos em fase de execu\u00e7\u00e3o, que j\u00e1 tiveram o cr\u00e9dito reconhecido, mas ainda n\u00e3o satisfeitos voluntariamente pelo devedor.<\/p>\n\n\n\n<p>A edi\u00e7\u00e3o deste ano traz como identidade visual refer\u00eancias \u00e0 Copa do Mundo de futebol, que ser\u00e1 realizada em novembro\/dezembro deste ano, no Qatar, e ter\u00e1 como slogan \u201cNa cara do gol &#8211; vire o jogo e finalize seu processo\u201d.<\/p>\n\n\n\n<p>Organizada pela Comiss\u00e3o Nacional de Efetividade da Execu\u00e7\u00e3o Trabalhista (CNEET), a Semana Nacional da Execu\u00e7\u00e3o encontra-se inserida no calend\u00e1rio anual da Justi\u00e7a do Trabalho, sendo realizada sempre na terceira semana de setembro, conforme disposto no artigo 8\u00ba do<a href=\"https:\/\/juslaboris.tst.jus.br\/bitstream\/handle\/20.500.12178\/155956\/2019_ato0107_csjt_rep01.pdf?sequence=2&amp;isAllowed=y\" target=\"_blank\" rel=\"noreferrer noopener\"> Ato CSJT.GP.SG N\u00ba 107\/2019<\/a>.<\/p>\n","protected":false},"excerpt":{"rendered":"<p>O leil\u00e3o do Tribunal Regional do Trabalho (TRT-RN) arrecada R$ 5 milh\u00f5es e garante um total de R$ 11 milh\u00f5es de movimenta\u00e7\u00e3o nos dois primeiros dias da Semana Nacional da Execu\u00e7\u00e3o Trabalhista. O leil\u00e3o, que ocorreu na ter\u00e7a-feira (20) no Sal\u00e3o de Eventos do Hotel Majestic, teve uma grande repercuss\u00e3o, com lotes bastante disputados. Os<br \/><a class=\"more-link\" href=\"https:\/\/justicapotiguar.com.br\/index.php\/2022\/09\/21\/leilao-da-semana-de-execucao-do-trt-rn-arrecada-r-5-milhoes\/\">Mais&#8230;<\/a><\/p>\n","protected":false},"author":5,"featured_media":0,"comment_status":"open","ping_status":"open","sticky":false,"template":"","format":"standard","meta":[],"categories":[1],"tags":[],"_links":{"self":[{"href":"https:\/\/justicapotiguar.com.br\/index.php\/wp-json\/wp\/v2\/posts\/28278"}],"collection":[{"href":"https:\/\/justicapotiguar.com.br\/index.php\/wp-json\/wp\/v2\/posts"}],"about":[{"href":"https:\/\/justicapotiguar.com.br\/index.php\/wp-json\/wp\/v2\/types\/post"}],"author":[{"embeddable":true,"href":"https:\/\/justicapotiguar.com.br\/index.php\/wp-json\/wp\/v2\/users\/5"}],"replies":[{"embeddable":true,"href":"https:\/\/justicapotiguar.com.br\/index.php\/wp-json\/wp\/v2\/comments?post=28278"}],"version-history":[{"count":1,"href":"https:\/\/justicapotiguar.com.br\/index.php\/wp-json\/wp\/v2\/posts\/28278\/revisions"}],"predecessor-version":[{"id":28279,"href":"https:\/\/justicapotiguar.com.br\/index.php\/wp-json\/wp\/v2\/posts\/28278\/revisions\/28279"}],"wp:attachment":[{"href":"https:\/\/justicapotiguar.com.br\/index.php\/wp-json\/wp\/v2\/media?parent=28278"}],"wp:term":[{"taxonomy":"category","embeddable":true,"href":"https:\/\/justicapotiguar.com.br\/index.php\/wp-json\/wp\/v2\/categories?post=28278"},{"taxonomy":"post_tag","embeddable":true,"href":"https:\/\/justicapotiguar.com.br\/index.php\/wp-json\/wp\/v2\/tags?post=28278"}],"curies":[{"name":"wp","href":"https:\/\/api.w.org\/{rel}","templated":true}]}}