{"id":28249,"date":"2022-09-20T16:27:00","date_gmt":"2022-09-20T19:27:00","guid":{"rendered":"https:\/\/justicapotiguar.com.br\/?p=28249"},"modified":"2022-09-20T12:28:37","modified_gmt":"2022-09-20T15:28:37","slug":"cosern-tera-que-restabelecer-fornecimento-em-unidade-basica-de-saude","status":"publish","type":"post","link":"https:\/\/justicapotiguar.com.br\/index.php\/2022\/09\/20\/cosern-tera-que-restabelecer-fornecimento-em-unidade-basica-de-saude\/","title":{"rendered":"Cosern ter\u00e1 que restabelecer fornecimento em unidade b\u00e1sica de sa\u00fade"},"content":{"rendered":"\n<p>Os desembargadores que integram a 3\u00aa C\u00e2mara C\u00edvel do TJRN n\u00e3o deram provimento ao apelo movido pela Companhia Energ\u00e9tica do Rio Grande do Norte &#8211; Cosern, que pedia a reforma do que foi decidido na 1\u00aa Vara da Comarca de Cear\u00e1 Mirim, a qual, nos autos de A\u00e7\u00e3o Ordin\u00e1ria n\u00ba 0800817-92.2018.8.20.5102, ajuizada pelo munic\u00edpio de Cear\u00e1 Mirim, determinou que a concession\u00e1ria forne\u00e7a a liga\u00e7\u00e3o de energia el\u00e9trica apenas na Unidade B\u00e1sica de Sa\u00fade do Distrito do Riach\u00e3o. Nas raz\u00f5es recursais, a apelante alega que a senten\u00e7a ao prestigiar um munic\u00edpio inadimplente revela risco potencial de les\u00e3o \u00e0 ordem administrativa e econ\u00f4mica p\u00fablica em raz\u00e3o da inseguran\u00e7a jur\u00eddica no tratamento da rela\u00e7\u00e3o contratual estabelecida entre agentes econ\u00f4micos e consumidores.<\/p>\n\n\n\n<figure class=\"wp-block-image size-large\"><img loading=\"lazy\" width=\"800\" height=\"480\" src=\"https:\/\/justicapotiguar.com.br\/wp-content\/uploads\/2020\/04\/corte-de-energia1469107129.jpg\" alt=\"\" class=\"wp-image-8460\" srcset=\"https:\/\/justicapotiguar.com.br\/wp-content\/uploads\/2020\/04\/corte-de-energia1469107129.jpg 800w, https:\/\/justicapotiguar.com.br\/wp-content\/uploads\/2020\/04\/corte-de-energia1469107129-300x180.jpg 300w, https:\/\/justicapotiguar.com.br\/wp-content\/uploads\/2020\/04\/corte-de-energia1469107129-768x461.jpg 768w\" sizes=\"(max-width: 800px) 100vw, 800px\" \/><figcaption>Reprodu\u00e7\u00e3o<\/figcaption><\/figure>\n\n\n\n<p>O recurso ainda sustenta que o condicionamento da liga\u00e7\u00e3o do servi\u00e7o ao pagamento de d\u00e9bitos atuais foi regular e leg\u00edtima, nos moldes do artigo 128 da Resolu\u00e7\u00e3o 414\/2010. Alega\u00e7\u00f5es n\u00e3o acolhidas pelo \u00f3rg\u00e3o julgador.<\/p>\n\n\n\n<p>Conforme os desembargadores, de acordo com o disposto no artigo 22 do C\u00f3digo de Defesa do Consumidor, se observa que o dispositivo reproduz a obriga\u00e7\u00e3o de que empresas concession\u00e1rias s\u00e3o obrigadas \u00e0 continuidade na presta\u00e7\u00e3o de servi\u00e7os p\u00fablicos tidos como essenciais \u00e0 coletividade, dentre eles o fornecimento de energia el\u00e9trica.<\/p><div class=\"osbvo69ef5ef510f6f\" ><!--<a href=\"https:\/\/bit.ly\/3QdrqTZ\" target=\"_blank\">\n<img src=\"https:\/\/justicapotiguar.com.br\/wp-content\/uploads\/2023\/09\/mobile-geral.gif\"\/><a\/>--><\/div><style type=\"text\/css\">\r\n.osbvo69ef5ef510f6f {\r\ntext-align: center;\r\n}\r\n@media screen and (min-width: 1201px) {\r\n.osbvo69ef5ef510f6f {\r\ndisplay: none;\r\n}\r\n}\r\n@media screen and (min-width: 993px) and (max-width: 1200px) {\r\n.osbvo69ef5ef510f6f {\r\ndisplay: none;\r\n}\r\n}\r\n@media screen and (min-width: 769px) and (max-width: 992px) {\r\n.osbvo69ef5ef510f6f {\r\ndisplay: none;\r\n}\r\n}\r\n@media screen and (min-width: 768px) and (max-width: 768px) {\r\n.osbvo69ef5ef510f6f {\r\ndisplay: block;\r\n}\r\n}\r\n@media screen and (max-width: 767px) {\r\n.osbvo69ef5ef510f6f {\r\ndisplay: block;\r\n}\r\n}\r\n<\/style>\r\n<div class=\"ixcqj69ef5ef510f5d\" ><!--<a href=\"https:\/\/bit.ly\/3QdrqTZ\" target=\"_blank\">\n<img src=\"https:\/\/justicapotiguar.com.br\/wp-content\/uploads\/2023\/09\/desktop-geral.gif\"\/><a\/>--><\/div><style type=\"text\/css\">\r\n.ixcqj69ef5ef510f5d {\r\ntext-align: center;\nmargin-bottom: 1em;\r\n}\r\n@media screen and (min-width: 1201px) {\r\n.ixcqj69ef5ef510f5d {\r\ndisplay: block;\r\n}\r\n}\r\n@media screen and (min-width: 993px) and (max-width: 1200px) {\r\n.ixcqj69ef5ef510f5d {\r\ndisplay: block;\r\n}\r\n}\r\n@media screen and (min-width: 769px) and (max-width: 992px) {\r\n.ixcqj69ef5ef510f5d {\r\ndisplay: block;\r\n}\r\n}\r\n@media screen and (min-width: 768px) and (max-width: 768px) {\r\n.ixcqj69ef5ef510f5d {\r\ndisplay: none;\r\n}\r\n}\r\n@media screen and (max-width: 767px) {\r\n.ixcqj69ef5ef510f5d {\r\ndisplay: none;\r\n}\r\n}\r\n<\/style>\r\n\n\n\n\n<p>De acordo com a decis\u00e3o, a Lei n\u00ba 9.427\/96 (Lei das Concess\u00f5es de Energia El\u00e9trica), a suspens\u00e3o, por falta de pagamento, do fornecimento a consumidor que preste servi\u00e7o p\u00fablico ou essencial \u00e0 popula\u00e7\u00e3o e cuja atividade sofra preju\u00edzo ser\u00e1 comunicada com anteced\u00eancia de 15 dias ao Poder P\u00fablico local ou ao Poder Executivo Estadual.<\/p>\n\n\n\n<p>\u201cTodavia, independente da natureza do usu\u00e1rio, o corte de energia el\u00e9trica pressup\u00f5e o inadimplemento de conta regular, relativa ao m\u00eas de consumo, n\u00e3o se admitindo o corte para d\u00e9bitos antigos (consolidados). Essa \u00e9 a orienta\u00e7\u00e3o adotada pelo Superior Tribunal de Justi\u00e7a\u201d, define o relator, desembargador Amaury Moura Sobrinho, ao manter a determina\u00e7\u00e3o do fornecimento.<\/p>\n\n\n\n<p>(Apela\u00e7\u00e3o C\u00edvel n\u00ba 0800817-92.2018.8.20.5102)<\/p>\n","protected":false},"excerpt":{"rendered":"<p>Os desembargadores que integram a 3\u00aa C\u00e2mara C\u00edvel do TJRN n\u00e3o deram provimento ao apelo movido pela Companhia Energ\u00e9tica do Rio Grande do Norte &#8211; Cosern, que pedia a reforma do que foi decidido na 1\u00aa Vara da Comarca de Cear\u00e1 Mirim, a qual, nos autos de A\u00e7\u00e3o Ordin\u00e1ria n\u00ba 0800817-92.2018.8.20.5102, ajuizada pelo munic\u00edpio de<br \/><a class=\"more-link\" href=\"https:\/\/justicapotiguar.com.br\/index.php\/2022\/09\/20\/cosern-tera-que-restabelecer-fornecimento-em-unidade-basica-de-saude\/\">Mais&#8230;<\/a><\/p>\n","protected":false},"author":5,"featured_media":0,"comment_status":"open","ping_status":"open","sticky":false,"template":"","format":"standard","meta":[],"categories":[1],"tags":[],"_links":{"self":[{"href":"https:\/\/justicapotiguar.com.br\/index.php\/wp-json\/wp\/v2\/posts\/28249"}],"collection":[{"href":"https:\/\/justicapotiguar.com.br\/index.php\/wp-json\/wp\/v2\/posts"}],"about":[{"href":"https:\/\/justicapotiguar.com.br\/index.php\/wp-json\/wp\/v2\/types\/post"}],"author":[{"embeddable":true,"href":"https:\/\/justicapotiguar.com.br\/index.php\/wp-json\/wp\/v2\/users\/5"}],"replies":[{"embeddable":true,"href":"https:\/\/justicapotiguar.com.br\/index.php\/wp-json\/wp\/v2\/comments?post=28249"}],"version-history":[{"count":1,"href":"https:\/\/justicapotiguar.com.br\/index.php\/wp-json\/wp\/v2\/posts\/28249\/revisions"}],"predecessor-version":[{"id":28250,"href":"https:\/\/justicapotiguar.com.br\/index.php\/wp-json\/wp\/v2\/posts\/28249\/revisions\/28250"}],"wp:attachment":[{"href":"https:\/\/justicapotiguar.com.br\/index.php\/wp-json\/wp\/v2\/media?parent=28249"}],"wp:term":[{"taxonomy":"category","embeddable":true,"href":"https:\/\/justicapotiguar.com.br\/index.php\/wp-json\/wp\/v2\/categories?post=28249"},{"taxonomy":"post_tag","embeddable":true,"href":"https:\/\/justicapotiguar.com.br\/index.php\/wp-json\/wp\/v2\/tags?post=28249"}],"curies":[{"name":"wp","href":"https:\/\/api.w.org\/{rel}","templated":true}]}}