{"id":28206,"date":"2022-09-17T13:35:00","date_gmt":"2022-09-17T16:35:00","guid":{"rendered":"https:\/\/justicapotiguar.com.br\/?p=28206"},"modified":"2022-09-16T23:43:45","modified_gmt":"2022-09-17T02:43:45","slug":"tj-manda-municipio-de-natal-reformar-unidade-de-saude-de-lagoa-seca","status":"publish","type":"post","link":"https:\/\/justicapotiguar.com.br\/index.php\/2022\/09\/17\/tj-manda-municipio-de-natal-reformar-unidade-de-saude-de-lagoa-seca\/","title":{"rendered":"TJ manda Munic\u00edpio de Natal reformar Unidade de Sa\u00fade de Lagoa Seca"},"content":{"rendered":"\n<figure class=\"wp-block-image size-large\"><img loading=\"lazy\" width=\"824\" height=\"618\" src=\"https:\/\/justicapotiguar.com.br\/wp-content\/uploads\/2022\/09\/image.png\" alt=\"\" class=\"wp-image-28208\" srcset=\"https:\/\/justicapotiguar.com.br\/wp-content\/uploads\/2022\/09\/image.png 824w, https:\/\/justicapotiguar.com.br\/wp-content\/uploads\/2022\/09\/image-300x225.png 300w, https:\/\/justicapotiguar.com.br\/wp-content\/uploads\/2022\/09\/image-768x576.png 768w\" sizes=\"(max-width: 824px) 100vw, 824px\" \/><figcaption>Reprodu\u00e7\u00e3o <\/figcaption><\/figure>\n\n\n\n<p>A Prefeitura do Natal dever\u00e1 realizar a reforma e instala\u00e7\u00e3o de equipamentos no pr\u00e9dio da Unidade Mista de Sa\u00fade de Lagoa Seca, deixando-o apto ao acesso e uso das pessoas portadoras de defici\u00eancia f\u00edsica ou mobilidade reduzida. A decis\u00e3o \u00e9 do juiz Airton Pinheiro, da 4\u00aa Vara da Fazenda P\u00fablica da capital, que julgou procedente a a\u00e7\u00e3o ajuizada pelo Minist\u00e9rio P\u00fablico Estadual. O magistrado determinou ainda o pagamento de multa \u00fanica de um milh\u00e3o de reais em caso de descumprimento da determina\u00e7\u00e3o.<\/p>\n\n\n\n<p><br>De acordo com os autos do processo, o Minist\u00e9rio P\u00fablico Estadual realizou, com o munic\u00edpio de Natal, o Termo de Ajustamento de Conduta no ano de 2008 no qual houve o compromisso de n\u00e3o mais construir ou alugar unidades de sa\u00fade sem observ\u00e2ncia das normas t\u00e9cnicas, al\u00e9m de reformar o pr\u00e9dio onde est\u00e1 instalada a Unidade de Sa\u00fade Mista de Lagoa Seca. Ao instaurar procedimento administrativo para apurar o efetivo cumprimento das obriga\u00e7\u00f5es, foi constatado, em 19\/12\/2017, que o munic\u00edpio n\u00e3o realizou as adapta\u00e7\u00f5es necess\u00e1rias. N\u00e3o havendo mais resolu\u00e7\u00e3o extrajudicial, buscou o Poder Judici\u00e1rio a fim de garantir o respeito \u00e0s normas de acessibilidade.<\/p>\n\n\n\n<p><br>Foi realizada audi\u00eancia de concilia\u00e7\u00e3o e as partes concordaram em suspender o processo por 120 dias para que seja realizada a conclus\u00e3o das obras. Transcorrido o prazo de suspens\u00e3o, o MPRN pugnou pelo prosseguimento do feito e pela intima\u00e7\u00e3o do munic\u00edpio de Natal para que, no prazo legal, apresentasse defesa ou comprovasse o cumprimento da obriga\u00e7\u00e3o. O munic\u00edpio se manifestou apresentando um cronograma de adequa\u00e7\u00e3o ainda a ser implementado em 2027.<\/p><div class=\"zbqjv69ef2007a69d4\" ><!--<a href=\"https:\/\/bit.ly\/3QdrqTZ\" target=\"_blank\">\n<img src=\"https:\/\/justicapotiguar.com.br\/wp-content\/uploads\/2023\/09\/mobile-geral.gif\"\/><a\/>--><\/div><style type=\"text\/css\">\r\n.zbqjv69ef2007a69d4 {\r\ntext-align: center;\r\n}\r\n@media screen and (min-width: 1201px) {\r\n.zbqjv69ef2007a69d4 {\r\ndisplay: none;\r\n}\r\n}\r\n@media screen and (min-width: 993px) and (max-width: 1200px) {\r\n.zbqjv69ef2007a69d4 {\r\ndisplay: none;\r\n}\r\n}\r\n@media screen and (min-width: 769px) and (max-width: 992px) {\r\n.zbqjv69ef2007a69d4 {\r\ndisplay: none;\r\n}\r\n}\r\n@media screen and (min-width: 768px) and (max-width: 768px) {\r\n.zbqjv69ef2007a69d4 {\r\ndisplay: block;\r\n}\r\n}\r\n@media screen and (max-width: 767px) {\r\n.zbqjv69ef2007a69d4 {\r\ndisplay: block;\r\n}\r\n}\r\n<\/style>\r\n<div class=\"okasd69ef2007a69bf\" ><!--<a href=\"https:\/\/bit.ly\/3QdrqTZ\" target=\"_blank\">\n<img src=\"https:\/\/justicapotiguar.com.br\/wp-content\/uploads\/2023\/09\/desktop-geral.gif\"\/><a\/>--><\/div><style type=\"text\/css\">\r\n.okasd69ef2007a69bf {\r\ntext-align: center;\nmargin-bottom: 1em;\r\n}\r\n@media screen and (min-width: 1201px) {\r\n.okasd69ef2007a69bf {\r\ndisplay: block;\r\n}\r\n}\r\n@media screen and (min-width: 993px) and (max-width: 1200px) {\r\n.okasd69ef2007a69bf {\r\ndisplay: block;\r\n}\r\n}\r\n@media screen and (min-width: 769px) and (max-width: 992px) {\r\n.okasd69ef2007a69bf {\r\ndisplay: block;\r\n}\r\n}\r\n@media screen and (min-width: 768px) and (max-width: 768px) {\r\n.okasd69ef2007a69bf {\r\ndisplay: none;\r\n}\r\n}\r\n@media screen and (max-width: 767px) {\r\n.okasd69ef2007a69bf {\r\ndisplay: none;\r\n}\r\n}\r\n<\/style>\r\n\n\n\n\n<p><br>\u201cNo caso dos autos constatou-se que o local n\u00e3o atende \u00e0s normas t\u00e9cnicas vigentes, necessitando de interven\u00e7\u00f5es para se adaptar ao uso de pessoas com defici\u00eancia ou com demais limita\u00e7\u00f5es de mobilidade. Ademais, verifica-se que o munic\u00edpio de Natal n\u00e3o trouxe aos autos elementos que comprovem ter ao menos iniciado o procedimento de adapta\u00e7\u00e3o da referida Unidade Mista de Sa\u00fade de Lagoa Seca \u00e0s normas de acessibilidade. Em sentido contr\u00e1rio, apenas apresentou um cronograma informando o in\u00edcio de adequa\u00e7\u00f5es de acessibilidade com previs\u00e3o de in\u00edcio para o quarto trimestre de 2027. Tal argumento n\u00e3o merece amparo, visto que a mora para a realiza\u00e7\u00e3o de tais obras remete ao Termo de Ajustamento de Conduta realizado pelo Minist\u00e9rio P\u00fablico, n\u00e3o devendo a coletividade suportar tal omiss\u00e3o por mais tempo, ficando ao bel-prazer desta municipalidade. Isso porque fica evidente que, ao negligenciar a realiza\u00e7\u00e3o das obras de adapta\u00e7\u00e3o da unidade, o Munic\u00edpio est\u00e1 a violar os direitos fundamentais da igualdade, do acesso \u00e0 sa\u00fade e da dignidade da pessoa humana daqueles que s\u00e3o portadores de defici\u00eancia\u201d, destacou o juiz Airton Pinheiro.<\/p>\n\n\n\n<p>Processo n\u00ba 0844370-07.2018.8.20.5001<\/p>\n","protected":false},"excerpt":{"rendered":"<p>A Prefeitura do Natal dever\u00e1 realizar a reforma e instala\u00e7\u00e3o de equipamentos no pr\u00e9dio da Unidade Mista de Sa\u00fade de Lagoa Seca, deixando-o apto ao acesso e uso das pessoas portadoras de defici\u00eancia f\u00edsica ou mobilidade reduzida. A decis\u00e3o \u00e9 do juiz Airton Pinheiro, da 4\u00aa Vara da Fazenda P\u00fablica da capital, que julgou procedente<br \/><a class=\"more-link\" href=\"https:\/\/justicapotiguar.com.br\/index.php\/2022\/09\/17\/tj-manda-municipio-de-natal-reformar-unidade-de-saude-de-lagoa-seca\/\">Mais&#8230;<\/a><\/p>\n","protected":false},"author":5,"featured_media":0,"comment_status":"open","ping_status":"open","sticky":false,"template":"","format":"standard","meta":[],"categories":[1],"tags":[],"_links":{"self":[{"href":"https:\/\/justicapotiguar.com.br\/index.php\/wp-json\/wp\/v2\/posts\/28206"}],"collection":[{"href":"https:\/\/justicapotiguar.com.br\/index.php\/wp-json\/wp\/v2\/posts"}],"about":[{"href":"https:\/\/justicapotiguar.com.br\/index.php\/wp-json\/wp\/v2\/types\/post"}],"author":[{"embeddable":true,"href":"https:\/\/justicapotiguar.com.br\/index.php\/wp-json\/wp\/v2\/users\/5"}],"replies":[{"embeddable":true,"href":"https:\/\/justicapotiguar.com.br\/index.php\/wp-json\/wp\/v2\/comments?post=28206"}],"version-history":[{"count":1,"href":"https:\/\/justicapotiguar.com.br\/index.php\/wp-json\/wp\/v2\/posts\/28206\/revisions"}],"predecessor-version":[{"id":28209,"href":"https:\/\/justicapotiguar.com.br\/index.php\/wp-json\/wp\/v2\/posts\/28206\/revisions\/28209"}],"wp:attachment":[{"href":"https:\/\/justicapotiguar.com.br\/index.php\/wp-json\/wp\/v2\/media?parent=28206"}],"wp:term":[{"taxonomy":"category","embeddable":true,"href":"https:\/\/justicapotiguar.com.br\/index.php\/wp-json\/wp\/v2\/categories?post=28206"},{"taxonomy":"post_tag","embeddable":true,"href":"https:\/\/justicapotiguar.com.br\/index.php\/wp-json\/wp\/v2\/tags?post=28206"}],"curies":[{"name":"wp","href":"https:\/\/api.w.org\/{rel}","templated":true}]}}