{"id":2820,"date":"2019-10-04T13:30:48","date_gmt":"2019-10-04T16:30:48","guid":{"rendered":"https:\/\/justicapotiguar.com.br\/?p=2820"},"modified":"2019-10-04T12:09:53","modified_gmt":"2019-10-04T15:09:53","slug":"tse-lanca-nesta-sexta-feira-4-programa-minuto-da-checagem","status":"publish","type":"post","link":"https:\/\/justicapotiguar.com.br\/index.php\/2019\/10\/04\/tse-lanca-nesta-sexta-feira-4-programa-minuto-da-checagem\/","title":{"rendered":"TSE lan\u00e7a nesta sexta-feira (4) programa Minuto da Checagem"},"content":{"rendered":"\n<p>O N\u00facleo de R\u00e1dio e TV do Tribunal Superior Eleitoral (TSE) lan\u00e7a, nesta sexta-feira (4), o programa Minuto da Checagem. O objetivo \u00e9 explicar para os eleitores a import\u00e2ncia de verificar, antes de compartilhar, a veracidade das informa\u00e7\u00f5es recebidas ou acessadas em redes sociais, aplicativos de celular e sites.<\/p>\n\n\n\n<p>O Minuto da Checagem, que tem a dura\u00e7\u00e3o aproximada de um minuto, ser\u00e1 veiculado uma vez por m\u00eas no canal da Corte Eleitoral no YouTube e tamb\u00e9m no intervalo da programa\u00e7\u00e3o da TV Justi\u00e7a e das demais 500 emissoras parceiras que retransmitem a programa\u00e7\u00e3o audiovisual da Assessoria de Comunica\u00e7\u00e3o do TSE.<\/p>\n\n\n\n<p>A edi\u00e7\u00e3o deste m\u00eas vai explicar que a desinforma\u00e7\u00e3o pode vir de todos os lados, at\u00e9 mesmo de um familiar, por exemplo. Por isso, \u00e9 importante ficar com o radar ligado e desconfiar de tudo o que receber nos aplicativos de celular e nas redes sociais, bem como das not\u00edcias veiculadas pela internet que pare\u00e7am estranhas demais para ser verdade.<\/p><div class=\"eaxjt69f5f0fcdee2e\" ><!--<a href=\"https:\/\/bit.ly\/3QdrqTZ\" target=\"_blank\">\n<img src=\"https:\/\/justicapotiguar.com.br\/wp-content\/uploads\/2023\/09\/mobile-geral.gif\"\/><a\/>--><\/div><style type=\"text\/css\">\r\n.eaxjt69f5f0fcdee2e {\r\ntext-align: center;\r\n}\r\n@media screen and (min-width: 1201px) {\r\n.eaxjt69f5f0fcdee2e {\r\ndisplay: none;\r\n}\r\n}\r\n@media screen and (min-width: 993px) and (max-width: 1200px) {\r\n.eaxjt69f5f0fcdee2e {\r\ndisplay: none;\r\n}\r\n}\r\n@media screen and (min-width: 769px) and (max-width: 992px) {\r\n.eaxjt69f5f0fcdee2e {\r\ndisplay: none;\r\n}\r\n}\r\n@media screen and (min-width: 768px) and (max-width: 768px) {\r\n.eaxjt69f5f0fcdee2e {\r\ndisplay: block;\r\n}\r\n}\r\n@media screen and (max-width: 767px) {\r\n.eaxjt69f5f0fcdee2e {\r\ndisplay: block;\r\n}\r\n}\r\n<\/style>\r\n<div class=\"dhuxq69f5f0fcdee1b\" ><!--<a href=\"https:\/\/bit.ly\/3QdrqTZ\" target=\"_blank\">\n<img src=\"https:\/\/justicapotiguar.com.br\/wp-content\/uploads\/2023\/09\/desktop-geral.gif\"\/><a\/>--><\/div><style type=\"text\/css\">\r\n.dhuxq69f5f0fcdee1b {\r\ntext-align: center;\nmargin-bottom: 1em;\r\n}\r\n@media screen and (min-width: 1201px) {\r\n.dhuxq69f5f0fcdee1b {\r\ndisplay: block;\r\n}\r\n}\r\n@media screen and (min-width: 993px) and (max-width: 1200px) {\r\n.dhuxq69f5f0fcdee1b {\r\ndisplay: block;\r\n}\r\n}\r\n@media screen and (min-width: 769px) and (max-width: 992px) {\r\n.dhuxq69f5f0fcdee1b {\r\ndisplay: block;\r\n}\r\n}\r\n@media screen and (min-width: 768px) and (max-width: 768px) {\r\n.dhuxq69f5f0fcdee1b {\r\ndisplay: none;\r\n}\r\n}\r\n@media screen and (max-width: 767px) {\r\n.dhuxq69f5f0fcdee1b {\r\ndisplay: none;\r\n}\r\n}\r\n<\/style>\r\n\n\n\n\n<p>Na d\u00favida, n\u00e3o compartilhe!<\/p>\n\n\n\n<p>O programa \u00e9 mais uma a\u00e7\u00e3o do TSE para combater a desinforma\u00e7\u00e3o no \u00e2mbito do processo eleitoral brasileiro, que foi um dos grandes problemas enfrentados pelo Tribunal durante as Elei\u00e7\u00f5es Gerais de 2018, na medida em que levantou suspei\u00e7\u00f5es em rela\u00e7\u00e3o \u00e0 seguran\u00e7a do processo eleitoral e da urna eletr\u00f4nica.<\/p>\n\n\n\n<figure class=\"wp-block-image\"><img loading=\"lazy\" width=\"578\" height=\"312\" src=\"https:\/\/justicapotiguar.com.br\/wp-content\/uploads\/2019\/10\/image002.jpg\" alt=\"\" class=\"wp-image-2821\" srcset=\"https:\/\/justicapotiguar.com.br\/wp-content\/uploads\/2019\/10\/image002.jpg 578w, https:\/\/justicapotiguar.com.br\/wp-content\/uploads\/2019\/10\/image002-300x162.jpg 300w\" sizes=\"(max-width: 578px) 100vw, 578px\" \/><\/figure>\n","protected":false},"excerpt":{"rendered":"<p>O objetivo \u00e9 explicar para os eleitores a import\u00e2ncia de verificar, antes de compartilhar, a veracidade das informa\u00e7\u00f5es recebidas<br \/><a class=\"more-link\" href=\"https:\/\/justicapotiguar.com.br\/index.php\/2019\/10\/04\/tse-lanca-nesta-sexta-feira-4-programa-minuto-da-checagem\/\">Mais&#8230;<\/a><\/p>\n","protected":false},"author":5,"featured_media":2821,"comment_status":"open","ping_status":"open","sticky":false,"template":"","format":"standard","meta":[],"categories":[3],"tags":[],"_links":{"self":[{"href":"https:\/\/justicapotiguar.com.br\/index.php\/wp-json\/wp\/v2\/posts\/2820"}],"collection":[{"href":"https:\/\/justicapotiguar.com.br\/index.php\/wp-json\/wp\/v2\/posts"}],"about":[{"href":"https:\/\/justicapotiguar.com.br\/index.php\/wp-json\/wp\/v2\/types\/post"}],"author":[{"embeddable":true,"href":"https:\/\/justicapotiguar.com.br\/index.php\/wp-json\/wp\/v2\/users\/5"}],"replies":[{"embeddable":true,"href":"https:\/\/justicapotiguar.com.br\/index.php\/wp-json\/wp\/v2\/comments?post=2820"}],"version-history":[{"count":1,"href":"https:\/\/justicapotiguar.com.br\/index.php\/wp-json\/wp\/v2\/posts\/2820\/revisions"}],"predecessor-version":[{"id":2822,"href":"https:\/\/justicapotiguar.com.br\/index.php\/wp-json\/wp\/v2\/posts\/2820\/revisions\/2822"}],"wp:featuredmedia":[{"embeddable":true,"href":"https:\/\/justicapotiguar.com.br\/index.php\/wp-json\/wp\/v2\/media\/2821"}],"wp:attachment":[{"href":"https:\/\/justicapotiguar.com.br\/index.php\/wp-json\/wp\/v2\/media?parent=2820"}],"wp:term":[{"taxonomy":"category","embeddable":true,"href":"https:\/\/justicapotiguar.com.br\/index.php\/wp-json\/wp\/v2\/categories?post=2820"},{"taxonomy":"post_tag","embeddable":true,"href":"https:\/\/justicapotiguar.com.br\/index.php\/wp-json\/wp\/v2\/tags?post=2820"}],"curies":[{"name":"wp","href":"https:\/\/api.w.org\/{rel}","templated":true}]}}