{"id":28172,"date":"2022-09-15T09:34:00","date_gmt":"2022-09-15T12:34:00","guid":{"rendered":"https:\/\/justicapotiguar.com.br\/?p=28172"},"modified":"2022-09-15T06:34:47","modified_gmt":"2022-09-15T09:34:47","slug":"falta-de-fianca-nao-pode-justificar-manutencao-de-prisao-cautelar-decide-tj","status":"publish","type":"post","link":"https:\/\/justicapotiguar.com.br\/index.php\/2022\/09\/15\/falta-de-fianca-nao-pode-justificar-manutencao-de-prisao-cautelar-decide-tj\/","title":{"rendered":"Falta de fian\u00e7a n\u00e3o pode justificar manuten\u00e7\u00e3o de pris\u00e3o cautelar, decide TJ"},"content":{"rendered":"\n<figure class=\"wp-block-image size-large\"><img loading=\"lazy\" width=\"600\" height=\"300\" src=\"https:\/\/justicapotiguar.com.br\/wp-content\/uploads\/2019\/12\/prisao-vazia.jpg\" alt=\"\" class=\"wp-image-4623\" srcset=\"https:\/\/justicapotiguar.com.br\/wp-content\/uploads\/2019\/12\/prisao-vazia.jpg 600w, https:\/\/justicapotiguar.com.br\/wp-content\/uploads\/2019\/12\/prisao-vazia-300x150.jpg 300w\" sizes=\"(max-width: 600px) 100vw, 600px\" \/><figcaption>Ilustrativa<\/figcaption><\/figure>\n\n\n\n<p>A C\u00e2mara Criminal do TJRN voltou a destacar o Habeas Corpus coletivo n\u00ba 568.963-ES, seguido nos tribunais superiores, como o Superior Tribunal de Justi\u00e7a (STJ), o qual concedeu liminar para deferir a liberdade provis\u00f3ria aos acusados que est\u00e3o presos t\u00e3o somente em raz\u00e3o do n\u00e3o pagamento de fian\u00e7a. A tutela coletiva teve os seus efeitos estendidos para todo o territ\u00f3rio nacional e foi destacada em raz\u00e3o de um HC movido pela Defensoria P\u00fablica estadual, em favor de um homem denunciado pela pr\u00e1tica dos artigos 129, par\u00e1grafo 9\u00ba e 147\u00ba, ambos do C\u00f3digo Penal no contexto da Lei 11.340\/2006 (Lei Maria da Penha).<\/p>\n\n\n\n<p>O HC foi movido sob os argumentos de que o acusado est\u00e1 preso ap\u00f3s determina\u00e7\u00e3o do Ju\u00edzo de Direito Plantonista do Polo Regional da Central de Flagrantes da Comarca de Mossor\u00f3 e que a autoridade policial fixou fian\u00e7a de R$ 1.212,00, a qual n\u00e3o foi recolhida em raz\u00e3o da incapacidade financeira do flagranteado. O \u00f3rg\u00e3o ainda alegou que o ju\u00edzo plantonista concedeu a liberdade provis\u00f3ria com fian\u00e7a, condicionando a expedi\u00e7\u00e3o do alvar\u00e1 de soltura ao recolhimento pr\u00e9vio dos valores.<\/p>\n\n\n\n<p>O HC ainda argumenta que n\u00e3o foi realizada a audi\u00eancia de cust\u00f3dia e que n\u00e3o houve manifesta\u00e7\u00e3o do Minist\u00e9rio P\u00fablico e da Defensoria P\u00fablica antes da decis\u00e3o que condicionou a liberdade provis\u00f3ria ao recolhimento da fian\u00e7a.<\/p><div class=\"ifdvg69edcf7542f37\" ><!--<a href=\"https:\/\/bit.ly\/3QdrqTZ\" target=\"_blank\">\n<img src=\"https:\/\/justicapotiguar.com.br\/wp-content\/uploads\/2023\/09\/mobile-geral.gif\"\/><a\/>--><\/div><style type=\"text\/css\">\r\n.ifdvg69edcf7542f37 {\r\ntext-align: center;\r\n}\r\n@media screen and (min-width: 1201px) {\r\n.ifdvg69edcf7542f37 {\r\ndisplay: none;\r\n}\r\n}\r\n@media screen and (min-width: 993px) and (max-width: 1200px) {\r\n.ifdvg69edcf7542f37 {\r\ndisplay: none;\r\n}\r\n}\r\n@media screen and (min-width: 769px) and (max-width: 992px) {\r\n.ifdvg69edcf7542f37 {\r\ndisplay: none;\r\n}\r\n}\r\n@media screen and (min-width: 768px) and (max-width: 768px) {\r\n.ifdvg69edcf7542f37 {\r\ndisplay: block;\r\n}\r\n}\r\n@media screen and (max-width: 767px) {\r\n.ifdvg69edcf7542f37 {\r\ndisplay: block;\r\n}\r\n}\r\n<\/style>\r\n<div class=\"pzlub69edcf7542f18\" ><!--<a href=\"https:\/\/bit.ly\/3QdrqTZ\" target=\"_blank\">\n<img src=\"https:\/\/justicapotiguar.com.br\/wp-content\/uploads\/2023\/09\/desktop-geral.gif\"\/><a\/>--><\/div><style type=\"text\/css\">\r\n.pzlub69edcf7542f18 {\r\ntext-align: center;\nmargin-bottom: 1em;\r\n}\r\n@media screen and (min-width: 1201px) {\r\n.pzlub69edcf7542f18 {\r\ndisplay: block;\r\n}\r\n}\r\n@media screen and (min-width: 993px) and (max-width: 1200px) {\r\n.pzlub69edcf7542f18 {\r\ndisplay: block;\r\n}\r\n}\r\n@media screen and (min-width: 769px) and (max-width: 992px) {\r\n.pzlub69edcf7542f18 {\r\ndisplay: block;\r\n}\r\n}\r\n@media screen and (min-width: 768px) and (max-width: 768px) {\r\n.pzlub69edcf7542f18 {\r\ndisplay: none;\r\n}\r\n}\r\n@media screen and (max-width: 767px) {\r\n.pzlub69edcf7542f18 {\r\ndisplay: none;\r\n}\r\n}\r\n<\/style>\r\n\n\n\n\n<p>A atual decis\u00e3o, sob relatoria do desembargador Gilson Barbosa, destacou o entendimento do STJ de que o Judici\u00e1rio n\u00e3o pode se portar como um Poder alheio aos anseios da sociedade, sendo conhecedor do \u201cgrande impacto financeiro\u201d que a pandemia j\u00e1 tem gerado no cen\u00e1rio econ\u00f4mico brasileiro, aumentando a taxa de desemprego e diminuindo ou, at\u00e9 mesmo, extirpando a renda do cidad\u00e3o brasileiro, o que torna a decis\u00e3o de condicionar a liberdade provis\u00f3ria ao pagamento de fian\u00e7a ainda mais \u201csem raz\u00e3o\u201d.<\/p>\n\n\n\n<p>A decis\u00e3o confirmou a concess\u00e3o liminar e determinou, com base neste entendimento, a liberdade provis\u00f3ria do acusado, com a dispensa do pagamento de fian\u00e7a, mantendo as medidas protetivas impostas pelo ju\u00edzo de primeiro grau, nos termos do artigo 22 da Lei n. 11.340\/2006.<\/p>\n\n\n\n<p>(Habeas Corpus Criminal n\u00ba 0800261-30.2022.8.20.5400)<\/p>\n","protected":false},"excerpt":{"rendered":"<p>A C\u00e2mara Criminal do TJRN voltou a destacar o Habeas Corpus coletivo n\u00ba 568.963-ES, seguido nos tribunais superiores, como o Superior Tribunal de Justi\u00e7a (STJ), o qual concedeu liminar para deferir a liberdade provis\u00f3ria aos acusados que est\u00e3o presos t\u00e3o somente em raz\u00e3o do n\u00e3o pagamento de fian\u00e7a. A tutela coletiva teve os seus efeitos<br \/><a class=\"more-link\" href=\"https:\/\/justicapotiguar.com.br\/index.php\/2022\/09\/15\/falta-de-fianca-nao-pode-justificar-manutencao-de-prisao-cautelar-decide-tj\/\">Mais&#8230;<\/a><\/p>\n","protected":false},"author":5,"featured_media":0,"comment_status":"open","ping_status":"open","sticky":false,"template":"","format":"standard","meta":[],"categories":[1],"tags":[],"_links":{"self":[{"href":"https:\/\/justicapotiguar.com.br\/index.php\/wp-json\/wp\/v2\/posts\/28172"}],"collection":[{"href":"https:\/\/justicapotiguar.com.br\/index.php\/wp-json\/wp\/v2\/posts"}],"about":[{"href":"https:\/\/justicapotiguar.com.br\/index.php\/wp-json\/wp\/v2\/types\/post"}],"author":[{"embeddable":true,"href":"https:\/\/justicapotiguar.com.br\/index.php\/wp-json\/wp\/v2\/users\/5"}],"replies":[{"embeddable":true,"href":"https:\/\/justicapotiguar.com.br\/index.php\/wp-json\/wp\/v2\/comments?post=28172"}],"version-history":[{"count":1,"href":"https:\/\/justicapotiguar.com.br\/index.php\/wp-json\/wp\/v2\/posts\/28172\/revisions"}],"predecessor-version":[{"id":28173,"href":"https:\/\/justicapotiguar.com.br\/index.php\/wp-json\/wp\/v2\/posts\/28172\/revisions\/28173"}],"wp:attachment":[{"href":"https:\/\/justicapotiguar.com.br\/index.php\/wp-json\/wp\/v2\/media?parent=28172"}],"wp:term":[{"taxonomy":"category","embeddable":true,"href":"https:\/\/justicapotiguar.com.br\/index.php\/wp-json\/wp\/v2\/categories?post=28172"},{"taxonomy":"post_tag","embeddable":true,"href":"https:\/\/justicapotiguar.com.br\/index.php\/wp-json\/wp\/v2\/tags?post=28172"}],"curies":[{"name":"wp","href":"https:\/\/api.w.org\/{rel}","templated":true}]}}