{"id":28168,"date":"2022-09-15T08:13:00","date_gmt":"2022-09-15T11:13:00","guid":{"rendered":"https:\/\/justicapotiguar.com.br\/?p=28168"},"modified":"2022-09-15T06:32:58","modified_gmt":"2022-09-15T09:32:58","slug":"tse-mantem-registro-de-candidatura-de-ezequiel-ferreira","status":"publish","type":"post","link":"https:\/\/justicapotiguar.com.br\/index.php\/2022\/09\/15\/tse-mantem-registro-de-candidatura-de-ezequiel-ferreira\/","title":{"rendered":"TSE mant\u00e9m registro de candidatura de Ezequiel Ferreira"},"content":{"rendered":"\n<figure class=\"wp-block-image size-large\"><img loading=\"lazy\" width=\"1024\" height=\"732\" src=\"https:\/\/justicapotiguar.com.br\/wp-content\/uploads\/2022\/09\/ezequiel-1024x732.jpg\" alt=\"\" class=\"wp-image-27966\" srcset=\"https:\/\/justicapotiguar.com.br\/wp-content\/uploads\/2022\/09\/ezequiel-1024x732.jpg 1024w, https:\/\/justicapotiguar.com.br\/wp-content\/uploads\/2022\/09\/ezequiel-300x214.jpg 300w, https:\/\/justicapotiguar.com.br\/wp-content\/uploads\/2022\/09\/ezequiel-768x549.jpg 768w, https:\/\/justicapotiguar.com.br\/wp-content\/uploads\/2022\/09\/ezequiel-1536x1097.jpg 1536w, https:\/\/justicapotiguar.com.br\/wp-content\/uploads\/2022\/09\/ezequiel.jpg 1600w\" sizes=\"(max-width: 1024px) 100vw, 1024px\" \/><figcaption>Reprodu\u00e7\u00e3o<\/figcaption><\/figure>\n\n\n\n<p>O ministro do TSE, Benedito Gon\u00e7alves, negou recurso do Minist\u00e9rio P\u00fablico e confirmou o registro de candidatura que havia sido deferido \u00e0 unanimidade pelo Tribunal Regional Eleitoral do RN em favor do deputado estadual e presidente da Assembleia Legislativa, Ezequiel Ferreira (PSDB).<\/p>\n\n\n\n<p>O MP alegava que  Ezequiel deveria ter deixado o cargo do Conselho Curador da Funda\u00e7\u00e3o Djalma Marinjo para concorrer a reelei\u00e7\u00e3o, o que n\u00e3o foi aceito pelo tribunal. <\/p>\n\n\n\n<p>Na decis\u00e3o ficou claro que, &#8221; \u00e9 incontroverso que o recorrido ocupou o cargo de Presidente daAssembleia Legislativa do Rio Grande do Norte nos seis meses anteriores ao pleito e, nessa<br>qualidade, presidiu o Conselho Curador da Funda\u00e7\u00e3o p\u00fablica Djalma Marinho (consoante<br>disposto no art. 7\u00ba do estatuto da entidade, acostado aos autos sob ID 158.043.470). Essa atua\u00e7\u00e3o, contudo, n\u00e3o acarreta sua inelegibilidade por falta de desincompatibiliza\u00e7\u00e3o&#8221;, diz a decis\u00e3o.<\/p><div class=\"fhyvp69ee4df0ddbad\" ><!--<a href=\"https:\/\/bit.ly\/3QdrqTZ\" target=\"_blank\">\n<img src=\"https:\/\/justicapotiguar.com.br\/wp-content\/uploads\/2023\/09\/mobile-geral.gif\"\/><a\/>--><\/div><style type=\"text\/css\">\r\n.fhyvp69ee4df0ddbad {\r\ntext-align: center;\r\n}\r\n@media screen and (min-width: 1201px) {\r\n.fhyvp69ee4df0ddbad {\r\ndisplay: none;\r\n}\r\n}\r\n@media screen and (min-width: 993px) and (max-width: 1200px) {\r\n.fhyvp69ee4df0ddbad {\r\ndisplay: none;\r\n}\r\n}\r\n@media screen and (min-width: 769px) and (max-width: 992px) {\r\n.fhyvp69ee4df0ddbad {\r\ndisplay: none;\r\n}\r\n}\r\n@media screen and (min-width: 768px) and (max-width: 768px) {\r\n.fhyvp69ee4df0ddbad {\r\ndisplay: block;\r\n}\r\n}\r\n@media screen and (max-width: 767px) {\r\n.fhyvp69ee4df0ddbad {\r\ndisplay: block;\r\n}\r\n}\r\n<\/style>\r\n<div class=\"utrmm69ee4df0ddb99\" ><!--<a href=\"https:\/\/bit.ly\/3QdrqTZ\" target=\"_blank\">\n<img src=\"https:\/\/justicapotiguar.com.br\/wp-content\/uploads\/2023\/09\/desktop-geral.gif\"\/><a\/>--><\/div><style type=\"text\/css\">\r\n.utrmm69ee4df0ddb99 {\r\ntext-align: center;\nmargin-bottom: 1em;\r\n}\r\n@media screen and (min-width: 1201px) {\r\n.utrmm69ee4df0ddb99 {\r\ndisplay: block;\r\n}\r\n}\r\n@media screen and (min-width: 993px) and (max-width: 1200px) {\r\n.utrmm69ee4df0ddb99 {\r\ndisplay: block;\r\n}\r\n}\r\n@media screen and (min-width: 769px) and (max-width: 992px) {\r\n.utrmm69ee4df0ddb99 {\r\ndisplay: block;\r\n}\r\n}\r\n@media screen and (min-width: 768px) and (max-width: 768px) {\r\n.utrmm69ee4df0ddb99 {\r\ndisplay: none;\r\n}\r\n}\r\n@media screen and (max-width: 767px) {\r\n.utrmm69ee4df0ddb99 {\r\ndisplay: none;\r\n}\r\n}\r\n<\/style>\r\n\n\n\n\n<p>A defesa foi promovida pelos advogados Andr\u00e9 Castro, Altair Rocha e Victor Maia. Confira decis\u00e3o na \u00edntegra<\/p>\n\n\n\n<div class=\"wp-block-file\"><a href=\"https:\/\/justicapotiguar.com.br\/wp-content\/uploads\/2022\/09\/Decisa\u0303o-35.pdf\">Decisa\u0303o-35<\/a><a href=\"https:\/\/justicapotiguar.com.br\/wp-content\/uploads\/2022\/09\/Decisa\u0303o-35.pdf\" class=\"wp-block-file__button\" download>Baixar<\/a><\/div>\n","protected":false},"excerpt":{"rendered":"<p>O ministro do TSE, Benedito Gon\u00e7alves, negou recurso do Minist\u00e9rio P\u00fablico e confirmou o registro de candidatura que havia sido deferido \u00e0 unanimidade pelo Tribunal Regional Eleitoral do RN em favor do deputado estadual e presidente da Assembleia Legislativa, Ezequiel Ferreira (PSDB). O MP alegava que Ezequiel deveria ter deixado o cargo do Conselho Curador<br \/><a class=\"more-link\" href=\"https:\/\/justicapotiguar.com.br\/index.php\/2022\/09\/15\/tse-mantem-registro-de-candidatura-de-ezequiel-ferreira\/\">Mais&#8230;<\/a><\/p>\n","protected":false},"author":5,"featured_media":0,"comment_status":"open","ping_status":"open","sticky":false,"template":"","format":"standard","meta":[],"categories":[1],"tags":[],"_links":{"self":[{"href":"https:\/\/justicapotiguar.com.br\/index.php\/wp-json\/wp\/v2\/posts\/28168"}],"collection":[{"href":"https:\/\/justicapotiguar.com.br\/index.php\/wp-json\/wp\/v2\/posts"}],"about":[{"href":"https:\/\/justicapotiguar.com.br\/index.php\/wp-json\/wp\/v2\/types\/post"}],"author":[{"embeddable":true,"href":"https:\/\/justicapotiguar.com.br\/index.php\/wp-json\/wp\/v2\/users\/5"}],"replies":[{"embeddable":true,"href":"https:\/\/justicapotiguar.com.br\/index.php\/wp-json\/wp\/v2\/comments?post=28168"}],"version-history":[{"count":1,"href":"https:\/\/justicapotiguar.com.br\/index.php\/wp-json\/wp\/v2\/posts\/28168\/revisions"}],"predecessor-version":[{"id":28170,"href":"https:\/\/justicapotiguar.com.br\/index.php\/wp-json\/wp\/v2\/posts\/28168\/revisions\/28170"}],"wp:attachment":[{"href":"https:\/\/justicapotiguar.com.br\/index.php\/wp-json\/wp\/v2\/media?parent=28168"}],"wp:term":[{"taxonomy":"category","embeddable":true,"href":"https:\/\/justicapotiguar.com.br\/index.php\/wp-json\/wp\/v2\/categories?post=28168"},{"taxonomy":"post_tag","embeddable":true,"href":"https:\/\/justicapotiguar.com.br\/index.php\/wp-json\/wp\/v2\/tags?post=28168"}],"curies":[{"name":"wp","href":"https:\/\/api.w.org\/{rel}","templated":true}]}}