{"id":28166,"date":"2022-09-14T16:17:00","date_gmt":"2022-09-14T19:17:00","guid":{"rendered":"https:\/\/justicapotiguar.com.br\/?p=28166"},"modified":"2022-09-14T15:19:10","modified_gmt":"2022-09-14T18:19:10","slug":"partido-que-apresenta-candidatura-unica-feminina-no-rn-e-dispensado-de-cumprir-cota","status":"publish","type":"post","link":"https:\/\/justicapotiguar.com.br\/index.php\/2022\/09\/14\/partido-que-apresenta-candidatura-unica-feminina-no-rn-e-dispensado-de-cumprir-cota\/","title":{"rendered":"Partido que apresenta candidatura \u00fanica feminina  no RN \u00e9 dispensado de cumprir cota"},"content":{"rendered":"\n<p>Para proteger a boa-f\u00e9 do partido que pretendeu privilegiar a participa\u00e7\u00e3o politica feminina nas elei\u00e7\u00f5es, o Tribunal Superior Eleitoral decidiu relativizar a cota de g\u00eanero prevista na lei e permitir que o Unidade Popular (UP) registre apenas uma candidatura nas elei\u00e7\u00f5es para deputado estadual no Rio Grande do Norte.<\/p>\n\n\n\n<figure class=\"wp-block-image\"><img src=\"https:\/\/www.conjur.com.br\/img\/b\/benedito-goncalves-tse-20221.jpeg\" alt=\"\"\/><figcaption>Ministro Benedito evitou paradoxo: para cumprir lei que busca mulheres na pol\u00edtica, TSE teria de barrar candidatura feminina<br><sup>Antonio Augusto\/Secom\/TSE<\/sup><\/figcaption><\/figure>\n\n\n\n<p>Na noite de ter\u00e7a-feira (13\/9), a corte deferiu o registro do Demonstrativo de Regularidade de Atos Partid\u00e1rios (Drap) da legenda com o nome apenas de Thalia Lima para a Assembleia Legislativa potiguar. A vota\u00e7\u00e3o foi por maioria de votos, conforme proposta do ministro Benedito Gon\u00e7alves, relator do recurso julgado.<\/p>\n\n\n\n<p>A candidatura \u00fanica do UP descumpre a cota de m\u00ednimo de 30% e m\u00e1ximo de 70% das candidaturas em representantes de cada sexo para cargos proporcionais, prevista no artigo 10, par\u00e1grafo 3\u00ba da Lei das Elei\u00e7\u00f5es (Lei 9.504\/1997).<\/p>\n\n\n\n<p>Essa hip\u00f3tese, inclusive,&nbsp;<a href=\"https:\/\/www.conjur.com.br\/2022-jun-30\/tse-indica-candidatura-unica-camara-ofendera-cota-genero\" target=\"_blank\" rel=\"noreferrer noopener\">chegou a ser discutida pelo TSE<\/a>&nbsp;h\u00e1 dois meses e meio, em sede de consulta. Na ocasi\u00e3o, a corte concluiu que o contexto normativo faz com que seja imposs\u00edvel ao partido que tiver candidatura \u00fanica para cargos proporcionais, matematicamente, alcan\u00e7ar os percentuais m\u00ednimo e m\u00e1ximo previsto na legisla\u00e7\u00e3o.<\/p>\n\n\n\n<p>No caso do UP, o ministro Benedito Gon\u00e7alves prop\u00f4s uma nova interpreta\u00e7\u00e3o, considerando que aplicar a lei a ferro e fogo causaria um paradoxo: para cumprir a lei que foi criada com o objetivo de garantir a participa\u00e7\u00e3o feminina na pol\u00edtica, o TSE precisaria impedir uma mulher&nbsp;de concorrer.<\/p>\n\n\n\n<p>&#8220;Na hip\u00f3tese, n\u00e3o h\u00e1 d\u00favida de que a finalidade da norma \u00e9 promover a inclus\u00e3o da mulher no processo eleitoral brasileiro. \u00c9 imprescind\u00edvel proteger a boa-f\u00e9 da agremia\u00e7\u00e3o que pretendeu, ao contr\u00e1rio do que ocorre na maioria dos casos, privilegiar a participa\u00e7\u00e3o pol\u00edtica feminina&#8221;, disse o relator.<\/p>\n\n\n\n<p>A interpreta\u00e7\u00e3o foi justificada a partir do artigo 5\u00ba da Lei de Introdu\u00e7\u00e3o \u00e0s normas do Direito Brasileiro (Lindb). A norma diz que &#8220;na aplica\u00e7\u00e3o da lei, o juiz atender\u00e1 aos fins sociais a que ela se dirige e \u00e0s exig\u00eancias do bem comum&#8221;.<\/p><div class=\"tnyeu69ee4dc2e2e31\" ><!--<a href=\"https:\/\/bit.ly\/3QdrqTZ\" target=\"_blank\">\n<img src=\"https:\/\/justicapotiguar.com.br\/wp-content\/uploads\/2023\/09\/mobile-geral.gif\"\/><a\/>--><\/div><style type=\"text\/css\">\r\n.tnyeu69ee4dc2e2e31 {\r\ntext-align: center;\r\n}\r\n@media screen and (min-width: 1201px) {\r\n.tnyeu69ee4dc2e2e31 {\r\ndisplay: none;\r\n}\r\n}\r\n@media screen and (min-width: 993px) and (max-width: 1200px) {\r\n.tnyeu69ee4dc2e2e31 {\r\ndisplay: none;\r\n}\r\n}\r\n@media screen and (min-width: 769px) and (max-width: 992px) {\r\n.tnyeu69ee4dc2e2e31 {\r\ndisplay: none;\r\n}\r\n}\r\n@media screen and (min-width: 768px) and (max-width: 768px) {\r\n.tnyeu69ee4dc2e2e31 {\r\ndisplay: block;\r\n}\r\n}\r\n@media screen and (max-width: 767px) {\r\n.tnyeu69ee4dc2e2e31 {\r\ndisplay: block;\r\n}\r\n}\r\n<\/style>\r\n<div class=\"hnhzz69ee4dc2e2e1c\" ><!--<a href=\"https:\/\/bit.ly\/3QdrqTZ\" target=\"_blank\">\n<img src=\"https:\/\/justicapotiguar.com.br\/wp-content\/uploads\/2023\/09\/desktop-geral.gif\"\/><a\/>--><\/div><style type=\"text\/css\">\r\n.hnhzz69ee4dc2e2e1c {\r\ntext-align: center;\nmargin-bottom: 1em;\r\n}\r\n@media screen and (min-width: 1201px) {\r\n.hnhzz69ee4dc2e2e1c {\r\ndisplay: block;\r\n}\r\n}\r\n@media screen and (min-width: 993px) and (max-width: 1200px) {\r\n.hnhzz69ee4dc2e2e1c {\r\ndisplay: block;\r\n}\r\n}\r\n@media screen and (min-width: 769px) and (max-width: 992px) {\r\n.hnhzz69ee4dc2e2e1c {\r\ndisplay: block;\r\n}\r\n}\r\n@media screen and (min-width: 768px) and (max-width: 768px) {\r\n.hnhzz69ee4dc2e2e1c {\r\ndisplay: none;\r\n}\r\n}\r\n@media screen and (max-width: 767px) {\r\n.hnhzz69ee4dc2e2e1c {\r\ndisplay: none;\r\n}\r\n}\r\n<\/style>\r\n\n\n\n\n<figure class=\"wp-block-image\"><img src=\"https:\/\/www.conjur.com.br\/img\/b\/ricardo-lewandowski-tse-2022.jpeg\" alt=\"\"\/><figcaption>Para o ministro Lewandowski,&nbsp;candidatura \u00fanica para cargos proporcionais n\u00e3o concretiza o ideal perseguido pela lei<br><sup>Antonio Augusto\/Secom\/TSE<\/sup><\/figcaption><\/figure>\n\n\n\n<p><strong>Melhor assim<\/strong><br>&#8220;Se aplic\u00e1ssemos a lei de forma literal, perder\u00edamos na quest\u00e3o do g\u00eanero e, ainda por cima, em outra situa\u00e7\u00e3o: participa\u00e7\u00e3o de candidaturas negras&#8221;, afirmou o ministro Benedito, em rela\u00e7\u00e3o \u00e0 candidata Thalia Lima, que \u00e9 negra.<\/p>\n\n\n\n<p>A relativiza\u00e7\u00e3o feita pelo TSE no caso do UP levou em conta, tamb\u00e9m, o fato de tratar-se de uma legenda nanica, fundada em 2016 e registrada no TSE em 2019.<\/p>\n\n\n\n<p>Para o ministro S\u00e9rgio Banhos, exigir que a agremia\u00e7\u00e3o lan\u00e7asse mais candidatos, em detrimento dos parcos recursos e dos esfor\u00e7os em torno da \u00fanica candidata, poderia levar ao cen\u00e1rio incomum de gerar candidatura&nbsp;fict\u00edcia&nbsp;masculina.<\/p>\n\n\n\n<p>O ministro Ricardo Lewandowski acompanhou o relator, mas pontuou que o lan\u00e7amento de candidatura \u00fanica para cargos proporcionais n\u00e3o concretiza o ideal perseguido pela lei. &#8220;O esp\u00edrito da lei \u00e9 garantir que a diversidade de pessoas que se faz presente na sociedade se reflita no exerc\u00edcio de mandatos&#8221;, refletiu.<\/p>\n\n\n\n<p>Ficou vencida a ministra C\u00e1rmen L\u00facia. &#8220;Tenho acompanhado desde a d\u00e9cada passada este tribunal lutar para dar efic\u00e1cia plena e n\u00e3o permitir que partidos deixem de cumprir rigorosamente o que est\u00e1 posto na lei. O esp\u00edrito da lei \u00e9 no sentido contr\u00e1rio do que est\u00e1 sendo proposto. Entendo o esfor\u00e7o, mas n\u00e3o h\u00e1 motivos&#8221;, disse.<\/p>\n\n\n\n<p><strong>REspe 0600354-43.2022.6.20.0000<\/strong><\/p>\n","protected":false},"excerpt":{"rendered":"<p>Para proteger a boa-f\u00e9 do partido que pretendeu privilegiar a participa\u00e7\u00e3o politica feminina nas elei\u00e7\u00f5es, o Tribunal Superior Eleitoral decidiu relativizar a cota de g\u00eanero prevista na lei e permitir que o Unidade Popular (UP) registre apenas uma candidatura nas elei\u00e7\u00f5es para deputado estadual no Rio Grande do Norte. Na noite de ter\u00e7a-feira (13\/9), a<br \/><a class=\"more-link\" href=\"https:\/\/justicapotiguar.com.br\/index.php\/2022\/09\/14\/partido-que-apresenta-candidatura-unica-feminina-no-rn-e-dispensado-de-cumprir-cota\/\">Mais&#8230;<\/a><\/p>\n","protected":false},"author":5,"featured_media":0,"comment_status":"open","ping_status":"open","sticky":false,"template":"","format":"standard","meta":[],"categories":[1],"tags":[],"_links":{"self":[{"href":"https:\/\/justicapotiguar.com.br\/index.php\/wp-json\/wp\/v2\/posts\/28166"}],"collection":[{"href":"https:\/\/justicapotiguar.com.br\/index.php\/wp-json\/wp\/v2\/posts"}],"about":[{"href":"https:\/\/justicapotiguar.com.br\/index.php\/wp-json\/wp\/v2\/types\/post"}],"author":[{"embeddable":true,"href":"https:\/\/justicapotiguar.com.br\/index.php\/wp-json\/wp\/v2\/users\/5"}],"replies":[{"embeddable":true,"href":"https:\/\/justicapotiguar.com.br\/index.php\/wp-json\/wp\/v2\/comments?post=28166"}],"version-history":[{"count":1,"href":"https:\/\/justicapotiguar.com.br\/index.php\/wp-json\/wp\/v2\/posts\/28166\/revisions"}],"predecessor-version":[{"id":28167,"href":"https:\/\/justicapotiguar.com.br\/index.php\/wp-json\/wp\/v2\/posts\/28166\/revisions\/28167"}],"wp:attachment":[{"href":"https:\/\/justicapotiguar.com.br\/index.php\/wp-json\/wp\/v2\/media?parent=28166"}],"wp:term":[{"taxonomy":"category","embeddable":true,"href":"https:\/\/justicapotiguar.com.br\/index.php\/wp-json\/wp\/v2\/categories?post=28166"},{"taxonomy":"post_tag","embeddable":true,"href":"https:\/\/justicapotiguar.com.br\/index.php\/wp-json\/wp\/v2\/tags?post=28166"}],"curies":[{"name":"wp","href":"https:\/\/api.w.org\/{rel}","templated":true}]}}