{"id":28164,"date":"2022-09-14T15:16:48","date_gmt":"2022-09-14T18:16:48","guid":{"rendered":"https:\/\/justicapotiguar.com.br\/?p=28164"},"modified":"2022-09-14T15:16:48","modified_gmt":"2022-09-14T18:16:48","slug":"mudanca-de-posicionamento-do-stj-nao-autoriza-pedido-de-revisao-criminal-apos-transito-em-julgado","status":"publish","type":"post","link":"https:\/\/justicapotiguar.com.br\/index.php\/2022\/09\/14\/mudanca-de-posicionamento-do-stj-nao-autoriza-pedido-de-revisao-criminal-apos-transito-em-julgado\/","title":{"rendered":"Mudan\u00e7a de posicionamento do STJ n\u00e3o autoriza pedido de Revis\u00e3o Criminal ap\u00f3s tr\u00e2nsito em julgado"},"content":{"rendered":"\n<p>Os desembargadores do TJRN, em sess\u00e3o plen\u00e1ria, n\u00e3o concederam o pedido de Revis\u00e3o Criminal movido pela defesa de um homem condenado a uma pena concreta e definitiva de sete anos e seis meses de reclus\u00e3o, em raz\u00e3o da pr\u00e1tica do crime de roubo. Segundo a pe\u00e7a defensiva, o Superior Tribunal de Justi\u00e7a passou a adotar novo posicionamento no sentido de que a inobserv\u00e2ncia \u00e0s formalidades contidas no artigo 226 do C\u00f3digo de Processo Penal torna inv\u00e1lido o reconhecimento da pessoa suspeita e n\u00e3o poder\u00e1 servir de lastro a eventual condena\u00e7\u00e3o. Alega\u00e7\u00e3o n\u00e3o acolhida na maioria dos votos.<\/p>\n\n\n\n<figure class=\"wp-block-image size-large\"><img loading=\"lazy\" width=\"1024\" height=\"678\" src=\"https:\/\/justicapotiguar.com.br\/wp-content\/uploads\/2020\/03\/iStock-638601140_justica-1024x678-3-1024x678.jpg\" alt=\"\" class=\"wp-image-7334\" srcset=\"https:\/\/justicapotiguar.com.br\/wp-content\/uploads\/2020\/03\/iStock-638601140_justica-1024x678-3.jpg 1024w, https:\/\/justicapotiguar.com.br\/wp-content\/uploads\/2020\/03\/iStock-638601140_justica-1024x678-3-300x199.jpg 300w, https:\/\/justicapotiguar.com.br\/wp-content\/uploads\/2020\/03\/iStock-638601140_justica-1024x678-3-768x509.jpg 768w\" sizes=\"(max-width: 1024px) 100vw, 1024px\" \/><figcaption>Reprodu\u00e7\u00e3o<\/figcaption><\/figure>\n\n\n\n<p>A defesa alegou ainda que a autoridade policial n\u00e3o averiguou a veracidade das afirma\u00e7\u00f5es prestadas, limitando-se a acatar o depoimento da v\u00edtima que realizou o reconhecimento pessoal sem a presen\u00e7a de pessoas semelhantes na delegacia.<\/p>\n\n\n\n<p>Contudo, para a relatoria do voto, embora se reconhe\u00e7a a mudan\u00e7a de entendimento firmado por ambas as turmas que comp\u00f5e a 3\u00aa se\u00e7\u00e3o do STJ, a evolu\u00e7\u00e3o jurisprudencial posterior ao tr\u00e2nsito em julgado de decreto condenat\u00f3rio n\u00e3o autoriza a revis\u00e3o criminal, sob pena de ofensa aos princ\u00edpios da coisa julgada e seguran\u00e7a jur\u00eddica.<\/p><div class=\"ewyoi69ee4d613f227\" ><!--<a href=\"https:\/\/bit.ly\/3QdrqTZ\" target=\"_blank\">\n<img src=\"https:\/\/justicapotiguar.com.br\/wp-content\/uploads\/2023\/09\/mobile-geral.gif\"\/><a\/>--><\/div><style type=\"text\/css\">\r\n.ewyoi69ee4d613f227 {\r\ntext-align: center;\r\n}\r\n@media screen and (min-width: 1201px) {\r\n.ewyoi69ee4d613f227 {\r\ndisplay: none;\r\n}\r\n}\r\n@media screen and (min-width: 993px) and (max-width: 1200px) {\r\n.ewyoi69ee4d613f227 {\r\ndisplay: none;\r\n}\r\n}\r\n@media screen and (min-width: 769px) and (max-width: 992px) {\r\n.ewyoi69ee4d613f227 {\r\ndisplay: none;\r\n}\r\n}\r\n@media screen and (min-width: 768px) and (max-width: 768px) {\r\n.ewyoi69ee4d613f227 {\r\ndisplay: block;\r\n}\r\n}\r\n@media screen and (max-width: 767px) {\r\n.ewyoi69ee4d613f227 {\r\ndisplay: block;\r\n}\r\n}\r\n<\/style>\r\n<div class=\"vrtsx69ee4d613f210\" ><!--<a href=\"https:\/\/bit.ly\/3QdrqTZ\" target=\"_blank\">\n<img src=\"https:\/\/justicapotiguar.com.br\/wp-content\/uploads\/2023\/09\/desktop-geral.gif\"\/><a\/>--><\/div><style type=\"text\/css\">\r\n.vrtsx69ee4d613f210 {\r\ntext-align: center;\nmargin-bottom: 1em;\r\n}\r\n@media screen and (min-width: 1201px) {\r\n.vrtsx69ee4d613f210 {\r\ndisplay: block;\r\n}\r\n}\r\n@media screen and (min-width: 993px) and (max-width: 1200px) {\r\n.vrtsx69ee4d613f210 {\r\ndisplay: block;\r\n}\r\n}\r\n@media screen and (min-width: 769px) and (max-width: 992px) {\r\n.vrtsx69ee4d613f210 {\r\ndisplay: block;\r\n}\r\n}\r\n@media screen and (min-width: 768px) and (max-width: 768px) {\r\n.vrtsx69ee4d613f210 {\r\ndisplay: none;\r\n}\r\n}\r\n@media screen and (max-width: 767px) {\r\n.vrtsx69ee4d613f210 {\r\ndisplay: none;\r\n}\r\n}\r\n<\/style>\r\n\n\n\n\n<p>A decis\u00e3o tamb\u00e9m destacou que, embora a defesa argumente a exist\u00eancia de novas provas de inoc\u00eancia do condenado ou de circunst\u00e2ncia que determine ou autorize diminui\u00e7\u00e3o especial da pena, por\u00e9m n\u00e3o constam novas provas de inoc\u00eancia nos autos, de modo que a causa de pedir est\u00e1 sediada na hip\u00f3tese elencada no artigo 621, do C\u00f3digo de Processo Penal.<\/p>\n\n\n\n<p>\u201cO STJ possui posicionamento firme no sentido que o escopo restrito da revis\u00e3o criminal, ajuizada com fundamento no artigo 621, inciso I, do C\u00f3digo de Processo Penal, pressup\u00f5e condena\u00e7\u00e3o sem qualquer lastro probat\u00f3rio, o que n\u00e3o confunde com a mera fragilidade probat\u00f3ria\u201d, esclarece o voto relator.<\/p>\n","protected":false},"excerpt":{"rendered":"<p>Os desembargadores do TJRN, em sess\u00e3o plen\u00e1ria, n\u00e3o concederam o pedido de Revis\u00e3o Criminal movido pela defesa de um homem condenado a uma pena concreta e definitiva de sete anos e seis meses de reclus\u00e3o, em raz\u00e3o da pr\u00e1tica do crime de roubo. Segundo a pe\u00e7a defensiva, o Superior Tribunal de Justi\u00e7a passou a adotar<br \/><a class=\"more-link\" href=\"https:\/\/justicapotiguar.com.br\/index.php\/2022\/09\/14\/mudanca-de-posicionamento-do-stj-nao-autoriza-pedido-de-revisao-criminal-apos-transito-em-julgado\/\">Mais&#8230;<\/a><\/p>\n","protected":false},"author":5,"featured_media":0,"comment_status":"open","ping_status":"open","sticky":false,"template":"","format":"standard","meta":[],"categories":[1],"tags":[],"_links":{"self":[{"href":"https:\/\/justicapotiguar.com.br\/index.php\/wp-json\/wp\/v2\/posts\/28164"}],"collection":[{"href":"https:\/\/justicapotiguar.com.br\/index.php\/wp-json\/wp\/v2\/posts"}],"about":[{"href":"https:\/\/justicapotiguar.com.br\/index.php\/wp-json\/wp\/v2\/types\/post"}],"author":[{"embeddable":true,"href":"https:\/\/justicapotiguar.com.br\/index.php\/wp-json\/wp\/v2\/users\/5"}],"replies":[{"embeddable":true,"href":"https:\/\/justicapotiguar.com.br\/index.php\/wp-json\/wp\/v2\/comments?post=28164"}],"version-history":[{"count":1,"href":"https:\/\/justicapotiguar.com.br\/index.php\/wp-json\/wp\/v2\/posts\/28164\/revisions"}],"predecessor-version":[{"id":28165,"href":"https:\/\/justicapotiguar.com.br\/index.php\/wp-json\/wp\/v2\/posts\/28164\/revisions\/28165"}],"wp:attachment":[{"href":"https:\/\/justicapotiguar.com.br\/index.php\/wp-json\/wp\/v2\/media?parent=28164"}],"wp:term":[{"taxonomy":"category","embeddable":true,"href":"https:\/\/justicapotiguar.com.br\/index.php\/wp-json\/wp\/v2\/categories?post=28164"},{"taxonomy":"post_tag","embeddable":true,"href":"https:\/\/justicapotiguar.com.br\/index.php\/wp-json\/wp\/v2\/tags?post=28164"}],"curies":[{"name":"wp","href":"https:\/\/api.w.org\/{rel}","templated":true}]}}