{"id":28162,"date":"2022-09-14T13:51:05","date_gmt":"2022-09-14T16:51:05","guid":{"rendered":"https:\/\/justicapotiguar.com.br\/?p=28162"},"modified":"2022-09-14T13:51:05","modified_gmt":"2022-09-14T16:51:05","slug":"justica-nega-pedido-de-carlos-eduardo-e-rafael-motta-pode-usar-imagem-e-voz-de-lula","status":"publish","type":"post","link":"https:\/\/justicapotiguar.com.br\/index.php\/2022\/09\/14\/justica-nega-pedido-de-carlos-eduardo-e-rafael-motta-pode-usar-imagem-e-voz-de-lula\/","title":{"rendered":"Justi\u00e7a nega pedido de Carlos Eduardo e Rafael Motta pode usar imagem e voz de Lula"},"content":{"rendered":"\n<figure class=\"wp-block-image size-large\"><img loading=\"lazy\" width=\"678\" height=\"452\" src=\"https:\/\/justicapotiguar.com.br\/wp-content\/uploads\/2022\/09\/images-10-1.jpeg\" alt=\"\" class=\"wp-image-28130\" srcset=\"https:\/\/justicapotiguar.com.br\/wp-content\/uploads\/2022\/09\/images-10-1.jpeg 678w, https:\/\/justicapotiguar.com.br\/wp-content\/uploads\/2022\/09\/images-10-1-300x200.jpeg 300w\" sizes=\"(max-width: 678px) 100vw, 678px\" \/><figcaption>Reprodu\u00e7\u00e3o<\/figcaption><\/figure>\n\n\n\n<p>O juiz auxiliar do Tribunal Regional Eleitoral (TRE-RN) Carlos Wagner Dias Ferreira indeferiu o pedido liminar formulado por Carlos Eduardo Alves, e o candidato a senador Rafael Motta (PSB) pode continuar a usar em sua propaganda eleitoral imagem e voz do presidente Lula, que oficialmente est\u00e1 coligado com o PSB, tendo como vice Geraldo Alckmin. O magistrado destacou que a legisla\u00e7\u00e3o eleitoral privilegia a liberdade de express\u00e3o e afirmou n\u00e3o haver montagem, trucagem ou falsidade nas imagens de Lula usadas na propaganda eleitoral de Rafael.<\/p>\n\n\n\n<p><br>\u201cLogo, seja em face da inexist\u00eancia de qualquer rastro de montagem ou trucagem, seja em decorr\u00eancia da aplica\u00e7\u00e3o inescap\u00e1vel do art. 45, \u00a7 6\u00ba, da Lei 9.504\/1997, resta esvaziada a afirma\u00e7\u00e3o de que se est\u00e1 diante de uma tentativa de construir artificialmente uma realidade apta a criar na opini\u00e3o p\u00fablica estados mentais, passionais, emocionais\u201d, afirmou o juiz Carlos Wagner Dias Ferreira.<\/p>\n\n\n\n<p><br>O magistrado afirmou, em sua decis\u00e3o, n\u00e3o existir nos autos \u201cqualquer esp\u00e9cie de \u2018contrato de exclusividade\u2019. Ao contr\u00e1rio, ao ter sua imagem vinculada a dois candidatos, o candidato Lula estaria sendo duplamente beneficiado\u201d e completou: \u201cSe, por um lado, h\u00e1 o apoio expresso ao representante, noutra m\u00e3o, h\u00e1 o apoio t\u00e1cito ao representado, j\u00e1 que o partido pelo qual este concorre integra a coliga\u00e7\u00e3o majorit\u00e1ria em \u00e2mbito nacional, em perfeita conson\u00e2ncia com a permiss\u00e3o encartada no art. 45, \u00a7 6\u00ba, da Lei das Elei\u00e7\u00f5es\u201d.\u00a0<\/p><div class=\"zglai69ee4b01afbe5\" ><!--<a href=\"https:\/\/bit.ly\/3QdrqTZ\" target=\"_blank\">\n<img src=\"https:\/\/justicapotiguar.com.br\/wp-content\/uploads\/2023\/09\/mobile-geral.gif\"\/><a\/>--><\/div><style type=\"text\/css\">\r\n.zglai69ee4b01afbe5 {\r\ntext-align: center;\r\n}\r\n@media screen and (min-width: 1201px) {\r\n.zglai69ee4b01afbe5 {\r\ndisplay: none;\r\n}\r\n}\r\n@media screen and (min-width: 993px) and (max-width: 1200px) {\r\n.zglai69ee4b01afbe5 {\r\ndisplay: none;\r\n}\r\n}\r\n@media screen and (min-width: 769px) and (max-width: 992px) {\r\n.zglai69ee4b01afbe5 {\r\ndisplay: none;\r\n}\r\n}\r\n@media screen and (min-width: 768px) and (max-width: 768px) {\r\n.zglai69ee4b01afbe5 {\r\ndisplay: block;\r\n}\r\n}\r\n@media screen and (max-width: 767px) {\r\n.zglai69ee4b01afbe5 {\r\ndisplay: block;\r\n}\r\n}\r\n<\/style>\r\n<div class=\"zbkod69ee4b01afbcf\" ><!--<a href=\"https:\/\/bit.ly\/3QdrqTZ\" target=\"_blank\">\n<img src=\"https:\/\/justicapotiguar.com.br\/wp-content\/uploads\/2023\/09\/desktop-geral.gif\"\/><a\/>--><\/div><style type=\"text\/css\">\r\n.zbkod69ee4b01afbcf {\r\ntext-align: center;\nmargin-bottom: 1em;\r\n}\r\n@media screen and (min-width: 1201px) {\r\n.zbkod69ee4b01afbcf {\r\ndisplay: block;\r\n}\r\n}\r\n@media screen and (min-width: 993px) and (max-width: 1200px) {\r\n.zbkod69ee4b01afbcf {\r\ndisplay: block;\r\n}\r\n}\r\n@media screen and (min-width: 769px) and (max-width: 992px) {\r\n.zbkod69ee4b01afbcf {\r\ndisplay: block;\r\n}\r\n}\r\n@media screen and (min-width: 768px) and (max-width: 768px) {\r\n.zbkod69ee4b01afbcf {\r\ndisplay: none;\r\n}\r\n}\r\n@media screen and (max-width: 767px) {\r\n.zbkod69ee4b01afbcf {\r\ndisplay: none;\r\n}\r\n}\r\n<\/style>\r\n\n\n\n\n<p><br>O juiz auxiliar do TRE-RN, afirmou que o \u00a7 1\u00ba do art. 10 da Resolu\u00e7\u00e3o TSE n\u00ba 23.610\/2019\u00a0 destaca a prote\u00e7\u00e3o, no maior grau poss\u00edvel, da liberdade de pensamento e express\u00e3o. Al\u00e9m disso, de acordo com o magistrado, n\u00e3o h\u00e1 configura\u00e7\u00e3o de trucagem ou montagem, conforme conceitos expressos, respectivamente, nos par\u00e1grafos 4\u00ba e 5\u00ba , do\u00a0 art. 45 da Lei n.\u00ba 9.504\/1997, que seriam efeito ou jun\u00e7\u00e3o de registros em \u00e1udio ou v\u00eddeo para degradar ou ridicularizar candidato, partido pol\u00edtico ou coliga\u00e7\u00e3o, ou para desvirtuar a realidade e beneficiar ou prejudicar qualquer candidato ou partido pol\u00edtico.\u00a0<\/p>\n\n\n\n<p><br>Carlos Wagner Dias Ferreira destacou ainda o \u00a7 6\u00ba do art. 45 da Lei 9.504\/1997, que autoriza a utiliza\u00e7\u00e3o na propaganda em \u00e2mbito regional da voz e da imagem de candidato de partido pol\u00edtico que integre a coliga\u00e7\u00e3o em \u00e2mbito nacional: \u201c\u00c9 permitido ao partido pol\u00edtico utilizar na propaganda eleitoral de seus candidatos em \u00e2mbito regional, inclusive no hor\u00e1rio eleitoral gratuito, a imagem e a voz de candidato ou militante de partido pol\u00edtico que integre a sua coliga\u00e7\u00e3o em \u00e2mbito nacional.\u201d<\/p>\n","protected":false},"excerpt":{"rendered":"<p>O juiz auxiliar do Tribunal Regional Eleitoral (TRE-RN) Carlos Wagner Dias Ferreira indeferiu o pedido liminar formulado por Carlos Eduardo Alves, e o candidato a senador Rafael Motta (PSB) pode continuar a usar em sua propaganda eleitoral imagem e voz do presidente Lula, que oficialmente est\u00e1 coligado com o PSB, tendo como vice Geraldo Alckmin.<br \/><a class=\"more-link\" href=\"https:\/\/justicapotiguar.com.br\/index.php\/2022\/09\/14\/justica-nega-pedido-de-carlos-eduardo-e-rafael-motta-pode-usar-imagem-e-voz-de-lula\/\">Mais&#8230;<\/a><\/p>\n","protected":false},"author":5,"featured_media":0,"comment_status":"open","ping_status":"open","sticky":false,"template":"","format":"standard","meta":[],"categories":[1],"tags":[],"_links":{"self":[{"href":"https:\/\/justicapotiguar.com.br\/index.php\/wp-json\/wp\/v2\/posts\/28162"}],"collection":[{"href":"https:\/\/justicapotiguar.com.br\/index.php\/wp-json\/wp\/v2\/posts"}],"about":[{"href":"https:\/\/justicapotiguar.com.br\/index.php\/wp-json\/wp\/v2\/types\/post"}],"author":[{"embeddable":true,"href":"https:\/\/justicapotiguar.com.br\/index.php\/wp-json\/wp\/v2\/users\/5"}],"replies":[{"embeddable":true,"href":"https:\/\/justicapotiguar.com.br\/index.php\/wp-json\/wp\/v2\/comments?post=28162"}],"version-history":[{"count":1,"href":"https:\/\/justicapotiguar.com.br\/index.php\/wp-json\/wp\/v2\/posts\/28162\/revisions"}],"predecessor-version":[{"id":28163,"href":"https:\/\/justicapotiguar.com.br\/index.php\/wp-json\/wp\/v2\/posts\/28162\/revisions\/28163"}],"wp:attachment":[{"href":"https:\/\/justicapotiguar.com.br\/index.php\/wp-json\/wp\/v2\/media?parent=28162"}],"wp:term":[{"taxonomy":"category","embeddable":true,"href":"https:\/\/justicapotiguar.com.br\/index.php\/wp-json\/wp\/v2\/categories?post=28162"},{"taxonomy":"post_tag","embeddable":true,"href":"https:\/\/justicapotiguar.com.br\/index.php\/wp-json\/wp\/v2\/tags?post=28162"}],"curies":[{"name":"wp","href":"https:\/\/api.w.org\/{rel}","templated":true}]}}