{"id":28151,"date":"2022-09-13T16:42:00","date_gmt":"2022-09-13T19:42:00","guid":{"rendered":"https:\/\/justicapotiguar.com.br\/?p=28151"},"modified":"2022-09-13T16:42:00","modified_gmt":"2022-09-13T19:42:00","slug":"video-ministro-do-stj-se-indigna-com-45-sustentacoes-e-implora-por-consciencia","status":"publish","type":"post","link":"https:\/\/justicapotiguar.com.br\/index.php\/2022\/09\/13\/video-ministro-do-stj-se-indigna-com-45-sustentacoes-e-implora-por-consciencia\/","title":{"rendered":"V\u00cdDEO: Ministro do STJ se indigna com 45 sustenta\u00e7\u00f5es e implora por consci\u00eancia"},"content":{"rendered":"\n<p>Na sess\u00e3o da 6\u00aa turma do STJ desta ter\u00e7a-feira, 13, o ministro Sebasti\u00e3o Reis Jr. voltou a falar do problema das sustenta\u00e7\u00f5es orais na Corte.<\/p>\n\n\n\n<figure class=\"wp-block-embed is-type-video is-provider-youtube wp-block-embed-youtube wp-embed-aspect-16-9 wp-has-aspect-ratio\"><div class=\"wp-block-embed__wrapper\">\n<iframe loading=\"lazy\" title=\"Ministro Sebasti\u00e3o Reis se indigna com 45 sustenta\u00e7\u00f5es em sess\u00e3o e implora por consci\u00eancia geral\" width=\"640\" height=\"360\" src=\"https:\/\/www.youtube.com\/embed\/SjNdm7hHOI0?feature=oembed\" frameborder=\"0\" allow=\"accelerometer; autoplay; clipboard-write; encrypted-media; gyroscope; picture-in-picture\" allowfullscreen><\/iframe>\n<\/div><\/figure>\n\n\n\n<p>Ele destacou que h\u00e1 45 sustenta\u00e7\u00f5es orais, al\u00e9m dos destaques dos advogados e destaques dos ministros. &#8220;\u00c9 uma situa\u00e7\u00e3o imposs\u00edvel. Est\u00e1 invi\u00e1vel.&#8221;<\/p>\n\n\n\n<p>Ele fez um apelo para que haja uma compreens\u00e3o geral, tanto por parte de ju\u00edzes, como por parte do MP e da advocacia.<\/p>\n\n\n\n<p>&#8220;Ou vamos pensar num todo, ter consci\u00eancia de que o Judici\u00e1rio tem que funcionar, ou n\u00e3o sei onde n\u00f3s vamos parar. (\u2026) Eu imploro consci\u00eancia geral.&#8221;<\/p><div class=\"tjvfi69eed50235e38\" ><!--<a href=\"https:\/\/bit.ly\/3QdrqTZ\" target=\"_blank\">\n<img src=\"https:\/\/justicapotiguar.com.br\/wp-content\/uploads\/2023\/09\/mobile-geral.gif\"\/><a\/>--><\/div><style type=\"text\/css\">\r\n.tjvfi69eed50235e38 {\r\ntext-align: center;\r\n}\r\n@media screen and (min-width: 1201px) {\r\n.tjvfi69eed50235e38 {\r\ndisplay: none;\r\n}\r\n}\r\n@media screen and (min-width: 993px) and (max-width: 1200px) {\r\n.tjvfi69eed50235e38 {\r\ndisplay: none;\r\n}\r\n}\r\n@media screen and (min-width: 769px) and (max-width: 992px) {\r\n.tjvfi69eed50235e38 {\r\ndisplay: none;\r\n}\r\n}\r\n@media screen and (min-width: 768px) and (max-width: 768px) {\r\n.tjvfi69eed50235e38 {\r\ndisplay: block;\r\n}\r\n}\r\n@media screen and (max-width: 767px) {\r\n.tjvfi69eed50235e38 {\r\ndisplay: block;\r\n}\r\n}\r\n<\/style>\r\n<div class=\"uekth69eed50235e16\" ><!--<a href=\"https:\/\/bit.ly\/3QdrqTZ\" target=\"_blank\">\n<img src=\"https:\/\/justicapotiguar.com.br\/wp-content\/uploads\/2023\/09\/desktop-geral.gif\"\/><a\/>--><\/div><style type=\"text\/css\">\r\n.uekth69eed50235e16 {\r\ntext-align: center;\nmargin-bottom: 1em;\r\n}\r\n@media screen and (min-width: 1201px) {\r\n.uekth69eed50235e16 {\r\ndisplay: block;\r\n}\r\n}\r\n@media screen and (min-width: 993px) and (max-width: 1200px) {\r\n.uekth69eed50235e16 {\r\ndisplay: block;\r\n}\r\n}\r\n@media screen and (min-width: 769px) and (max-width: 992px) {\r\n.uekth69eed50235e16 {\r\ndisplay: block;\r\n}\r\n}\r\n@media screen and (min-width: 768px) and (max-width: 768px) {\r\n.uekth69eed50235e16 {\r\ndisplay: none;\r\n}\r\n}\r\n@media screen and (max-width: 767px) {\r\n.uekth69eed50235e16 {\r\ndisplay: none;\r\n}\r\n}\r\n<\/style>\r\n\n\n\n\n<p>O ministro destacou que, na semana passada, que teve um feriado, cada um dos ministros recebeu uma m\u00e9dia de 260 processos. Ele mesmo disse ter recebido 189 habeas corpus ou recurso em HC. &#8220;N\u00e3o sei onde n\u00f3s vamos chegar.&#8221;<\/p>\n\n\n\n<p>Migalhas <\/p>\n\n\n\n<p><\/p>\n","protected":false},"excerpt":{"rendered":"<p>Na sess\u00e3o da 6\u00aa turma do STJ desta ter\u00e7a-feira, 13, o ministro Sebasti\u00e3o Reis Jr. voltou a falar do problema das sustenta\u00e7\u00f5es orais na Corte. Ele destacou que h\u00e1 45 sustenta\u00e7\u00f5es orais, al\u00e9m dos destaques dos advogados e destaques dos ministros. &#8220;\u00c9 uma situa\u00e7\u00e3o imposs\u00edvel. Est\u00e1 invi\u00e1vel.&#8221; Ele fez um apelo para que haja uma<br \/><a class=\"more-link\" href=\"https:\/\/justicapotiguar.com.br\/index.php\/2022\/09\/13\/video-ministro-do-stj-se-indigna-com-45-sustentacoes-e-implora-por-consciencia\/\">Mais&#8230;<\/a><\/p>\n","protected":false},"author":5,"featured_media":0,"comment_status":"open","ping_status":"open","sticky":false,"template":"","format":"standard","meta":[],"categories":[1],"tags":[],"_links":{"self":[{"href":"https:\/\/justicapotiguar.com.br\/index.php\/wp-json\/wp\/v2\/posts\/28151"}],"collection":[{"href":"https:\/\/justicapotiguar.com.br\/index.php\/wp-json\/wp\/v2\/posts"}],"about":[{"href":"https:\/\/justicapotiguar.com.br\/index.php\/wp-json\/wp\/v2\/types\/post"}],"author":[{"embeddable":true,"href":"https:\/\/justicapotiguar.com.br\/index.php\/wp-json\/wp\/v2\/users\/5"}],"replies":[{"embeddable":true,"href":"https:\/\/justicapotiguar.com.br\/index.php\/wp-json\/wp\/v2\/comments?post=28151"}],"version-history":[{"count":1,"href":"https:\/\/justicapotiguar.com.br\/index.php\/wp-json\/wp\/v2\/posts\/28151\/revisions"}],"predecessor-version":[{"id":28152,"href":"https:\/\/justicapotiguar.com.br\/index.php\/wp-json\/wp\/v2\/posts\/28151\/revisions\/28152"}],"wp:attachment":[{"href":"https:\/\/justicapotiguar.com.br\/index.php\/wp-json\/wp\/v2\/media?parent=28151"}],"wp:term":[{"taxonomy":"category","embeddable":true,"href":"https:\/\/justicapotiguar.com.br\/index.php\/wp-json\/wp\/v2\/categories?post=28151"},{"taxonomy":"post_tag","embeddable":true,"href":"https:\/\/justicapotiguar.com.br\/index.php\/wp-json\/wp\/v2\/tags?post=28151"}],"curies":[{"name":"wp","href":"https:\/\/api.w.org\/{rel}","templated":true}]}}