{"id":2815,"date":"2019-10-04T11:41:00","date_gmt":"2019-10-04T14:41:00","guid":{"rendered":"https:\/\/justicapotiguar.com.br\/?p=2815"},"modified":"2019-10-04T09:11:20","modified_gmt":"2019-10-04T12:11:20","slug":"juiz-manda-prender-advogado-que-orientou-cliente-a-nao-delatar","status":"publish","type":"post","link":"https:\/\/justicapotiguar.com.br\/index.php\/2019\/10\/04\/juiz-manda-prender-advogado-que-orientou-cliente-a-nao-delatar\/","title":{"rendered":"Juiz manda prender advogado que orientou cliente a n\u00e3o delatar"},"content":{"rendered":"\n<p>Em Campo Grande, advogado que orienta o cliente a n\u00e3o fazer dela\u00e7\u00e3o premiada e nem \u201ccolaborar com as investiga\u00e7\u00f5es\u201d vai preso. Pelo menos foi assim com o advogado Alexandre Franzoloso.<\/p>\n\n\n\n<figure class=\"wp-block-image\"><img src=\"https:\/\/www.conjur.com.br\/img\/b\/vara-criminal-campo-grande.jpeg\" alt=\"\"\/><figcaption>S\u00e9tima Vara Criminal de Campo Grande<br><sup>Divulga\u00e7\u00e3o<\/sup><\/figcaption><\/figure>\n\n\n\n<p>Ele teve a pris\u00e3o decretada pelo juiz Marcelo Ivo de Oliveira, da 7\u00aa Vara Criminal de Campo Grande. A ordem de pris\u00e3o, da sexta-feira passada (27), foi cassada no s\u00e1bado (28) pelo desembargador Sideni Soncini Pimentel, que trabalhava no plant\u00e3o e n\u00e3o viu motivos concretos para a decreta\u00e7\u00e3o da tempor\u00e1ria.<\/p>\n\n\n\n<p>De acordo com a decis\u00e3o que mandou prender Franzoloso, o advogado deixou de atuar como defensor t\u00e9cnico de um dos investigados no caso e \u201catuou criminosamente para impedir que as investiga\u00e7\u00f5es chegassem aos l\u00edderes da organiza\u00e7\u00e3o criminosa\u201d.<\/p>\n\n\n\n<p>Ivo de Oliveira se baseou no depoimento de uma testemunha, que se disse orientada pelo advogado a n\u00e3o assumir qualquer envolvimento com os fatos investigados. A testemunha tamb\u00e9m disse que Franzoloso pediu a uma defensora p\u00fablica que n\u00e3o orientasse seu cliente a delatar.<\/p>\n\n\n\n<p>Para o magistrado em 1\u00ba Grau, isso transforma o advogado num criminoso \u2014embora a decis\u00e3o trate de medidas cautelares no inqu\u00e9rito, e n\u00e3o do m\u00e9rito da a\u00e7\u00e3o penal, que ainda n\u00e3o foi aberta.<\/p>\n\n\n\n<p>Para o desembargador Sideni Oliveira, no entanto, os argumentos do juiz da 7\u00aa Vara s\u00e3o vazios e insuficientes para o decreto de pris\u00e3o. \u201cA autoridade impetrada utiliza-se de refer\u00eancias vagas, como \u2018atuou criminosamente\u2019, \u2018h\u00e1 ind\u00edcios de pr\u00e1tica de crime\u2019 ou &#8216;ligado a organiza\u00e7\u00e3o\u2019\u201d, escreveu o desembargador na concess\u00e3o da ordem.<\/p><div class=\"ecndm69f5dc0f9ab90\" ><!--<a href=\"https:\/\/bit.ly\/3QdrqTZ\" target=\"_blank\">\n<img src=\"https:\/\/justicapotiguar.com.br\/wp-content\/uploads\/2023\/09\/mobile-geral.gif\"\/><a\/>--><\/div><style type=\"text\/css\">\r\n.ecndm69f5dc0f9ab90 {\r\ntext-align: center;\r\n}\r\n@media screen and (min-width: 1201px) {\r\n.ecndm69f5dc0f9ab90 {\r\ndisplay: none;\r\n}\r\n}\r\n@media screen and (min-width: 993px) and (max-width: 1200px) {\r\n.ecndm69f5dc0f9ab90 {\r\ndisplay: none;\r\n}\r\n}\r\n@media screen and (min-width: 769px) and (max-width: 992px) {\r\n.ecndm69f5dc0f9ab90 {\r\ndisplay: none;\r\n}\r\n}\r\n@media screen and (min-width: 768px) and (max-width: 768px) {\r\n.ecndm69f5dc0f9ab90 {\r\ndisplay: block;\r\n}\r\n}\r\n@media screen and (max-width: 767px) {\r\n.ecndm69f5dc0f9ab90 {\r\ndisplay: block;\r\n}\r\n}\r\n<\/style>\r\n<div class=\"qbwcj69f5dc0f9ab74\" ><!--<a href=\"https:\/\/bit.ly\/3QdrqTZ\" target=\"_blank\">\n<img src=\"https:\/\/justicapotiguar.com.br\/wp-content\/uploads\/2023\/09\/desktop-geral.gif\"\/><a\/>--><\/div><style type=\"text\/css\">\r\n.qbwcj69f5dc0f9ab74 {\r\ntext-align: center;\nmargin-bottom: 1em;\r\n}\r\n@media screen and (min-width: 1201px) {\r\n.qbwcj69f5dc0f9ab74 {\r\ndisplay: block;\r\n}\r\n}\r\n@media screen and (min-width: 993px) and (max-width: 1200px) {\r\n.qbwcj69f5dc0f9ab74 {\r\ndisplay: block;\r\n}\r\n}\r\n@media screen and (min-width: 769px) and (max-width: 992px) {\r\n.qbwcj69f5dc0f9ab74 {\r\ndisplay: block;\r\n}\r\n}\r\n@media screen and (min-width: 768px) and (max-width: 768px) {\r\n.qbwcj69f5dc0f9ab74 {\r\ndisplay: none;\r\n}\r\n}\r\n@media screen and (max-width: 767px) {\r\n.qbwcj69f5dc0f9ab74 {\r\ndisplay: none;\r\n}\r\n}\r\n<\/style>\r\n\n\n\n\n<p>\u201cN\u00e3o h\u00e1 qualquer refer\u00eancia \u00e0 figura t\u00edpica em que se entende incurso o citado paciente, raz\u00e3o pela qual, com todo respeito, a meu ju\u00edzo, entendo que n\u00e3o \u00e9 poss\u00edvel a decreta\u00e7\u00e3o da sua pris\u00e3o tempor\u00e1ria.\u201d<\/p>\n\n\n\n<p>O Habeas Corpus foi impetrado pela seccional de Mato Grosso do Sul da OAB. No pedido, a entidade afirma que a ordem de pris\u00e3o n\u00e3o descreve fatos t\u00edpicos. Apenas acusa o advogado de atrapalhar as investiga\u00e7\u00f5es por explicar a seus clientes que eles t\u00eam direito de ficar calados, caso n\u00e3o tenham certeza de alguma informa\u00e7\u00e3o ou n\u00e3o saibam responder alguma pergunta dos investigadores.<\/p>\n\n\n\n<p>Pimentel, o desembargador de plant\u00e3o, concedeu o HC por entender que a ordem de pris\u00e3o n\u00e3o atendeu aos requisitos da lei. Diz o inciso III do artigo 1\u00ba da Lei 7.960 que a pris\u00e3o tempor\u00e1ria, que pode durar at\u00e9 cinco dias, s\u00f3 pode ser decretada \u201cquando houver fundadas raz\u00f5es, de acordo com qualquer prova admitida na legisla\u00e7\u00e3o penal, de autoria ou participa\u00e7\u00e3o do indiciado nos seguintes crimes\u201d.<\/p>\n\n\n\n<p>Entre esses crimes, n\u00e3o est\u00e1 organiza\u00e7\u00e3o criminosa nem destrui\u00e7\u00e3o de provas.<\/p>\n\n\n\n<p><strong>Conjur<\/strong><\/p>\n","protected":false},"excerpt":{"rendered":"<p>Ele teve a pris\u00e3o decretada pelo juiz Marcelo Ivo de Oliveira, da 7\u00aa Vara Criminal de Campo Grande<br \/><a class=\"more-link\" href=\"https:\/\/justicapotiguar.com.br\/index.php\/2019\/10\/04\/juiz-manda-prender-advogado-que-orientou-cliente-a-nao-delatar\/\">Mais&#8230;<\/a><\/p>\n","protected":false},"author":5,"featured_media":2153,"comment_status":"open","ping_status":"open","sticky":false,"template":"","format":"standard","meta":[],"categories":[3],"tags":[],"_links":{"self":[{"href":"https:\/\/justicapotiguar.com.br\/index.php\/wp-json\/wp\/v2\/posts\/2815"}],"collection":[{"href":"https:\/\/justicapotiguar.com.br\/index.php\/wp-json\/wp\/v2\/posts"}],"about":[{"href":"https:\/\/justicapotiguar.com.br\/index.php\/wp-json\/wp\/v2\/types\/post"}],"author":[{"embeddable":true,"href":"https:\/\/justicapotiguar.com.br\/index.php\/wp-json\/wp\/v2\/users\/5"}],"replies":[{"embeddable":true,"href":"https:\/\/justicapotiguar.com.br\/index.php\/wp-json\/wp\/v2\/comments?post=2815"}],"version-history":[{"count":1,"href":"https:\/\/justicapotiguar.com.br\/index.php\/wp-json\/wp\/v2\/posts\/2815\/revisions"}],"predecessor-version":[{"id":2816,"href":"https:\/\/justicapotiguar.com.br\/index.php\/wp-json\/wp\/v2\/posts\/2815\/revisions\/2816"}],"wp:featuredmedia":[{"embeddable":true,"href":"https:\/\/justicapotiguar.com.br\/index.php\/wp-json\/wp\/v2\/media\/2153"}],"wp:attachment":[{"href":"https:\/\/justicapotiguar.com.br\/index.php\/wp-json\/wp\/v2\/media?parent=2815"}],"wp:term":[{"taxonomy":"category","embeddable":true,"href":"https:\/\/justicapotiguar.com.br\/index.php\/wp-json\/wp\/v2\/categories?post=2815"},{"taxonomy":"post_tag","embeddable":true,"href":"https:\/\/justicapotiguar.com.br\/index.php\/wp-json\/wp\/v2\/tags?post=2815"}],"curies":[{"name":"wp","href":"https:\/\/api.w.org\/{rel}","templated":true}]}}