{"id":28147,"date":"2022-09-13T14:11:00","date_gmt":"2022-09-13T17:11:00","guid":{"rendered":"https:\/\/justicapotiguar.com.br\/?p=28147"},"modified":"2022-09-13T13:45:53","modified_gmt":"2022-09-13T16:45:53","slug":"estado-tera-que-recalcular-tempo-de-aposentadoria-aplicado-a-medico-no-rn","status":"publish","type":"post","link":"https:\/\/justicapotiguar.com.br\/index.php\/2022\/09\/13\/estado-tera-que-recalcular-tempo-de-aposentadoria-aplicado-a-medico-no-rn\/","title":{"rendered":"Estado ter\u00e1 que recalcular tempo de aposentadoria aplicado a m\u00e9dico no RN"},"content":{"rendered":"\n<figure class=\"wp-block-image size-large\"><img loading=\"lazy\" width=\"1024\" height=\"710\" src=\"https:\/\/justicapotiguar.com.br\/wp-content\/uploads\/2020\/02\/Acompanhamento-m\u00e9dico-1024x710.jpeg\" alt=\"\" class=\"wp-image-6024\" srcset=\"https:\/\/justicapotiguar.com.br\/wp-content\/uploads\/2020\/02\/Acompanhamento-m\u00e9dico-1024x710.jpeg 1024w, https:\/\/justicapotiguar.com.br\/wp-content\/uploads\/2020\/02\/Acompanhamento-m\u00e9dico-300x208.jpeg 300w, https:\/\/justicapotiguar.com.br\/wp-content\/uploads\/2020\/02\/Acompanhamento-m\u00e9dico-768x533.jpeg 768w, https:\/\/justicapotiguar.com.br\/wp-content\/uploads\/2020\/02\/Acompanhamento-m\u00e9dico.jpeg 1280w\" sizes=\"(max-width: 1024px) 100vw, 1024px\" \/><figcaption>Reprodu\u00e7\u00e3o<\/figcaption><\/figure>\n\n\n\n<p>Os desembargadores do Pleno do TJRN concederam o pedido, movido por um m\u00e9dico, que \u00e9 servidor p\u00fablico estadual, e determinaram que o Estado, por meio da Secretaria de Sa\u00fade, realize a imediata averba\u00e7\u00e3o, nos registros funcionais do profissional, do \u00edndice multiplicador relacionado ao per\u00edodo em que foi celetista e estatut\u00e1rio, para fins de aposentadoria comum. O que corresponde ao tempo compreendido entre 1\u00ba de mar\u00e7o de 1996 at\u00e9 a data da promulga\u00e7\u00e3o da Emenda Constitucional n\u00ba 103\/2019, em 13 de novembro de 2019. Dentre os argumentos, acatados no Pleno da Corte potiguar, o Mandado de Seguran\u00e7a destacou que a modifica\u00e7\u00e3o do regime de trabalho n\u00e3o poderia atingir os direitos at\u00e9 ent\u00e3o adquiridos.<\/p>\n\n\n\n<p><br><br><br><br>Depreende-se dos autos que o impetrante ocupa o cargo de m\u00e9dico, tendo comprovado atrav\u00e9s de documenta\u00e7\u00e3o colacionada aos autos, tais como laudo do NAST e PPP &#8211; Perfil Profissiogr\u00e1fico Previdenci\u00e1rios, o exerc\u00edcio de suas atividades em ambiente insalubre, inclusive com o recebimento de gratifica\u00e7\u00e3o de insalubridade, onde inicialmente foram regidas pela CLT.<\/p>\n\n\n\n<p><br><br><br>Segundo a decis\u00e3o, tais comprova\u00e7\u00f5es, nos termos da tese firmada no TEMA 942 e em outros precedentes de tribunais superiores, fazem jus \u00e0 contagem especial do tempo de servi\u00e7o com aplica\u00e7\u00e3o do \u00edndice multiplicador de 1.4 durante o per\u00edodo pretendido.<\/p><div class=\"qpmdi69eea698f0665\" ><!--<a href=\"https:\/\/bit.ly\/3QdrqTZ\" target=\"_blank\">\n<img src=\"https:\/\/justicapotiguar.com.br\/wp-content\/uploads\/2023\/09\/mobile-geral.gif\"\/><a\/>--><\/div><style type=\"text\/css\">\r\n.qpmdi69eea698f0665 {\r\ntext-align: center;\r\n}\r\n@media screen and (min-width: 1201px) {\r\n.qpmdi69eea698f0665 {\r\ndisplay: none;\r\n}\r\n}\r\n@media screen and (min-width: 993px) and (max-width: 1200px) {\r\n.qpmdi69eea698f0665 {\r\ndisplay: none;\r\n}\r\n}\r\n@media screen and (min-width: 769px) and (max-width: 992px) {\r\n.qpmdi69eea698f0665 {\r\ndisplay: none;\r\n}\r\n}\r\n@media screen and (min-width: 768px) and (max-width: 768px) {\r\n.qpmdi69eea698f0665 {\r\ndisplay: block;\r\n}\r\n}\r\n@media screen and (max-width: 767px) {\r\n.qpmdi69eea698f0665 {\r\ndisplay: block;\r\n}\r\n}\r\n<\/style>\r\n<div class=\"bthuk69eea698f0648\" ><!--<a href=\"https:\/\/bit.ly\/3QdrqTZ\" target=\"_blank\">\n<img src=\"https:\/\/justicapotiguar.com.br\/wp-content\/uploads\/2023\/09\/desktop-geral.gif\"\/><a\/>--><\/div><style type=\"text\/css\">\r\n.bthuk69eea698f0648 {\r\ntext-align: center;\nmargin-bottom: 1em;\r\n}\r\n@media screen and (min-width: 1201px) {\r\n.bthuk69eea698f0648 {\r\ndisplay: block;\r\n}\r\n}\r\n@media screen and (min-width: 993px) and (max-width: 1200px) {\r\n.bthuk69eea698f0648 {\r\ndisplay: block;\r\n}\r\n}\r\n@media screen and (min-width: 769px) and (max-width: 992px) {\r\n.bthuk69eea698f0648 {\r\ndisplay: block;\r\n}\r\n}\r\n@media screen and (min-width: 768px) and (max-width: 768px) {\r\n.bthuk69eea698f0648 {\r\ndisplay: none;\r\n}\r\n}\r\n@media screen and (max-width: 767px) {\r\n.bthuk69eea698f0648 {\r\ndisplay: none;\r\n}\r\n}\r\n<\/style>\r\n\n\n\n\n<p><br><br><br>De acordo com o julgamento atual, a Suprema Corte, no julgamento definitivo do RE n\u00ba 1.014.286 (Tema n\u00ba 942), entendeu pela possibilidade de convers\u00e3o do tempo especial em comum at\u00e9 a EC n\u00ba 103\/2019 e ap\u00f3s a emenda constitucional o direito \u00e0 convers\u00e3o obedecer\u00e1 \u00e0 legisla\u00e7\u00e3o complementar dos entes federados.<\/p>\n\n\n\n<p><br><br><br>Conforme a relatora do MS, a ju\u00edza convocada Ana Cl\u00e1udia Lemos, constata-se que as Cortes Superiores t\u00eam firmado entendimento segundo o qual os servidores que desempenharam atividades ditas penosas ou insalubres, sob a CLT, tiveram incorporado, ao seu patrim\u00f4nio jur\u00eddico, o direito \u00e0 averba\u00e7\u00e3o do tempo de servi\u00e7o que prestaram sob a \u00f3tica dessa legisla\u00e7\u00e3o, com os acr\u00e9scimos decorrentes da insalubridade, em raz\u00e3o da in\u00e9rcia da legisla\u00e7\u00e3o estadual.<\/p>\n","protected":false},"excerpt":{"rendered":"<p>Os desembargadores do Pleno do TJRN concederam o pedido, movido por um m\u00e9dico, que \u00e9 servidor p\u00fablico estadual, e determinaram que o Estado, por meio da Secretaria de Sa\u00fade, realize a imediata averba\u00e7\u00e3o, nos registros funcionais do profissional, do \u00edndice multiplicador relacionado ao per\u00edodo em que foi celetista e estatut\u00e1rio, para fins de aposentadoria comum.<br \/><a class=\"more-link\" href=\"https:\/\/justicapotiguar.com.br\/index.php\/2022\/09\/13\/estado-tera-que-recalcular-tempo-de-aposentadoria-aplicado-a-medico-no-rn\/\">Mais&#8230;<\/a><\/p>\n","protected":false},"author":5,"featured_media":0,"comment_status":"open","ping_status":"open","sticky":false,"template":"","format":"standard","meta":[],"categories":[1],"tags":[],"_links":{"self":[{"href":"https:\/\/justicapotiguar.com.br\/index.php\/wp-json\/wp\/v2\/posts\/28147"}],"collection":[{"href":"https:\/\/justicapotiguar.com.br\/index.php\/wp-json\/wp\/v2\/posts"}],"about":[{"href":"https:\/\/justicapotiguar.com.br\/index.php\/wp-json\/wp\/v2\/types\/post"}],"author":[{"embeddable":true,"href":"https:\/\/justicapotiguar.com.br\/index.php\/wp-json\/wp\/v2\/users\/5"}],"replies":[{"embeddable":true,"href":"https:\/\/justicapotiguar.com.br\/index.php\/wp-json\/wp\/v2\/comments?post=28147"}],"version-history":[{"count":1,"href":"https:\/\/justicapotiguar.com.br\/index.php\/wp-json\/wp\/v2\/posts\/28147\/revisions"}],"predecessor-version":[{"id":28148,"href":"https:\/\/justicapotiguar.com.br\/index.php\/wp-json\/wp\/v2\/posts\/28147\/revisions\/28148"}],"wp:attachment":[{"href":"https:\/\/justicapotiguar.com.br\/index.php\/wp-json\/wp\/v2\/media?parent=28147"}],"wp:term":[{"taxonomy":"category","embeddable":true,"href":"https:\/\/justicapotiguar.com.br\/index.php\/wp-json\/wp\/v2\/categories?post=28147"},{"taxonomy":"post_tag","embeddable":true,"href":"https:\/\/justicapotiguar.com.br\/index.php\/wp-json\/wp\/v2\/tags?post=28147"}],"curies":[{"name":"wp","href":"https:\/\/api.w.org\/{rel}","templated":true}]}}