{"id":28142,"date":"2022-09-13T09:35:46","date_gmt":"2022-09-13T12:35:46","guid":{"rendered":"https:\/\/justicapotiguar.com.br\/?p=28142"},"modified":"2022-09-13T09:35:46","modified_gmt":"2022-09-13T12:35:46","slug":"absurdo-cobranca-de-tributos-em-terrenos-em-zona-de-protecao-ambiental","status":"publish","type":"post","link":"https:\/\/justicapotiguar.com.br\/index.php\/2022\/09\/13\/absurdo-cobranca-de-tributos-em-terrenos-em-zona-de-protecao-ambiental\/","title":{"rendered":"ABSURDO: Cobran\u00e7a de tributos em terrenos em zona de prote\u00e7\u00e3o ambiental"},"content":{"rendered":"\n<figure class=\"wp-block-image size-large\"><img loading=\"lazy\" width=\"984\" height=\"554\" src=\"https:\/\/justicapotiguar.com.br\/wp-content\/uploads\/2022\/09\/07-consema-itapeti-03.jpg\" alt=\"\" class=\"wp-image-28143\" srcset=\"https:\/\/justicapotiguar.com.br\/wp-content\/uploads\/2022\/09\/07-consema-itapeti-03.jpg 984w, https:\/\/justicapotiguar.com.br\/wp-content\/uploads\/2022\/09\/07-consema-itapeti-03-300x169.jpg 300w, https:\/\/justicapotiguar.com.br\/wp-content\/uploads\/2022\/09\/07-consema-itapeti-03-768x432.jpg 768w\" sizes=\"(max-width: 984px) 100vw, 984px\" \/><figcaption>Ilustrativa<\/figcaption><\/figure>\n\n\n\n<p>A decis\u00e3o do juiz Klaus Cleber Morais de Mendon\u00e7a, da 3 Vara de Execu\u00e7\u00e3o Fiscal e Tribut\u00e1ria, trouxe ao conhecimento p\u00fablico uma situa\u00e7\u00e3o vivida por diversos propriet\u00e1rios de im\u00f3veis que o Munic\u00edpio de Natal declarou como Zona de Prote\u00e7\u00e3o Ambiental.<br>V\u00e1rias \u00e1reas est\u00e3o impossibilitadas de se construir, n\u00e3o tem rua, n\u00e3o pode colocar uma cerca, e o Munic\u00edpio de Natal nem desapropria os im\u00f3veis e ainda est\u00e1 cobrando IPTU, TLP e COSIP.<\/p>\n\n\n\n<p><br>Alguns propriet\u00e1rios vem sofrendo com v\u00e1rias execu\u00e7\u00f5es fiscais, contas bloqueadas, carros apreendidos, etc, e desde 2013 a justi\u00e7a vem entendendo que esses tributos n\u00e3o s\u00e3o devidos.<\/p><div class=\"jabkz69efcd85a8dd4\" ><!--<a href=\"https:\/\/bit.ly\/3QdrqTZ\" target=\"_blank\">\n<img src=\"https:\/\/justicapotiguar.com.br\/wp-content\/uploads\/2023\/09\/mobile-geral.gif\"\/><a\/>--><\/div><style type=\"text\/css\">\r\n.jabkz69efcd85a8dd4 {\r\ntext-align: center;\r\n}\r\n@media screen and (min-width: 1201px) {\r\n.jabkz69efcd85a8dd4 {\r\ndisplay: none;\r\n}\r\n}\r\n@media screen and (min-width: 993px) and (max-width: 1200px) {\r\n.jabkz69efcd85a8dd4 {\r\ndisplay: none;\r\n}\r\n}\r\n@media screen and (min-width: 769px) and (max-width: 992px) {\r\n.jabkz69efcd85a8dd4 {\r\ndisplay: none;\r\n}\r\n}\r\n@media screen and (min-width: 768px) and (max-width: 768px) {\r\n.jabkz69efcd85a8dd4 {\r\ndisplay: block;\r\n}\r\n}\r\n@media screen and (max-width: 767px) {\r\n.jabkz69efcd85a8dd4 {\r\ndisplay: block;\r\n}\r\n}\r\n<\/style>\r\n<div class=\"oxwvm69efcd85a8db5\" ><!--<a href=\"https:\/\/bit.ly\/3QdrqTZ\" target=\"_blank\">\n<img src=\"https:\/\/justicapotiguar.com.br\/wp-content\/uploads\/2023\/09\/desktop-geral.gif\"\/><a\/>--><\/div><style type=\"text\/css\">\r\n.oxwvm69efcd85a8db5 {\r\ntext-align: center;\nmargin-bottom: 1em;\r\n}\r\n@media screen and (min-width: 1201px) {\r\n.oxwvm69efcd85a8db5 {\r\ndisplay: block;\r\n}\r\n}\r\n@media screen and (min-width: 993px) and (max-width: 1200px) {\r\n.oxwvm69efcd85a8db5 {\r\ndisplay: block;\r\n}\r\n}\r\n@media screen and (min-width: 769px) and (max-width: 992px) {\r\n.oxwvm69efcd85a8db5 {\r\ndisplay: block;\r\n}\r\n}\r\n@media screen and (min-width: 768px) and (max-width: 768px) {\r\n.oxwvm69efcd85a8db5 {\r\ndisplay: none;\r\n}\r\n}\r\n@media screen and (max-width: 767px) {\r\n.oxwvm69efcd85a8db5 {\r\ndisplay: none;\r\n}\r\n}\r\n<\/style>\r\n\n\n\n\n<p><br>Em 2018, a advogada Kalline Pondofe Santana ingressou no Tribunal de Justi\u00e7a do Rio Grande do Norte com um IRDR \u2013 Incidente de Resolu\u00e7\u00e3o de Demandas Repetitivas \u2013 que foi presedido pelo Desembargador Claudio Santos, e em 2019, a unanimidade, os desembargadores fixaram a tese para que todos os ju\u00edzes julguem no mesmo sentido de que \u201c\u00c9 ileg\u00edtima cobran\u00e7a de cr\u00e9ditos de IPTU, TLP E COSIP, pelo Munic\u00edpio de Natal, nas hip\u00f3teses de im\u00f3veis encravados em \u00e1reas non edificandi, de conserva\u00e7\u00e3o e preserva\u00e7\u00e3o ambiental, definidas pelo Plano Diretor de Natal, quando o Poder Executivo reduzir a al\u00edquota do IPTU a zero\u201d.<\/p>\n\n\n\n<p><br>Mesmo assim, o Munic\u00edpio de Natal continua com suas cobran\u00e7as sem qualquer embasamento, causando transtornos para os propriet\u00e1rios que j\u00e1 n\u00e3o podem usufruir dos seus bens.<\/p>\n","protected":false},"excerpt":{"rendered":"<p>A decis\u00e3o do juiz Klaus Cleber Morais de Mendon\u00e7a, da 3 Vara de Execu\u00e7\u00e3o Fiscal e Tribut\u00e1ria, trouxe ao conhecimento p\u00fablico uma situa\u00e7\u00e3o vivida por diversos propriet\u00e1rios de im\u00f3veis que o Munic\u00edpio de Natal declarou como Zona de Prote\u00e7\u00e3o Ambiental.V\u00e1rias \u00e1reas est\u00e3o impossibilitadas de se construir, n\u00e3o tem rua, n\u00e3o pode colocar uma cerca, e<br \/><a class=\"more-link\" href=\"https:\/\/justicapotiguar.com.br\/index.php\/2022\/09\/13\/absurdo-cobranca-de-tributos-em-terrenos-em-zona-de-protecao-ambiental\/\">Mais&#8230;<\/a><\/p>\n","protected":false},"author":5,"featured_media":0,"comment_status":"open","ping_status":"open","sticky":false,"template":"","format":"standard","meta":[],"categories":[1],"tags":[],"_links":{"self":[{"href":"https:\/\/justicapotiguar.com.br\/index.php\/wp-json\/wp\/v2\/posts\/28142"}],"collection":[{"href":"https:\/\/justicapotiguar.com.br\/index.php\/wp-json\/wp\/v2\/posts"}],"about":[{"href":"https:\/\/justicapotiguar.com.br\/index.php\/wp-json\/wp\/v2\/types\/post"}],"author":[{"embeddable":true,"href":"https:\/\/justicapotiguar.com.br\/index.php\/wp-json\/wp\/v2\/users\/5"}],"replies":[{"embeddable":true,"href":"https:\/\/justicapotiguar.com.br\/index.php\/wp-json\/wp\/v2\/comments?post=28142"}],"version-history":[{"count":1,"href":"https:\/\/justicapotiguar.com.br\/index.php\/wp-json\/wp\/v2\/posts\/28142\/revisions"}],"predecessor-version":[{"id":28144,"href":"https:\/\/justicapotiguar.com.br\/index.php\/wp-json\/wp\/v2\/posts\/28142\/revisions\/28144"}],"wp:attachment":[{"href":"https:\/\/justicapotiguar.com.br\/index.php\/wp-json\/wp\/v2\/media?parent=28142"}],"wp:term":[{"taxonomy":"category","embeddable":true,"href":"https:\/\/justicapotiguar.com.br\/index.php\/wp-json\/wp\/v2\/categories?post=28142"},{"taxonomy":"post_tag","embeddable":true,"href":"https:\/\/justicapotiguar.com.br\/index.php\/wp-json\/wp\/v2\/tags?post=28142"}],"curies":[{"name":"wp","href":"https:\/\/api.w.org\/{rel}","templated":true}]}}