{"id":28139,"date":"2022-09-13T10:45:00","date_gmt":"2022-09-13T13:45:00","guid":{"rendered":"https:\/\/justicapotiguar.com.br\/?p=28139"},"modified":"2022-09-13T09:32:52","modified_gmt":"2022-09-13T12:32:52","slug":"tjrn-autoriza-academias-cobrarem-taxa-de-personal-trainer","status":"publish","type":"post","link":"https:\/\/justicapotiguar.com.br\/index.php\/2022\/09\/13\/tjrn-autoriza-academias-cobrarem-taxa-de-personal-trainer\/","title":{"rendered":"TJRN autoriza academias cobrarem taxa de personal trainer"},"content":{"rendered":"\n<figure class=\"wp-block-image size-large\"><img loading=\"lazy\" width=\"564\" height=\"376\" src=\"https:\/\/justicapotiguar.com.br\/wp-content\/uploads\/2022\/09\/acade.jpeg\" alt=\"\" class=\"wp-image-28140\" srcset=\"https:\/\/justicapotiguar.com.br\/wp-content\/uploads\/2022\/09\/acade.jpeg 564w, https:\/\/justicapotiguar.com.br\/wp-content\/uploads\/2022\/09\/acade-300x200.jpeg 300w\" sizes=\"(max-width: 564px) 100vw, 564px\" \/><figcaption>Reprodu\u00e7\u00e3o<\/figcaption><\/figure>\n\n\n\n<p>Os desembargadores do TJRN, em sess\u00e3o plen\u00e1ria, concederam a medida cautelar para suspender a efic\u00e1cia do artigo 1\u00ba, par\u00e1grafo 2\u00ba da Lei n\u00ba 3802, de 12 de agosto de 2020, do Munic\u00edpio de Mossor\u00f3, at\u00e9 julgamento definitivo da A\u00e7\u00e3o Direta de Inconstitucionalidade (ADI), relativa \u00e0 legisla\u00e7\u00e3o que pro\u00edbe a cobran\u00e7a de taxa para profissionais de \u2018Personal Trainer\u2019. Segundo a Federa\u00e7\u00e3o de Com\u00e9rcio, Bens, Servi\u00e7os e Turismo do RN, o dispositivo afronta os artigos 1\u00ba e 111, da Constitui\u00e7\u00e3o Estadual, bem como o artigo 1\u00ba, inciso IV e artigo 170, par\u00e1grafo \u00fanico da Constitui\u00e7\u00e3o Federal.<\/p>\n\n\n\n<p>Segundo a entidade, cujos argumentos foram, inicialmente, acolhidos pela relatoria da ADI, feita pelo desembargador Amaury Moura, o Munic\u00edpio, \u201carbitrariamente\u201d, tenta interferir na administra\u00e7\u00e3o particular das Academias e demais setores, extrapolando sua compet\u00eancia legislativa, em \u201cclara afronta\u201d a defesa do princ\u00edpio da livre iniciativa, propriedade privada, das rela\u00e7\u00f5es de consumo e da livre concorr\u00eancia.<\/p>\n\n\n\n<p>Conforme a decis\u00e3o, da leitura do artigo 1\u00ba, par\u00e1grafo 2\u00ba, da Lei Municipal n.\u00b0 3.802\/2020, editada pelo Munic\u00edpio de Mossor\u00f3, infere-se que se refere a direito civil, j\u00e1 que busca regular os contratos de presta\u00e7\u00e3o de servi\u00e7os celebrados entre as academias de gin\u00e1stica e seus os usu\u00e1rios, impondo \u00e0s empresas o dever de suportar a presen\u00e7a em suas depend\u00eancias, dos profissionais de educa\u00e7\u00e3o f\u00edsica contratados por seus usu\u00e1rios, proibindo a estipula\u00e7\u00e3o de cl\u00e1usulas contratuais voltadas \u00e0 cria\u00e7\u00e3o de obriga\u00e7\u00e3o de pagar valor excedente no caso de contrata\u00e7\u00e3o de personal trainer.<\/p>\n\n\n\n<p>\u201cAssim, neste primeiro momento, de cogni\u00e7\u00e3o sum\u00e1ria, vislumbra-se que as disposi\u00e7\u00f5es contidas no preceptivo em exame, configura indevida inger\u00eancia do Poder P\u00fablico no \u00e2mbito da atividade econ\u00f4mica privada, ofendendo os princ\u00edpios constitucionais da livre iniciativa e livre concorr\u00eancia (artigo 111, par\u00e1grafo 2\u00ba, da Constitui\u00e7\u00e3o Estadual)\u201d, destaca o relator.<\/p><div class=\"rvooq69ee78f07489b\" ><!--<a href=\"https:\/\/bit.ly\/3QdrqTZ\" target=\"_blank\">\n<img src=\"https:\/\/justicapotiguar.com.br\/wp-content\/uploads\/2023\/09\/mobile-geral.gif\"\/><a\/>--><\/div><style type=\"text\/css\">\r\n.rvooq69ee78f07489b {\r\ntext-align: center;\r\n}\r\n@media screen and (min-width: 1201px) {\r\n.rvooq69ee78f07489b {\r\ndisplay: none;\r\n}\r\n}\r\n@media screen and (min-width: 993px) and (max-width: 1200px) {\r\n.rvooq69ee78f07489b {\r\ndisplay: none;\r\n}\r\n}\r\n@media screen and (min-width: 769px) and (max-width: 992px) {\r\n.rvooq69ee78f07489b {\r\ndisplay: none;\r\n}\r\n}\r\n@media screen and (min-width: 768px) and (max-width: 768px) {\r\n.rvooq69ee78f07489b {\r\ndisplay: block;\r\n}\r\n}\r\n@media screen and (max-width: 767px) {\r\n.rvooq69ee78f07489b {\r\ndisplay: block;\r\n}\r\n}\r\n<\/style>\r\n<div class=\"xtyrk69ee78f074879\" ><!--<a href=\"https:\/\/bit.ly\/3QdrqTZ\" target=\"_blank\">\n<img src=\"https:\/\/justicapotiguar.com.br\/wp-content\/uploads\/2023\/09\/desktop-geral.gif\"\/><a\/>--><\/div><style type=\"text\/css\">\r\n.xtyrk69ee78f074879 {\r\ntext-align: center;\nmargin-bottom: 1em;\r\n}\r\n@media screen and (min-width: 1201px) {\r\n.xtyrk69ee78f074879 {\r\ndisplay: block;\r\n}\r\n}\r\n@media screen and (min-width: 993px) and (max-width: 1200px) {\r\n.xtyrk69ee78f074879 {\r\ndisplay: block;\r\n}\r\n}\r\n@media screen and (min-width: 769px) and (max-width: 992px) {\r\n.xtyrk69ee78f074879 {\r\ndisplay: block;\r\n}\r\n}\r\n@media screen and (min-width: 768px) and (max-width: 768px) {\r\n.xtyrk69ee78f074879 {\r\ndisplay: none;\r\n}\r\n}\r\n@media screen and (max-width: 767px) {\r\n.xtyrk69ee78f074879 {\r\ndisplay: none;\r\n}\r\n}\r\n<\/style>\r\n\n\n\n\n<p>Conforme o julgamento, a atividade empresarial desempenhadas pelas academias \u00e9 resguardada pelos princ\u00edpios da livre concorr\u00eancia e da livre iniciativa tratados no artigo 170 da Constitui\u00e7\u00e3o Federal, aplic\u00e1veis aos Munic\u00edpios por for\u00e7a do artigo 111, da Constitui\u00e7\u00e3o Estadual, pelo que as disposi\u00e7\u00f5es lan\u00e7adas no dispositivo impugnado interferem no livre exerc\u00edcio da atividade empresarial.<\/p>\n\n\n\n<p>\u201cNote-se que do fundamento da livre iniciativa decorre a liberdade do particular em rela\u00e7\u00e3o ao Estado, na condu\u00e7\u00e3o das atividades econ\u00f4micas, cabendo a este, enquanto agente normativo e regulador da atividade econ\u00f4mica, exercer as fun\u00e7\u00f5es de fiscaliza\u00e7\u00e3o, incentivo e planejamento, sendo este meramente indicativo para o setor privado, nos termos do artigo 174 da Constitui\u00e7\u00e3o da Rep\u00fablica Federativa do Brasil\u201d, enfatiza.<\/p>\n\n\n\n<p><strong>A\u00e7\u00e3o Direta de Inconstitucionalidade \u2013 0800502-05.2022.8.20.0000<\/strong><br>&nbsp;<\/p>\n","protected":false},"excerpt":{"rendered":"<p>Os desembargadores do TJRN, em sess\u00e3o plen\u00e1ria, concederam a medida cautelar para suspender a efic\u00e1cia do artigo 1\u00ba, par\u00e1grafo 2\u00ba da Lei n\u00ba 3802, de 12 de agosto de 2020, do Munic\u00edpio de Mossor\u00f3, at\u00e9 julgamento definitivo da A\u00e7\u00e3o Direta de Inconstitucionalidade (ADI), relativa \u00e0 legisla\u00e7\u00e3o que pro\u00edbe a cobran\u00e7a de taxa para profissionais de<br \/><a class=\"more-link\" href=\"https:\/\/justicapotiguar.com.br\/index.php\/2022\/09\/13\/tjrn-autoriza-academias-cobrarem-taxa-de-personal-trainer\/\">Mais&#8230;<\/a><\/p>\n","protected":false},"author":5,"featured_media":0,"comment_status":"open","ping_status":"open","sticky":false,"template":"","format":"standard","meta":[],"categories":[1],"tags":[],"_links":{"self":[{"href":"https:\/\/justicapotiguar.com.br\/index.php\/wp-json\/wp\/v2\/posts\/28139"}],"collection":[{"href":"https:\/\/justicapotiguar.com.br\/index.php\/wp-json\/wp\/v2\/posts"}],"about":[{"href":"https:\/\/justicapotiguar.com.br\/index.php\/wp-json\/wp\/v2\/types\/post"}],"author":[{"embeddable":true,"href":"https:\/\/justicapotiguar.com.br\/index.php\/wp-json\/wp\/v2\/users\/5"}],"replies":[{"embeddable":true,"href":"https:\/\/justicapotiguar.com.br\/index.php\/wp-json\/wp\/v2\/comments?post=28139"}],"version-history":[{"count":1,"href":"https:\/\/justicapotiguar.com.br\/index.php\/wp-json\/wp\/v2\/posts\/28139\/revisions"}],"predecessor-version":[{"id":28141,"href":"https:\/\/justicapotiguar.com.br\/index.php\/wp-json\/wp\/v2\/posts\/28139\/revisions\/28141"}],"wp:attachment":[{"href":"https:\/\/justicapotiguar.com.br\/index.php\/wp-json\/wp\/v2\/media?parent=28139"}],"wp:term":[{"taxonomy":"category","embeddable":true,"href":"https:\/\/justicapotiguar.com.br\/index.php\/wp-json\/wp\/v2\/categories?post=28139"},{"taxonomy":"post_tag","embeddable":true,"href":"https:\/\/justicapotiguar.com.br\/index.php\/wp-json\/wp\/v2\/tags?post=28139"}],"curies":[{"name":"wp","href":"https:\/\/api.w.org\/{rel}","templated":true}]}}