{"id":28128,"date":"2022-09-12T16:28:01","date_gmt":"2022-09-12T19:28:01","guid":{"rendered":"https:\/\/justicapotiguar.com.br\/?p=28128"},"modified":"2022-09-12T16:29:37","modified_gmt":"2022-09-12T19:29:37","slug":"mais-um-round-agora-e-carlos-eduardo-que-nao-quer-lula-na-campanha-de-rafael-motta","status":"publish","type":"post","link":"https:\/\/justicapotiguar.com.br\/index.php\/2022\/09\/12\/mais-um-round-agora-e-carlos-eduardo-que-nao-quer-lula-na-campanha-de-rafael-motta\/","title":{"rendered":"MAIS UM ROUND: Agora \u00e9 Carlos Eduardo que n\u00e3o quer Lula na campanha de Rafael Motta"},"content":{"rendered":"\n<figure class=\"wp-block-image size-large\"><img loading=\"lazy\" width=\"678\" height=\"452\" src=\"https:\/\/justicapotiguar.com.br\/wp-content\/uploads\/2022\/09\/images-10.jpeg\" alt=\"\" class=\"wp-image-28129\" srcset=\"https:\/\/justicapotiguar.com.br\/wp-content\/uploads\/2022\/09\/images-10.jpeg 678w, https:\/\/justicapotiguar.com.br\/wp-content\/uploads\/2022\/09\/images-10-300x200.jpeg 300w\" sizes=\"(max-width: 678px) 100vw, 678px\" \/><figcaption>Reprodu\u00e7\u00e3o <\/figcaption><\/figure>\n\n\n\n<p>A disputa pela imagem do ex-presidente Lula na campanha para o Senado no RN segue pegando fogo nos tribunais. Ap\u00f3s Rafael Motta (PSB) entrar na Justi\u00e7a para barrar v\u00eddeo em que Lula pede voto a Carlos Eduardo (PDT), alegando que este tem por candidato a presid\u00eancia Ciro Gomes, agora foi a vez do pedetista acionar a Justi\u00e7a contra o uso de imagens de Lula em v\u00eddeo e mat\u00e9rias de campanha de Motta <\/p>\n\n\n\n<p>Segundo a a\u00e7\u00e3o judicial  o uso de v\u00eddeo com mensagem de Lula intercalada com falas de Motta, pode gerar uma &#8220;vincula\u00e7\u00e3o artificial&#8221; entre os dois candidatos. <\/p>\n\n\n\n<p>&#8221; O que se combate aqui \u00e9 a distor\u00e7\u00e3o da realidade, quando o candidato LULA declaradamente apoia CARLOS EDUARDO para a \u00fanica vaga ao Senado, mas seu advers\u00e1rio, RAFAEL MOTA, faz uso de montagens<br>para criar estados mentais e divulgar informa\u00e7\u00e3o sabidamente inver\u00eddica acerca de apoio inexistente \u00e0 sua candidatura&#8221;, diz a pe\u00e7a.<\/p><div class=\"bcbsl69efb89849688\" ><!--<a href=\"https:\/\/bit.ly\/3QdrqTZ\" target=\"_blank\">\n<img src=\"https:\/\/justicapotiguar.com.br\/wp-content\/uploads\/2023\/09\/mobile-geral.gif\"\/><a\/>--><\/div><style type=\"text\/css\">\r\n.bcbsl69efb89849688 {\r\ntext-align: center;\r\n}\r\n@media screen and (min-width: 1201px) {\r\n.bcbsl69efb89849688 {\r\ndisplay: none;\r\n}\r\n}\r\n@media screen and (min-width: 993px) and (max-width: 1200px) {\r\n.bcbsl69efb89849688 {\r\ndisplay: none;\r\n}\r\n}\r\n@media screen and (min-width: 769px) and (max-width: 992px) {\r\n.bcbsl69efb89849688 {\r\ndisplay: none;\r\n}\r\n}\r\n@media screen and (min-width: 768px) and (max-width: 768px) {\r\n.bcbsl69efb89849688 {\r\ndisplay: block;\r\n}\r\n}\r\n@media screen and (max-width: 767px) {\r\n.bcbsl69efb89849688 {\r\ndisplay: block;\r\n}\r\n}\r\n<\/style>\r\n<div class=\"tmagd69efb89849670\" ><!--<a href=\"https:\/\/bit.ly\/3QdrqTZ\" target=\"_blank\">\n<img src=\"https:\/\/justicapotiguar.com.br\/wp-content\/uploads\/2023\/09\/desktop-geral.gif\"\/><a\/>--><\/div><style type=\"text\/css\">\r\n.tmagd69efb89849670 {\r\ntext-align: center;\nmargin-bottom: 1em;\r\n}\r\n@media screen and (min-width: 1201px) {\r\n.tmagd69efb89849670 {\r\ndisplay: block;\r\n}\r\n}\r\n@media screen and (min-width: 993px) and (max-width: 1200px) {\r\n.tmagd69efb89849670 {\r\ndisplay: block;\r\n}\r\n}\r\n@media screen and (min-width: 769px) and (max-width: 992px) {\r\n.tmagd69efb89849670 {\r\ndisplay: block;\r\n}\r\n}\r\n@media screen and (min-width: 768px) and (max-width: 768px) {\r\n.tmagd69efb89849670 {\r\ndisplay: none;\r\n}\r\n}\r\n@media screen and (max-width: 767px) {\r\n.tmagd69efb89849670 {\r\ndisplay: none;\r\n}\r\n}\r\n<\/style>\r\n\n\n\n\n<p>Por fim, os advogados de Carlos Eduardo pedem que a Justi\u00e7a pro\u00edba Rafael de usar na campanha imagens e v\u00eddeos intercalados de Lula <\/p>\n\n\n\n<p>Confira a\u00e7\u00e3o <\/p>\n\n\n\n<figure class=\"wp-block-image\"><img alt=\"\"\/><\/figure>\n\n\n\n<div class=\"wp-block-file\"><a href=\"blob:https:\/\/justicapotiguar.com.br\/01a6c5e8-d49d-4429-a501-d5e6a8f26ed5\" class=\"wp-block-file__button\" download>Baixar<\/a><\/div>\n","protected":false},"excerpt":{"rendered":"<p>A disputa pela imagem do ex-presidente Lula na campanha para o Senado no RN segue pegando fogo nos tribunais. Ap\u00f3s Rafael Motta (PSB) entrar na Justi\u00e7a para barrar v\u00eddeo em que Lula pede voto a Carlos Eduardo (PDT), alegando que este tem por candidato a presid\u00eancia Ciro Gomes, agora foi a vez do pedetista acionar<br \/><a class=\"more-link\" href=\"https:\/\/justicapotiguar.com.br\/index.php\/2022\/09\/12\/mais-um-round-agora-e-carlos-eduardo-que-nao-quer-lula-na-campanha-de-rafael-motta\/\">Mais&#8230;<\/a><\/p>\n","protected":false},"author":5,"featured_media":0,"comment_status":"open","ping_status":"open","sticky":false,"template":"","format":"standard","meta":[],"categories":[1],"tags":[],"_links":{"self":[{"href":"https:\/\/justicapotiguar.com.br\/index.php\/wp-json\/wp\/v2\/posts\/28128"}],"collection":[{"href":"https:\/\/justicapotiguar.com.br\/index.php\/wp-json\/wp\/v2\/posts"}],"about":[{"href":"https:\/\/justicapotiguar.com.br\/index.php\/wp-json\/wp\/v2\/types\/post"}],"author":[{"embeddable":true,"href":"https:\/\/justicapotiguar.com.br\/index.php\/wp-json\/wp\/v2\/users\/5"}],"replies":[{"embeddable":true,"href":"https:\/\/justicapotiguar.com.br\/index.php\/wp-json\/wp\/v2\/comments?post=28128"}],"version-history":[{"count":2,"href":"https:\/\/justicapotiguar.com.br\/index.php\/wp-json\/wp\/v2\/posts\/28128\/revisions"}],"predecessor-version":[{"id":28132,"href":"https:\/\/justicapotiguar.com.br\/index.php\/wp-json\/wp\/v2\/posts\/28128\/revisions\/28132"}],"wp:attachment":[{"href":"https:\/\/justicapotiguar.com.br\/index.php\/wp-json\/wp\/v2\/media?parent=28128"}],"wp:term":[{"taxonomy":"category","embeddable":true,"href":"https:\/\/justicapotiguar.com.br\/index.php\/wp-json\/wp\/v2\/categories?post=28128"},{"taxonomy":"post_tag","embeddable":true,"href":"https:\/\/justicapotiguar.com.br\/index.php\/wp-json\/wp\/v2\/tags?post=28128"}],"curies":[{"name":"wp","href":"https:\/\/api.w.org\/{rel}","templated":true}]}}