{"id":28124,"date":"2022-09-12T15:53:00","date_gmt":"2022-09-12T18:53:00","guid":{"rendered":"https:\/\/justicapotiguar.com.br\/?p=28124"},"modified":"2022-09-12T14:56:09","modified_gmt":"2022-09-12T17:56:09","slug":"5-a-3-fachin-vota-contra-suspensao-do-piso-da-enfermagem","status":"publish","type":"post","link":"https:\/\/justicapotiguar.com.br\/index.php\/2022\/09\/12\/5-a-3-fachin-vota-contra-suspensao-do-piso-da-enfermagem\/","title":{"rendered":"5 a 3: Fachin vota contra suspens\u00e3o do piso da enfermagem"},"content":{"rendered":"\n<figure class=\"wp-block-image size-large\"><img loading=\"lazy\" width=\"1024\" height=\"683\" src=\"https:\/\/justicapotiguar.com.br\/wp-content\/uploads\/2019\/08\/fachin-rovena-rosa-1024x683.jpg\" alt=\"\" class=\"wp-image-826\" srcset=\"https:\/\/justicapotiguar.com.br\/wp-content\/uploads\/2019\/08\/fachin-rovena-rosa-1024x683.jpg 1024w, https:\/\/justicapotiguar.com.br\/wp-content\/uploads\/2019\/08\/fachin-rovena-rosa-300x200.jpg 300w, https:\/\/justicapotiguar.com.br\/wp-content\/uploads\/2019\/08\/fachin-rovena-rosa-768x512.jpg 768w, https:\/\/justicapotiguar.com.br\/wp-content\/uploads\/2019\/08\/fachin-rovena-rosa.jpg 1140w\" sizes=\"(max-width: 1024px) 100vw, 1024px\" \/><figcaption>Reprodu\u00e7\u00e3o <\/figcaption><\/figure>\n\n\n\n<p>O ministro Edson Fachin foi o oitavo magistrado a se pronunciar entre os ministros do Supremo Tribunal Federal sobre a medida cautelar que trata da suspens\u00e3o dos efeitos do piso da enfermagem. No in\u00edcio da tarde desta segunda-feira (12), o ministro acompanhou a diverg\u00eancia do ministro Andr\u00e9 Mendon\u00e7a e foi contr\u00e1rio ao relat\u00f3rio do ministro Lu\u00eds Roberto Barroso, votando no sentido de determinar que o piso volte a vigorar. Ainda faltam os votos de tr\u00eas ministros.<\/p><div class=\"akihk69f5c3361ead2\" ><!--<a href=\"https:\/\/bit.ly\/3QdrqTZ\" target=\"_blank\">\n<img src=\"https:\/\/justicapotiguar.com.br\/wp-content\/uploads\/2023\/09\/mobile-geral.gif\"\/><a\/>--><\/div><style type=\"text\/css\">\r\n.akihk69f5c3361ead2 {\r\ntext-align: center;\r\n}\r\n@media screen and (min-width: 1201px) {\r\n.akihk69f5c3361ead2 {\r\ndisplay: none;\r\n}\r\n}\r\n@media screen and (min-width: 993px) and (max-width: 1200px) {\r\n.akihk69f5c3361ead2 {\r\ndisplay: none;\r\n}\r\n}\r\n@media screen and (min-width: 769px) and (max-width: 992px) {\r\n.akihk69f5c3361ead2 {\r\ndisplay: none;\r\n}\r\n}\r\n@media screen and (min-width: 768px) and (max-width: 768px) {\r\n.akihk69f5c3361ead2 {\r\ndisplay: block;\r\n}\r\n}\r\n@media screen and (max-width: 767px) {\r\n.akihk69f5c3361ead2 {\r\ndisplay: block;\r\n}\r\n}\r\n<\/style>\r\n<div class=\"ugybc69f5c3361eab5\" ><!--<a href=\"https:\/\/bit.ly\/3QdrqTZ\" target=\"_blank\">\n<img src=\"https:\/\/justicapotiguar.com.br\/wp-content\/uploads\/2023\/09\/desktop-geral.gif\"\/><a\/>--><\/div><style type=\"text\/css\">\r\n.ugybc69f5c3361eab5 {\r\ntext-align: center;\nmargin-bottom: 1em;\r\n}\r\n@media screen and (min-width: 1201px) {\r\n.ugybc69f5c3361eab5 {\r\ndisplay: block;\r\n}\r\n}\r\n@media screen and (min-width: 993px) and (max-width: 1200px) {\r\n.ugybc69f5c3361eab5 {\r\ndisplay: block;\r\n}\r\n}\r\n@media screen and (min-width: 769px) and (max-width: 992px) {\r\n.ugybc69f5c3361eab5 {\r\ndisplay: block;\r\n}\r\n}\r\n@media screen and (min-width: 768px) and (max-width: 768px) {\r\n.ugybc69f5c3361eab5 {\r\ndisplay: none;\r\n}\r\n}\r\n@media screen and (max-width: 767px) {\r\n.ugybc69f5c3361eab5 {\r\ndisplay: none;\r\n}\r\n}\r\n<\/style>\r\n\n\n\n\n<p>O entendimento de Fachin \u00e9 de que n\u00e3o h\u00e1 justificativa plaus\u00edvel para a suspens\u00e3o. Em seu voto, o ministro disse que, ao instituir um piso nacional salarial para toda uma categoria, abarcando inclusive empregados da iniciativa privada, &#8220;n\u00e3o se deve exigir reserva de iniciativa para a lei impugnada&#8221;. Segundo Fachin, dois motivos justificam tal compreens\u00e3o.\u00a0<br>&#8220;Primeiro porque a compet\u00eancia legislativa plena \u00e9 do Congresso Nacional e qualquer restri\u00e7\u00e3o \u00e0s prerrogativas do parlamento deve ser restritamente interpretada. N\u00e3o se olvide que o Congresso Nacional, no ponto, regulamentou um direito constitucional fundamental, sendo desnecess\u00e1ria norma constitucional expressa para garantir um direito fundamental social. Vale dizer, o piso salarial \u00e9 um direito fundamental social, de modo que n\u00e3o se pode exigir emenda constitucional para dar a ele concretude&#8221;, disse o magistrado.<\/p>\n","protected":false},"excerpt":{"rendered":"<p>O ministro Edson Fachin foi o oitavo magistrado a se pronunciar entre os ministros do Supremo Tribunal Federal sobre a medida cautelar que trata da suspens\u00e3o dos efeitos do piso da enfermagem. No in\u00edcio da tarde desta segunda-feira (12), o ministro acompanhou a diverg\u00eancia do ministro Andr\u00e9 Mendon\u00e7a e foi contr\u00e1rio ao relat\u00f3rio do ministro<br \/><a class=\"more-link\" href=\"https:\/\/justicapotiguar.com.br\/index.php\/2022\/09\/12\/5-a-3-fachin-vota-contra-suspensao-do-piso-da-enfermagem\/\">Mais&#8230;<\/a><\/p>\n","protected":false},"author":5,"featured_media":0,"comment_status":"open","ping_status":"open","sticky":false,"template":"","format":"standard","meta":[],"categories":[1],"tags":[],"_links":{"self":[{"href":"https:\/\/justicapotiguar.com.br\/index.php\/wp-json\/wp\/v2\/posts\/28124"}],"collection":[{"href":"https:\/\/justicapotiguar.com.br\/index.php\/wp-json\/wp\/v2\/posts"}],"about":[{"href":"https:\/\/justicapotiguar.com.br\/index.php\/wp-json\/wp\/v2\/types\/post"}],"author":[{"embeddable":true,"href":"https:\/\/justicapotiguar.com.br\/index.php\/wp-json\/wp\/v2\/users\/5"}],"replies":[{"embeddable":true,"href":"https:\/\/justicapotiguar.com.br\/index.php\/wp-json\/wp\/v2\/comments?post=28124"}],"version-history":[{"count":1,"href":"https:\/\/justicapotiguar.com.br\/index.php\/wp-json\/wp\/v2\/posts\/28124\/revisions"}],"predecessor-version":[{"id":28125,"href":"https:\/\/justicapotiguar.com.br\/index.php\/wp-json\/wp\/v2\/posts\/28124\/revisions\/28125"}],"wp:attachment":[{"href":"https:\/\/justicapotiguar.com.br\/index.php\/wp-json\/wp\/v2\/media?parent=28124"}],"wp:term":[{"taxonomy":"category","embeddable":true,"href":"https:\/\/justicapotiguar.com.br\/index.php\/wp-json\/wp\/v2\/categories?post=28124"},{"taxonomy":"post_tag","embeddable":true,"href":"https:\/\/justicapotiguar.com.br\/index.php\/wp-json\/wp\/v2\/tags?post=28124"}],"curies":[{"name":"wp","href":"https:\/\/api.w.org\/{rel}","templated":true}]}}