{"id":28115,"date":"2022-09-12T12:59:46","date_gmt":"2022-09-12T15:59:46","guid":{"rendered":"https:\/\/justicapotiguar.com.br\/?p=28115"},"modified":"2022-09-12T12:59:46","modified_gmt":"2022-09-12T15:59:46","slug":"informativo-747-do-stj-de-05-de-setembro-de-2022","status":"publish","type":"post","link":"https:\/\/justicapotiguar.com.br\/index.php\/2022\/09\/12\/informativo-747-do-stj-de-05-de-setembro-de-2022\/","title":{"rendered":"Informativo 747 do STJ, de 05 de setembro de 2022."},"content":{"rendered":"\n<p><strong>Rodrigo Leite | @rodrigocrleite<\/strong><\/p>\n\n\n\n<p><strong>Canal P\u00edlulas Jur\u00eddicas | STF e STJ<\/strong> https:\/\/t.me\/pilulasjuridicasSTFSTJ<\/p>\n\n\n\n<figure class=\"wp-block-image size-large\"><img loading=\"lazy\" width=\"680\" height=\"427\" src=\"https:\/\/justicapotiguar.com.br\/wp-content\/uploads\/2020\/03\/7E9BF3BF035A18A1D518A9F6259A03FA1D7E_stj.jpg\" alt=\"\" class=\"wp-image-7439\" srcset=\"https:\/\/justicapotiguar.com.br\/wp-content\/uploads\/2020\/03\/7E9BF3BF035A18A1D518A9F6259A03FA1D7E_stj.jpg 680w, https:\/\/justicapotiguar.com.br\/wp-content\/uploads\/2020\/03\/7E9BF3BF035A18A1D518A9F6259A03FA1D7E_stj-300x188.jpg 300w\" sizes=\"(max-width: 680px) 100vw, 680px\" \/><figcaption>Reprodu\u00e7\u00e3o<\/figcaption><\/figure>\n\n\n\n<p><strong>PRIMEIRA SE\u00c7\u00c3O<\/strong><\/p>\n\n\n\n<p>&#8211; O esp\u00f3lio possui legitimidade ativa para ajuizar a\u00e7\u00e3o postulando pelo pagamento de repara\u00e7\u00e3o econ\u00f4mica retroativa \u00e0 data da concess\u00e3o de anistia pol\u00edtica, na hip\u00f3tese em que a data do \u00f3bito do anistiado \u00e9 posterior a esta \u2013 <strong>MS 28.276-DF<\/strong>, julgado em 10\/08\/2022.<\/p>\n\n\n\n<p><strong>SEGUNDA SE\u00c7\u00c3O<\/strong><\/p>\n\n\n\n<p>&#8211; Se, na mesma decis\u00e3o, \u00e9 reconhecida a ilegitimidade passiva de autarquia federal e, em raz\u00e3o disso, \u00e9 determinada a remessa do processo para a Justi\u00e7a Estadual, a compet\u00eancia para processar o cumprimento quanto aos honor\u00e1rios sucumbenciais nela fixados \u00e9 da Justi\u00e7a Federal \u2013 <strong>CC 175.883-PR<\/strong>, julgado em 24\/08\/2022.<\/p>\n\n\n\n<p><strong>TERCEIRA SE\u00c7\u00c3O<\/strong><\/p>\n\n\n\n<p>&#8211; A decis\u00e3o que determina exclus\u00e3o de elementos probat\u00f3rios obtidos mediante o acesso ao <em>e-mail<\/em> funcional de servidor investigado n\u00e3o contamina a legalidade da utiliza\u00e7\u00e3o de provas produzidas de forma independente por comiss\u00e3o disciplinar de PAD, em observ\u00e2ncia \u00e0 teoria da fonte independente e da descoberta inevit\u00e1vel da prova \u2013 <strong>AgRg na Rcl 42.292-DF<\/strong>, julgado em 24\/08\/2022.<\/p>\n\n\n\n<p><strong>PRIMEIRA TURMA<\/strong><\/p>\n\n\n\n<p>&#8211; N\u00e3o extrapola o poder regulamentar da Administra\u00e7\u00e3o P\u00fablica, ou os princ\u00edpios que a regem, Decreto Estadual que disp\u00f5e sobre o dever de agentes p\u00fabicos disponibilizarem informa\u00e7\u00f5es sobre seus bens e evolu\u00e7\u00e3o patrimonial \u2013 <strong>AgInt nos EDcl no RMS 55.819-MG<\/strong>, julgado em 08\/08\/2022.<\/p>\n\n\n\n<p>&#8211; A isen\u00e7\u00e3o prevista em favor da Fazenda P\u00fablica no art. 39 da Lei. n. 6.830\/1980 n\u00e3o pode ser estendida \u00e0s despesas com o deslocamento dos oficiais de justi\u00e7a para a pr\u00e1tica do ato citat\u00f3rio \u2013 <strong>AgInt no REsp 1.995.692-PB<\/strong>, julgado em 22\/08\/2022.<\/p>\n\n\n\n<p><strong>SEGUNDA TURMA<\/strong><\/p>\n\n\n\n<p>&#8211; Em mandado de seguran\u00e7a, a legitimidade para recorrer \u00e9 da pessoa jur\u00eddica de direito p\u00fablico, sendo dispens\u00e1vel a intima\u00e7\u00e3o da autoridade coatora para fins de in\u00edcio da contagem do prazo recursal \u2013 <strong>AgInt no AREsp 1.430.628-BA<\/strong>, julgado em 18\/08\/2022.<\/p>\n\n\n\n<p>&#8211; \u00c9 devida a fixa\u00e7\u00e3o de honor\u00e1rios advocat\u00edcios quando, em julgamento de a\u00e7\u00e3o rescis\u00f3ria, o Tribunal reconhece a sua incompet\u00eancia, realizando apenas o ju\u00edzo rescindendo, e submete ao \u00f3rg\u00e3o jurisdicional competente o ju\u00edzo rescis\u00f3rio \u2013 <strong>REsp 1.848.704-RJ<\/strong>, julgado em 23\/08\/2022.<\/p>\n\n\n\n<p><strong>TERCEIRA TURMA<\/strong><\/p><div class=\"rknlh69f5c414e6c4d\" ><!--<a href=\"https:\/\/bit.ly\/3QdrqTZ\" target=\"_blank\">\n<img src=\"https:\/\/justicapotiguar.com.br\/wp-content\/uploads\/2023\/09\/mobile-geral.gif\"\/><a\/>--><\/div><style type=\"text\/css\">\r\n.rknlh69f5c414e6c4d {\r\ntext-align: center;\r\n}\r\n@media screen and (min-width: 1201px) {\r\n.rknlh69f5c414e6c4d {\r\ndisplay: none;\r\n}\r\n}\r\n@media screen and (min-width: 993px) and (max-width: 1200px) {\r\n.rknlh69f5c414e6c4d {\r\ndisplay: none;\r\n}\r\n}\r\n@media screen and (min-width: 769px) and (max-width: 992px) {\r\n.rknlh69f5c414e6c4d {\r\ndisplay: none;\r\n}\r\n}\r\n@media screen and (min-width: 768px) and (max-width: 768px) {\r\n.rknlh69f5c414e6c4d {\r\ndisplay: block;\r\n}\r\n}\r\n@media screen and (max-width: 767px) {\r\n.rknlh69f5c414e6c4d {\r\ndisplay: block;\r\n}\r\n}\r\n<\/style>\r\n<div class=\"ssnuj69f5c414e6c2d\" ><!--<a href=\"https:\/\/bit.ly\/3QdrqTZ\" target=\"_blank\">\n<img src=\"https:\/\/justicapotiguar.com.br\/wp-content\/uploads\/2023\/09\/desktop-geral.gif\"\/><a\/>--><\/div><style type=\"text\/css\">\r\n.ssnuj69f5c414e6c2d {\r\ntext-align: center;\nmargin-bottom: 1em;\r\n}\r\n@media screen and (min-width: 1201px) {\r\n.ssnuj69f5c414e6c2d {\r\ndisplay: block;\r\n}\r\n}\r\n@media screen and (min-width: 993px) and (max-width: 1200px) {\r\n.ssnuj69f5c414e6c2d {\r\ndisplay: block;\r\n}\r\n}\r\n@media screen and (min-width: 769px) and (max-width: 992px) {\r\n.ssnuj69f5c414e6c2d {\r\ndisplay: block;\r\n}\r\n}\r\n@media screen and (min-width: 768px) and (max-width: 768px) {\r\n.ssnuj69f5c414e6c2d {\r\ndisplay: none;\r\n}\r\n}\r\n@media screen and (max-width: 767px) {\r\n.ssnuj69f5c414e6c2d {\r\ndisplay: none;\r\n}\r\n}\r\n<\/style>\r\n\n\n\n\n<p>&#8211; O contrato de franquia deve ser interpretado no sentido de dar alcance do direito de exclusividade do franqueado, inclusive em rela\u00e7\u00e3o \u00e0s loca\u00e7\u00f5es realizadas na modalidade <em>&#8220;corporate fleet&#8221;<\/em> \u2013 <strong>REsp 1.741.586-MG<\/strong>, julgado em 07\/06\/2022.<strong>&nbsp;<\/strong><\/p>\n\n\n\n<p>&#8211; Em partida de futebol, se houver tumulto causado por artefatos explosivos jogados contra a torcida visitante, o time mandante deve responder pelos danos causados aos torcedores \u2013 <strong>REsp 1.773.885-SP<\/strong>, julgado em 30\/08\/2022.<\/p>\n\n\n\n<p>&#8211; Quando houver cl\u00e1usula arbitral, em regra, submete-se ao tribunal arbitral qualquer quest\u00e3o que envolva a exist\u00eancia, validade e efic\u00e1cia da cl\u00e1usula compromiss\u00f3ria \u2013 <strong>REsp 1.959.435-RJ<\/strong>, julgado em 30\/08\/2022.<\/p>\n\n\n\n<p><strong>QUARTA TURMA<\/strong><\/p>\n\n\n\n<p>&#8211; Em contrato de m\u00fatuo vinculado ao Sistema Financeiro de Habita\u00e7\u00e3o (SFH), o termo inicial para a contagem do prazo prescricional da pretens\u00e3o de cobran\u00e7a de parcelas vencidas \u00e9 a data de vencimento da \u00faltima parcela \u2013 <strong>AgInt no REsp 1.837.718-PR<\/strong>, julgado em 09\/08\/2022.<\/p>\n\n\n\n<p>&#8211; Configura concorr\u00eancia desleal a contrata\u00e7\u00e3o de servi\u00e7os de <em>links <\/em>patrocinados (<em>keyword advertising) <\/em>prestados por provedores de busca na <em>internet<\/em> para obter posi\u00e7\u00e3o privilegiada em resultado de busca em que o consumidor de produto ou servi\u00e7o utiliza como palavra-chave a marca de um concorrente \u2013 <strong>REsp 1.937.989-SP<\/strong>, julgado em 23\/08\/2022.<\/p>\n\n\n\n<p><strong>QUINTA TURMA<\/strong><\/p>\n\n\n\n<p>&#8211; Em crimes contra a dignidade sexual, admite-se, excepcionalmente, o afastamento do \u00f3bice da S\u00famula n. 7\/STJ estritamente para a revalora\u00e7\u00e3o da prova ou de dados explicitamente admitidos e delineados no decis\u00f3rio recorrido \u2013 <strong>Processo sob segredo de justi\u00e7a<\/strong>, julgado em 23\/08\/2022.<\/p>\n\n\n\n<p>&#8211; O reconhecimento da manifesta contrariedade entre o veredito condenat\u00f3rio e as provas dos autos gera a cassa\u00e7\u00e3o da senten\u00e7a e submiss\u00e3o dos r\u00e9us a novo j\u00fari, mas n\u00e3o sua absolvi\u00e7\u00e3o imediata pelos ju\u00edzes togados, na forma do art. 593, \u00a7 3\u00ba, do CPP \u2013 <strong>Processo sob segredo de justi\u00e7a<\/strong>, julgado em 21\/06\/2022.<\/p>\n\n\n\n<p><strong>SEXTA TURMA<\/strong><\/p>\n\n\n\n<p>&#8211; H\u00e1 excesso de prazo para conclus\u00e3o de inqu\u00e9rito policial, quando, a despeito do investigado se encontrar solto e de n\u00e3o sofrer efeitos de qualquer medida restritiva, a investiga\u00e7\u00e3o perdura por longo per\u00edodo e n\u00e3o resta demonstrada a complexidade apta a afastar o constrangimento ilegal \u2013 <strong>HC 653.299-SC<\/strong>, julgado em 16\/08\/2022.<\/p>\n\n\n\n<p>&#8211; Pessoa jur\u00eddica n\u00e3o possui capacidade para celebrar acordo de colabora\u00e7\u00e3o premiada, previsto na Lei n. 12.850\/2013 \u2013 <strong>RHC 154.979-SP<\/strong>, julgado em 09\/08\/2022.<\/p>\n\n\n\n<p>________________________<\/p>\n\n\n\n<p><strong>Rodrigo Costa Rodrigues Leite<\/strong><\/p>\n\n\n\n<p>Coautor do livro \u201cAn\u00e1lise das Diverg\u00eancias Jurisprudenciais no STF e STJ\u201d, Editora Juspodivm. Autor do livro \u201cTombamento \u2013 Vol. 36 \u2013 Cole\u00e7\u00e3o Leis Especiais para Concursos\u201d, Editora Juspodivm. Autor do livro \u201cDesapropria\u00e7\u00e3o \u2013 Vol. 39 \u2013 Cole\u00e7\u00e3o Especiais para Concursos\u201d, Editora Juspodivm. Coautor do livro \u201cSaberes Jurisprudenciais\u201d, Editora Saraiva.&nbsp; Coorganizador do livro \u201cCPC na Jurisprud\u00eancia\u201d, Editora Foco. Especialista em Direito P\u00fablico e Direito Processual Civil. Mestre em Direito Constitucional. Aluno laureado das Turmas 2005.2 da Universidade Potiguar. Professor da P\u00f3s-gradua\u00e7\u00e3o em Direito Civil da Rede Anhaguera-Kroton. M\u00e1ster Universit\u00e1rio em Direito Constitucional pela Universidad Del Pa\u00eds Vasco, San Sebasti\u00e1n, Espanha. Advogado licenciado. Membro do Conselho Editorial da Revista do Poder Judici\u00e1rio do Estado do Rio Grande do Norte \u2013 REPOJURN. Analista Judici\u00e1rio do TJRN. Assessor de Desembargador do TJRN.<\/p>\n","protected":false},"excerpt":{"rendered":"<p>Rodrigo Leite | @rodrigocrleite Canal P\u00edlulas Jur\u00eddicas | STF e STJ https:\/\/t.me\/pilulasjuridicasSTFSTJ PRIMEIRA SE\u00c7\u00c3O &#8211; O esp\u00f3lio possui legitimidade ativa para ajuizar a\u00e7\u00e3o postulando pelo pagamento de repara\u00e7\u00e3o econ\u00f4mica retroativa \u00e0 data da concess\u00e3o de anistia pol\u00edtica, na hip\u00f3tese em que a data do \u00f3bito do anistiado \u00e9 posterior a esta \u2013 MS 28.276-DF, julgado<br \/><a class=\"more-link\" href=\"https:\/\/justicapotiguar.com.br\/index.php\/2022\/09\/12\/informativo-747-do-stj-de-05-de-setembro-de-2022\/\">Mais&#8230;<\/a><\/p>\n","protected":false},"author":5,"featured_media":0,"comment_status":"open","ping_status":"open","sticky":false,"template":"","format":"standard","meta":[],"categories":[1],"tags":[],"_links":{"self":[{"href":"https:\/\/justicapotiguar.com.br\/index.php\/wp-json\/wp\/v2\/posts\/28115"}],"collection":[{"href":"https:\/\/justicapotiguar.com.br\/index.php\/wp-json\/wp\/v2\/posts"}],"about":[{"href":"https:\/\/justicapotiguar.com.br\/index.php\/wp-json\/wp\/v2\/types\/post"}],"author":[{"embeddable":true,"href":"https:\/\/justicapotiguar.com.br\/index.php\/wp-json\/wp\/v2\/users\/5"}],"replies":[{"embeddable":true,"href":"https:\/\/justicapotiguar.com.br\/index.php\/wp-json\/wp\/v2\/comments?post=28115"}],"version-history":[{"count":1,"href":"https:\/\/justicapotiguar.com.br\/index.php\/wp-json\/wp\/v2\/posts\/28115\/revisions"}],"predecessor-version":[{"id":28116,"href":"https:\/\/justicapotiguar.com.br\/index.php\/wp-json\/wp\/v2\/posts\/28115\/revisions\/28116"}],"wp:attachment":[{"href":"https:\/\/justicapotiguar.com.br\/index.php\/wp-json\/wp\/v2\/media?parent=28115"}],"wp:term":[{"taxonomy":"category","embeddable":true,"href":"https:\/\/justicapotiguar.com.br\/index.php\/wp-json\/wp\/v2\/categories?post=28115"},{"taxonomy":"post_tag","embeddable":true,"href":"https:\/\/justicapotiguar.com.br\/index.php\/wp-json\/wp\/v2\/tags?post=28115"}],"curies":[{"name":"wp","href":"https:\/\/api.w.org\/{rel}","templated":true}]}}