{"id":28109,"date":"2022-09-12T08:09:00","date_gmt":"2022-09-12T11:09:00","guid":{"rendered":"https:\/\/justicapotiguar.com.br\/?p=28109"},"modified":"2022-09-11T23:11:47","modified_gmt":"2022-09-12T02:11:47","slug":"piso-da-enfermagem-nunes-marques-se-junta-a-mendonca-e-vota-para-manter-piso-votacao-esta-5-a-2","status":"publish","type":"post","link":"https:\/\/justicapotiguar.com.br\/index.php\/2022\/09\/12\/piso-da-enfermagem-nunes-marques-se-junta-a-mendonca-e-vota-para-manter-piso-votacao-esta-5-a-2\/","title":{"rendered":"PISO DA ENFERMAGEM: Nunes Marques se junta a Mendon\u00e7a e vota para manter piso; vota\u00e7\u00e3o est\u00e1 5 a 2"},"content":{"rendered":"\n<p>O ministro do Supremo Tribunal Federal (STF) Kassio Nunes Marques votou neste domingo, 11, para restabelecer os efeitos da lei que definiu um piso salarial para os profissionais de enfermagem. Ele acompanha a posi\u00e7\u00e3o de Andr\u00e9 Mendon\u00e7a, que foi o primeiro integrante da Corte a se posicionar contra a suspens\u00e3o da medida em julgamento que ocorre no plen\u00e1rio virtual do STF. A vota\u00e7\u00e3o pode ser conclu\u00edda at\u00e9 a quarta-feira (13).<\/p>\n\n\n\n<p>At\u00e9 agora, s\u00e3o cinco votos para manter a lei suspensa, de acordo com a decis\u00e3o liminar j\u00e1 proferida pelo ministro Lu\u00eds Roberto Barroso no \u00faltimo domingo, 4, contra dois votos, os de Mendon\u00e7a e Nunes Marques. Votaram junto a Barroso os ministros Ricardo Lewandowski, Alexandre de Moraes, Dias Toffoli e C\u00e1rmen L\u00facia para suspender a remunera\u00e7\u00e3o m\u00ednima de pouco menos de R$ 5.000 por m\u00eas. Barroso deu dois meses para o Congresso e o Executivo explicarem o impacto financeiro da medida e as fontes de dinheiro para pagar as despesas.<\/p>\n\n\n\n<figure class=\"wp-block-image size-large\"><img loading=\"lazy\" width=\"680\" height=\"457\" src=\"https:\/\/justicapotiguar.com.br\/wp-content\/uploads\/2020\/03\/FA65EBD29964946D6535605479BEB50E71F3_stf-1.jpg\" alt=\"\" class=\"wp-image-7753\" srcset=\"https:\/\/justicapotiguar.com.br\/wp-content\/uploads\/2020\/03\/FA65EBD29964946D6535605479BEB50E71F3_stf-1.jpg 680w, https:\/\/justicapotiguar.com.br\/wp-content\/uploads\/2020\/03\/FA65EBD29964946D6535605479BEB50E71F3_stf-1-300x202.jpg 300w\" sizes=\"(max-width: 680px) 100vw, 680px\" \/><figcaption> Foto: Se\u0301rgio Lima\/Poder 360<\/figcaption><\/figure>\n\n\n\n<p>Nunes Marques adotou linha similar \u00e0 de Mendon\u00e7a e afirmou ser prudente que a Suprema Corte atue em autoconten\u00e7\u00e3o e respeito ao princ\u00edpio da separa\u00e7\u00e3o dos Poderes,<\/p>\n\n\n\n<p>\u201cE, assim, em defer\u00eancia ao amplo debate realizado pelo Congresso Nacional, empreste \u00e0s normas impugnadas, ao menos em cogni\u00e7\u00e3o sum\u00e1ria, respectiva presun\u00e7\u00e3o de constitucionalidade\u201d, disse o ministro, que, como Mendon\u00e7a, foi indicado pelo presidente da Rep\u00fablica, Jair Bolsonaro (PL), para o posto no Supremo.<\/p>\n\n\n\n<p>O magistrado afirmou ainda que, conforme informa\u00e7\u00f5es do Senado Federal e C\u00e2mara dos Deputados, quest\u00f5es relativas ao impacto da medida no mercado de trabalho foram objeto de an\u00e1lise no Congresso.<\/p><div class=\"gkdfs69f5be4289fcd\" ><!--<a href=\"https:\/\/bit.ly\/3QdrqTZ\" target=\"_blank\">\n<img src=\"https:\/\/justicapotiguar.com.br\/wp-content\/uploads\/2023\/09\/mobile-geral.gif\"\/><a\/>--><\/div><style type=\"text\/css\">\r\n.gkdfs69f5be4289fcd {\r\ntext-align: center;\r\n}\r\n@media screen and (min-width: 1201px) {\r\n.gkdfs69f5be4289fcd {\r\ndisplay: none;\r\n}\r\n}\r\n@media screen and (min-width: 993px) and (max-width: 1200px) {\r\n.gkdfs69f5be4289fcd {\r\ndisplay: none;\r\n}\r\n}\r\n@media screen and (min-width: 769px) and (max-width: 992px) {\r\n.gkdfs69f5be4289fcd {\r\ndisplay: none;\r\n}\r\n}\r\n@media screen and (min-width: 768px) and (max-width: 768px) {\r\n.gkdfs69f5be4289fcd {\r\ndisplay: block;\r\n}\r\n}\r\n@media screen and (max-width: 767px) {\r\n.gkdfs69f5be4289fcd {\r\ndisplay: block;\r\n}\r\n}\r\n<\/style>\r\n<div class=\"dxnkl69f5be4289faf\" ><!--<a href=\"https:\/\/bit.ly\/3QdrqTZ\" target=\"_blank\">\n<img src=\"https:\/\/justicapotiguar.com.br\/wp-content\/uploads\/2023\/09\/desktop-geral.gif\"\/><a\/>--><\/div><style type=\"text\/css\">\r\n.dxnkl69f5be4289faf {\r\ntext-align: center;\nmargin-bottom: 1em;\r\n}\r\n@media screen and (min-width: 1201px) {\r\n.dxnkl69f5be4289faf {\r\ndisplay: block;\r\n}\r\n}\r\n@media screen and (min-width: 993px) and (max-width: 1200px) {\r\n.dxnkl69f5be4289faf {\r\ndisplay: block;\r\n}\r\n}\r\n@media screen and (min-width: 769px) and (max-width: 992px) {\r\n.dxnkl69f5be4289faf {\r\ndisplay: block;\r\n}\r\n}\r\n@media screen and (min-width: 768px) and (max-width: 768px) {\r\n.dxnkl69f5be4289faf {\r\ndisplay: none;\r\n}\r\n}\r\n@media screen and (max-width: 767px) {\r\n.dxnkl69f5be4289faf {\r\ndisplay: none;\r\n}\r\n}\r\n<\/style>\r\n\n\n\n\n<p>Ao suspender liminarmente a lei no \u00faltimo dia 4, a pedido da Confedera\u00e7\u00e3o Nacional de Sa\u00fade, Hospitais e Estabelecimentos e Servi\u00e7os (CNSa\u00fade), Barroso foi duramente criticado por parlamentares governistas e oposicionistas, que aprovaram o projeto de lei no Congresso no in\u00edcio de agosto.<\/p>\n\n\n\n<p>O texto foi sancionado por Bolsonaro, que vinha utilizando a medida como forma de angariar votos junto \u00e0 categoria.<\/p>\n\n\n\n<p>Para Barroso, que j\u00e1 foi acompanhado por outros quatro ministros at\u00e9 o momento no julgamento, a lei deve permanecer suspensa at\u00e9 que uma s\u00e9rie de quest\u00f5es sobre impactos financeiros do piso salarial seja esclarecida.<\/p>\n\n\n\n<p>De acordo com o ministro, nas reuni\u00f5es que teve com representantes do Congresso na \u00faltima semana, todos reconheceram a import\u00e2ncia da aloca\u00e7\u00e3o de recursos e registraram o fato de que demiss\u00f5es j\u00e1 vinham ocorrendo por antecipa\u00e7\u00e3o ao in\u00edcio de vig\u00eancia da medida.<\/p>\n\n\n\n<p><strong><em>Estad\u00e3o Conte\u00fado<\/em><\/strong><\/p>\n","protected":false},"excerpt":{"rendered":"<p>O ministro do Supremo Tribunal Federal (STF) Kassio Nunes Marques votou neste domingo, 11, para restabelecer os efeitos da lei que definiu um piso salarial para os profissionais de enfermagem. Ele acompanha a posi\u00e7\u00e3o de Andr\u00e9 Mendon\u00e7a, que foi o primeiro integrante da Corte a se posicionar contra a suspens\u00e3o da medida em julgamento que<br \/><a class=\"more-link\" href=\"https:\/\/justicapotiguar.com.br\/index.php\/2022\/09\/12\/piso-da-enfermagem-nunes-marques-se-junta-a-mendonca-e-vota-para-manter-piso-votacao-esta-5-a-2\/\">Mais&#8230;<\/a><\/p>\n","protected":false},"author":5,"featured_media":0,"comment_status":"open","ping_status":"open","sticky":false,"template":"","format":"standard","meta":[],"categories":[1],"tags":[],"_links":{"self":[{"href":"https:\/\/justicapotiguar.com.br\/index.php\/wp-json\/wp\/v2\/posts\/28109"}],"collection":[{"href":"https:\/\/justicapotiguar.com.br\/index.php\/wp-json\/wp\/v2\/posts"}],"about":[{"href":"https:\/\/justicapotiguar.com.br\/index.php\/wp-json\/wp\/v2\/types\/post"}],"author":[{"embeddable":true,"href":"https:\/\/justicapotiguar.com.br\/index.php\/wp-json\/wp\/v2\/users\/5"}],"replies":[{"embeddable":true,"href":"https:\/\/justicapotiguar.com.br\/index.php\/wp-json\/wp\/v2\/comments?post=28109"}],"version-history":[{"count":1,"href":"https:\/\/justicapotiguar.com.br\/index.php\/wp-json\/wp\/v2\/posts\/28109\/revisions"}],"predecessor-version":[{"id":28110,"href":"https:\/\/justicapotiguar.com.br\/index.php\/wp-json\/wp\/v2\/posts\/28109\/revisions\/28110"}],"wp:attachment":[{"href":"https:\/\/justicapotiguar.com.br\/index.php\/wp-json\/wp\/v2\/media?parent=28109"}],"wp:term":[{"taxonomy":"category","embeddable":true,"href":"https:\/\/justicapotiguar.com.br\/index.php\/wp-json\/wp\/v2\/categories?post=28109"},{"taxonomy":"post_tag","embeddable":true,"href":"https:\/\/justicapotiguar.com.br\/index.php\/wp-json\/wp\/v2\/tags?post=28109"}],"curies":[{"name":"wp","href":"https:\/\/api.w.org\/{rel}","templated":true}]}}