{"id":28105,"date":"2022-09-11T09:52:13","date_gmt":"2022-09-11T12:52:13","guid":{"rendered":"https:\/\/justicapotiguar.com.br\/?p=28105"},"modified":"2022-09-11T09:52:13","modified_gmt":"2022-09-11T12:52:13","slug":"tse-proibe-bolsonaro-de-usar-imagens-do-7-9-em-propagandas-eleitorais","status":"publish","type":"post","link":"https:\/\/justicapotiguar.com.br\/index.php\/2022\/09\/11\/tse-proibe-bolsonaro-de-usar-imagens-do-7-9-em-propagandas-eleitorais\/","title":{"rendered":"TSE pro\u00edbe Bolsonaro de usar imagens do 7\/9 em propagandas eleitorais"},"content":{"rendered":"\n<figure class=\"wp-block-image size-large\"><img loading=\"lazy\" width=\"450\" height=\"337\" src=\"https:\/\/justicapotiguar.com.br\/wp-content\/uploads\/2022\/09\/jair-bolsonaro-discursa-em-brasilia-ao-lado-da-esposa-michelle-1662561769212_v2_450x337.png.jpeg\" alt=\"\" class=\"wp-image-28106\" srcset=\"https:\/\/justicapotiguar.com.br\/wp-content\/uploads\/2022\/09\/jair-bolsonaro-discursa-em-brasilia-ao-lado-da-esposa-michelle-1662561769212_v2_450x337.png.jpeg 450w, https:\/\/justicapotiguar.com.br\/wp-content\/uploads\/2022\/09\/jair-bolsonaro-discursa-em-brasilia-ao-lado-da-esposa-michelle-1662561769212_v2_450x337.png-300x225.jpeg 300w\" sizes=\"(max-width: 450px) 100vw, 450px\" \/><figcaption>Reprodu\u00e7\u00e3o<\/figcaption><\/figure>\n\n\n\n<p>O ministro do TSE (Tribunal Superior Eleitoral) Benedito Gon\u00e7alves proibiu no s\u00e1bado (10) que o presidente&nbsp;<a href=\"https:\/\/noticias.uol.com.br\/politica\/governo-bolsonaro\/\">Jair Bolsonaro<\/a>&nbsp;(PL) e o candidato a vice na campanha bolsonarista, Braga Netto (PL), usem nas propagandas eleitorais, em todos os meios, as imagens capturadas durante os eventos oficiais no feriado de 7 de Setembro, que comemorou o bicenten\u00e1rio da Independ\u00eancia do Brasil.<\/p>\n\n\n\n<p>A decis\u00e3o acolheu parcialmente o pedido Coliga\u00e7\u00e3o Brasil da Esperan\u00e7a, que tem como candidato o ex-presidente\u00a0<a href=\"https:\/\/noticias.uol.com.br\/politica\/lula\/\">Luiz In\u00e1cio Lula da Silva<\/a>\u00a0e \u00e9 composta pelos partidos PT, PV, PCdoB, PSOL, REDE, PSB, Solidariedade, Avante, Agir e Pros. Al\u00e9m de Bolsonaro e Braga Netto, s\u00e3o citados outros nomes que estavam no evento, como o atual vice-presidente e candidato ao Senado pelo Rio Grande do Sul, Hamilton Mour\u00e3o (Republicanos), o pastor Silas Malafaia e o empres\u00e1rio Luciano Hang.<\/p>\n\n\n\n<p>A representa\u00e7\u00e3o protocolada pela campanha de Lula acusou os representados de pr\u00e1tica de abuso de poder pol\u00edtico e econ\u00f4mico e uso indevido dos meios de comunica\u00e7\u00e3o.<\/p>\n\n\n\n<p>A coliga\u00e7\u00e3o argumentou que o desfile&nbsp;c\u00edvico-militar&nbsp;na Esplanada dos Minist\u00e9rios custou mais de R$ 3 milh\u00f5es de recursos p\u00fablicos e serviu para promover a imagem e a candidatura de Bolsonaro.<\/p><div class=\"lfkhu69f5c1aaa2947\" ><!--<a href=\"https:\/\/bit.ly\/3QdrqTZ\" target=\"_blank\">\n<img src=\"https:\/\/justicapotiguar.com.br\/wp-content\/uploads\/2023\/09\/mobile-geral.gif\"\/><a\/>--><\/div><style type=\"text\/css\">\r\n.lfkhu69f5c1aaa2947 {\r\ntext-align: center;\r\n}\r\n@media screen and (min-width: 1201px) {\r\n.lfkhu69f5c1aaa2947 {\r\ndisplay: none;\r\n}\r\n}\r\n@media screen and (min-width: 993px) and (max-width: 1200px) {\r\n.lfkhu69f5c1aaa2947 {\r\ndisplay: none;\r\n}\r\n}\r\n@media screen and (min-width: 769px) and (max-width: 992px) {\r\n.lfkhu69f5c1aaa2947 {\r\ndisplay: none;\r\n}\r\n}\r\n@media screen and (min-width: 768px) and (max-width: 768px) {\r\n.lfkhu69f5c1aaa2947 {\r\ndisplay: block;\r\n}\r\n}\r\n@media screen and (max-width: 767px) {\r\n.lfkhu69f5c1aaa2947 {\r\ndisplay: block;\r\n}\r\n}\r\n<\/style>\r\n<div class=\"yyluj69f5c1aaa2933\" ><!--<a href=\"https:\/\/bit.ly\/3QdrqTZ\" target=\"_blank\">\n<img src=\"https:\/\/justicapotiguar.com.br\/wp-content\/uploads\/2023\/09\/desktop-geral.gif\"\/><a\/>--><\/div><style type=\"text\/css\">\r\n.yyluj69f5c1aaa2933 {\r\ntext-align: center;\nmargin-bottom: 1em;\r\n}\r\n@media screen and (min-width: 1201px) {\r\n.yyluj69f5c1aaa2933 {\r\ndisplay: block;\r\n}\r\n}\r\n@media screen and (min-width: 993px) and (max-width: 1200px) {\r\n.yyluj69f5c1aaa2933 {\r\ndisplay: block;\r\n}\r\n}\r\n@media screen and (min-width: 769px) and (max-width: 992px) {\r\n.yyluj69f5c1aaa2933 {\r\ndisplay: block;\r\n}\r\n}\r\n@media screen and (min-width: 768px) and (max-width: 768px) {\r\n.yyluj69f5c1aaa2933 {\r\ndisplay: none;\r\n}\r\n}\r\n@media screen and (max-width: 767px) {\r\n.yyluj69f5c1aaa2933 {\r\ndisplay: none;\r\n}\r\n}\r\n<\/style>\r\n\n\n\n\n<p>O ministro, que assumiu anteontem como corregedor-geral eleitoral, ainda exigiu que Bolsonaro e Braga Netto n\u00e3o produzam novos conte\u00fados com as imagens obtidas no feriado e determinou que as pe\u00e7as veiculadas n\u00e3o sejam mais reproduzidas no prazo de 24 horas. O descumprimento da decis\u00e3o \u00e9 pass\u00edvel de multa di\u00e1ria de R$ 10 mil.<\/p>\n\n\n\n<p>De fato, o uso de imagens da celebra\u00e7\u00e3o oficial na propaganda eleitoral \u00e9 tendente a ferir a isonomia, pois utiliza a atua\u00e7\u00e3o do Chefe de Estado, em ocasi\u00e3o inacess\u00edvel a qualquer dos demais competidores, para projetar a imagem do candidato e fazer crer que a presen\u00e7a de milhares de pessoas na Esplanada dos Minist\u00e9rios, com a finalidade de comemorar a data c\u00edvica, seria fruto de mobiliza\u00e7\u00e3o eleitoral em apoio ao candidato \u00e0 reelei\u00e7\u00e3o.&#8221;<\/p>\n\n\n\n<p>UOL<\/p>\n","protected":false},"excerpt":{"rendered":"<p>O ministro do TSE (Tribunal Superior Eleitoral) Benedito Gon\u00e7alves proibiu no s\u00e1bado (10) que o presidente&nbsp;Jair Bolsonaro&nbsp;(PL) e o candidato a vice na campanha bolsonarista, Braga Netto (PL), usem nas propagandas eleitorais, em todos os meios, as imagens capturadas durante os eventos oficiais no feriado de 7 de Setembro, que comemorou o bicenten\u00e1rio da Independ\u00eancia<br \/><a class=\"more-link\" href=\"https:\/\/justicapotiguar.com.br\/index.php\/2022\/09\/11\/tse-proibe-bolsonaro-de-usar-imagens-do-7-9-em-propagandas-eleitorais\/\">Mais&#8230;<\/a><\/p>\n","protected":false},"author":5,"featured_media":0,"comment_status":"open","ping_status":"open","sticky":false,"template":"","format":"standard","meta":[],"categories":[1],"tags":[],"_links":{"self":[{"href":"https:\/\/justicapotiguar.com.br\/index.php\/wp-json\/wp\/v2\/posts\/28105"}],"collection":[{"href":"https:\/\/justicapotiguar.com.br\/index.php\/wp-json\/wp\/v2\/posts"}],"about":[{"href":"https:\/\/justicapotiguar.com.br\/index.php\/wp-json\/wp\/v2\/types\/post"}],"author":[{"embeddable":true,"href":"https:\/\/justicapotiguar.com.br\/index.php\/wp-json\/wp\/v2\/users\/5"}],"replies":[{"embeddable":true,"href":"https:\/\/justicapotiguar.com.br\/index.php\/wp-json\/wp\/v2\/comments?post=28105"}],"version-history":[{"count":1,"href":"https:\/\/justicapotiguar.com.br\/index.php\/wp-json\/wp\/v2\/posts\/28105\/revisions"}],"predecessor-version":[{"id":28107,"href":"https:\/\/justicapotiguar.com.br\/index.php\/wp-json\/wp\/v2\/posts\/28105\/revisions\/28107"}],"wp:attachment":[{"href":"https:\/\/justicapotiguar.com.br\/index.php\/wp-json\/wp\/v2\/media?parent=28105"}],"wp:term":[{"taxonomy":"category","embeddable":true,"href":"https:\/\/justicapotiguar.com.br\/index.php\/wp-json\/wp\/v2\/categories?post=28105"},{"taxonomy":"post_tag","embeddable":true,"href":"https:\/\/justicapotiguar.com.br\/index.php\/wp-json\/wp\/v2\/tags?post=28105"}],"curies":[{"name":"wp","href":"https:\/\/api.w.org\/{rel}","templated":true}]}}