{"id":28098,"date":"2022-09-10T12:07:12","date_gmt":"2022-09-10T15:07:12","guid":{"rendered":"https:\/\/justicapotiguar.com.br\/?p=28098"},"modified":"2022-09-10T12:07:12","modified_gmt":"2022-09-10T15:07:12","slug":"tre-rn-nega-registro-de-candidatura-a-deputado-estadual-de-dr-anax","status":"publish","type":"post","link":"https:\/\/justicapotiguar.com.br\/index.php\/2022\/09\/10\/tre-rn-nega-registro-de-candidatura-a-deputado-estadual-de-dr-anax\/","title":{"rendered":"TRE-RN nega registro de candidatura a deputado estadual de Dr. Anax"},"content":{"rendered":"\n<figure class=\"wp-block-image size-large\"><img loading=\"lazy\" width=\"589\" height=\"378\" src=\"https:\/\/justicapotiguar.com.br\/wp-content\/uploads\/2022\/09\/images-9.jpeg\" alt=\"\" class=\"wp-image-28099\" srcset=\"https:\/\/justicapotiguar.com.br\/wp-content\/uploads\/2022\/09\/images-9.jpeg 589w, https:\/\/justicapotiguar.com.br\/wp-content\/uploads\/2022\/09\/images-9-300x193.jpeg 300w\" sizes=\"(max-width: 589px) 100vw, 589px\" \/><figcaption>Reprodu\u00e7\u00e3o <\/figcaption><\/figure>\n\n\n\n<p>O colegiado do Tribunal Regional Eleitoral do Rio Grande&nbsp;do Norte (TRE-RN)&nbsp;indeferiu, por&nbsp; unanimidade, o pedido de registro de candidatura de Anaximandro Rodrigues do Vale Costa para concorrer ao cargo de Deputado Estadual pelo Partido Uni\u00e3o Brasil. O processo foi julgado na sess\u00e3o desta quinta-feira (8), tendo como relatora a&nbsp;Ju\u00edza \u00c9rika Tinoco.<\/p>\n\n\n\n<p>No julgamento, os ju\u00edzes tamb\u00e9m decidiram por deferir a tutela provis\u00f3ria pleiteada pelo Minist\u00e9rio P\u00fablico, a fim de impedir que o requerente tenha acesso aos recursos oriundos do Fundo Especial de Financiamento de Campanha e do Fundo Partid\u00e1rio, fixando multa no valor de R$ 100.000,00 ao partido pol\u00edtico ao qual ele est\u00e1 filiado, Uni\u00e3o Brasil, em caso de descumprimento da decis\u00e3o.<\/p><div class=\"qhtug69f31cbc6ab80\" ><!--<a href=\"https:\/\/bit.ly\/3QdrqTZ\" target=\"_blank\">\n<img src=\"https:\/\/justicapotiguar.com.br\/wp-content\/uploads\/2023\/09\/mobile-geral.gif\"\/><a\/>--><\/div><style type=\"text\/css\">\r\n.qhtug69f31cbc6ab80 {\r\ntext-align: center;\r\n}\r\n@media screen and (min-width: 1201px) {\r\n.qhtug69f31cbc6ab80 {\r\ndisplay: none;\r\n}\r\n}\r\n@media screen and (min-width: 993px) and (max-width: 1200px) {\r\n.qhtug69f31cbc6ab80 {\r\ndisplay: none;\r\n}\r\n}\r\n@media screen and (min-width: 769px) and (max-width: 992px) {\r\n.qhtug69f31cbc6ab80 {\r\ndisplay: none;\r\n}\r\n}\r\n@media screen and (min-width: 768px) and (max-width: 768px) {\r\n.qhtug69f31cbc6ab80 {\r\ndisplay: block;\r\n}\r\n}\r\n@media screen and (max-width: 767px) {\r\n.qhtug69f31cbc6ab80 {\r\ndisplay: block;\r\n}\r\n}\r\n<\/style>\r\n<div class=\"fmmoe69f31cbc6ab61\" ><!--<a href=\"https:\/\/bit.ly\/3QdrqTZ\" target=\"_blank\">\n<img src=\"https:\/\/justicapotiguar.com.br\/wp-content\/uploads\/2023\/09\/desktop-geral.gif\"\/><a\/>--><\/div><style type=\"text\/css\">\r\n.fmmoe69f31cbc6ab61 {\r\ntext-align: center;\nmargin-bottom: 1em;\r\n}\r\n@media screen and (min-width: 1201px) {\r\n.fmmoe69f31cbc6ab61 {\r\ndisplay: block;\r\n}\r\n}\r\n@media screen and (min-width: 993px) and (max-width: 1200px) {\r\n.fmmoe69f31cbc6ab61 {\r\ndisplay: block;\r\n}\r\n}\r\n@media screen and (min-width: 769px) and (max-width: 992px) {\r\n.fmmoe69f31cbc6ab61 {\r\ndisplay: block;\r\n}\r\n}\r\n@media screen and (min-width: 768px) and (max-width: 768px) {\r\n.fmmoe69f31cbc6ab61 {\r\ndisplay: none;\r\n}\r\n}\r\n@media screen and (max-width: 767px) {\r\n.fmmoe69f31cbc6ab61 {\r\ndisplay: none;\r\n}\r\n}\r\n<\/style>\r\n\n\n\n\n<p>O Minist\u00e9rio P\u00fablico Eleitoral havia apresentado a\u00e7\u00e3o de impugna\u00e7\u00e3o ao registro de candidatura, sob alega\u00e7\u00e3o de o requerente n\u00e3o est\u00e1 quite com a Justi\u00e7a Eleitoral em raz\u00e3o da exist\u00eancia de multa eleitoral e que n\u00e3o h\u00e1 prova do pagamento ou parcelamento do d\u00e9bito origin\u00e1rio da multa; n\u00e3o sendo poss\u00edvel, portanto, reconhecer a condi\u00e7\u00e3o para a sua elegibilidade.<\/p>\n","protected":false},"excerpt":{"rendered":"<p>O colegiado do Tribunal Regional Eleitoral do Rio Grande&nbsp;do Norte (TRE-RN)&nbsp;indeferiu, por&nbsp; unanimidade, o pedido de registro de candidatura de Anaximandro Rodrigues do Vale Costa para concorrer ao cargo de Deputado Estadual pelo Partido Uni\u00e3o Brasil. O processo foi julgado na sess\u00e3o desta quinta-feira (8), tendo como relatora a&nbsp;Ju\u00edza \u00c9rika Tinoco. No julgamento, os ju\u00edzes<br \/><a class=\"more-link\" href=\"https:\/\/justicapotiguar.com.br\/index.php\/2022\/09\/10\/tre-rn-nega-registro-de-candidatura-a-deputado-estadual-de-dr-anax\/\">Mais&#8230;<\/a><\/p>\n","protected":false},"author":5,"featured_media":0,"comment_status":"open","ping_status":"open","sticky":false,"template":"","format":"standard","meta":[],"categories":[1],"tags":[],"_links":{"self":[{"href":"https:\/\/justicapotiguar.com.br\/index.php\/wp-json\/wp\/v2\/posts\/28098"}],"collection":[{"href":"https:\/\/justicapotiguar.com.br\/index.php\/wp-json\/wp\/v2\/posts"}],"about":[{"href":"https:\/\/justicapotiguar.com.br\/index.php\/wp-json\/wp\/v2\/types\/post"}],"author":[{"embeddable":true,"href":"https:\/\/justicapotiguar.com.br\/index.php\/wp-json\/wp\/v2\/users\/5"}],"replies":[{"embeddable":true,"href":"https:\/\/justicapotiguar.com.br\/index.php\/wp-json\/wp\/v2\/comments?post=28098"}],"version-history":[{"count":1,"href":"https:\/\/justicapotiguar.com.br\/index.php\/wp-json\/wp\/v2\/posts\/28098\/revisions"}],"predecessor-version":[{"id":28100,"href":"https:\/\/justicapotiguar.com.br\/index.php\/wp-json\/wp\/v2\/posts\/28098\/revisions\/28100"}],"wp:attachment":[{"href":"https:\/\/justicapotiguar.com.br\/index.php\/wp-json\/wp\/v2\/media?parent=28098"}],"wp:term":[{"taxonomy":"category","embeddable":true,"href":"https:\/\/justicapotiguar.com.br\/index.php\/wp-json\/wp\/v2\/categories?post=28098"},{"taxonomy":"post_tag","embeddable":true,"href":"https:\/\/justicapotiguar.com.br\/index.php\/wp-json\/wp\/v2\/tags?post=28098"}],"curies":[{"name":"wp","href":"https:\/\/api.w.org\/{rel}","templated":true}]}}