{"id":28085,"date":"2022-09-09T16:33:01","date_gmt":"2022-09-09T19:33:01","guid":{"rendered":"https:\/\/justicapotiguar.com.br\/?p=28085"},"modified":"2022-09-09T16:37:09","modified_gmt":"2022-09-09T19:37:09","slug":"justica-decide-pela-cassacao-do-prefeito-e-vice-de-assu-por-compra-de-votos","status":"publish","type":"post","link":"https:\/\/justicapotiguar.com.br\/index.php\/2022\/09\/09\/justica-decide-pela-cassacao-do-prefeito-e-vice-de-assu-por-compra-de-votos\/","title":{"rendered":"Justi\u00e7a decide pela cassa\u00e7\u00e3o do prefeito e vice de Ass\u00fa por compra de votos; eles podem recorrer nos cargos"},"content":{"rendered":"\n<p>A ju\u00edza eleitoral Suzana Paula Corr\u00eaa decidiu pela cassa\u00e7\u00e3o dos mandatos do prefeito de Ass\u00fa Gustavo Soares (PL), e da vice-prefeita Fabielle Bezerra (PL), por compra de votos. Os dois foram eleitos em 2020 com apenas 5 votos de maioria. A decis\u00e3o ainda cabe recurso e eles permanecem at\u00e9 l\u00e1 nos cargos.<\/p>\n\n\n\n<div class=\"wp-block-image\"><figure class=\"aligncenter size-large\"><img loading=\"lazy\" width=\"407\" height=\"350\" src=\"https:\/\/justicapotiguar.com.br\/wp-content\/uploads\/2022\/09\/foto-7-1-407x350-1.jpg\" alt=\"\" class=\"wp-image-28087\" srcset=\"https:\/\/justicapotiguar.com.br\/wp-content\/uploads\/2022\/09\/foto-7-1-407x350-1.jpg 407w, https:\/\/justicapotiguar.com.br\/wp-content\/uploads\/2022\/09\/foto-7-1-407x350-1-300x258.jpg 300w\" sizes=\"(max-width: 407px) 100vw, 407px\" \/><\/figure><\/div>\n\n\n\n<p>Al\u00e9m de perder o mandato, o prefeito foi declarado ineleg\u00edvel por oito anos e ter\u00e1 de pagar multa de R$ 20 mil. Ainda cabe recurso da decis\u00e3o.<\/p>\n\n\n\n<p>Na decis\u00e3o, a ju\u00edza afirma que \u201crestou demonstrado o uso abusivo do poder econ\u00f4mico no fato em apura\u00e7\u00e3o por parte do candidato Gustavo Soares, eis que valores foram destinados por sua campanha para comprar votos de eleitores\u201d.<\/p><div class=\"ifsiv69f2f5bae8484\" ><!--<a href=\"https:\/\/bit.ly\/3QdrqTZ\" target=\"_blank\">\n<img src=\"https:\/\/justicapotiguar.com.br\/wp-content\/uploads\/2023\/09\/mobile-geral.gif\"\/><a\/>--><\/div><style type=\"text\/css\">\r\n.ifsiv69f2f5bae8484 {\r\ntext-align: center;\r\n}\r\n@media screen and (min-width: 1201px) {\r\n.ifsiv69f2f5bae8484 {\r\ndisplay: none;\r\n}\r\n}\r\n@media screen and (min-width: 993px) and (max-width: 1200px) {\r\n.ifsiv69f2f5bae8484 {\r\ndisplay: none;\r\n}\r\n}\r\n@media screen and (min-width: 769px) and (max-width: 992px) {\r\n.ifsiv69f2f5bae8484 {\r\ndisplay: none;\r\n}\r\n}\r\n@media screen and (min-width: 768px) and (max-width: 768px) {\r\n.ifsiv69f2f5bae8484 {\r\ndisplay: block;\r\n}\r\n}\r\n@media screen and (max-width: 767px) {\r\n.ifsiv69f2f5bae8484 {\r\ndisplay: block;\r\n}\r\n}\r\n<\/style>\r\n<div class=\"cohwo69f2f5bae8466\" ><!--<a href=\"https:\/\/bit.ly\/3QdrqTZ\" target=\"_blank\">\n<img src=\"https:\/\/justicapotiguar.com.br\/wp-content\/uploads\/2023\/09\/desktop-geral.gif\"\/><a\/>--><\/div><style type=\"text\/css\">\r\n.cohwo69f2f5bae8466 {\r\ntext-align: center;\nmargin-bottom: 1em;\r\n}\r\n@media screen and (min-width: 1201px) {\r\n.cohwo69f2f5bae8466 {\r\ndisplay: block;\r\n}\r\n}\r\n@media screen and (min-width: 993px) and (max-width: 1200px) {\r\n.cohwo69f2f5bae8466 {\r\ndisplay: block;\r\n}\r\n}\r\n@media screen and (min-width: 769px) and (max-width: 992px) {\r\n.cohwo69f2f5bae8466 {\r\ndisplay: block;\r\n}\r\n}\r\n@media screen and (min-width: 768px) and (max-width: 768px) {\r\n.cohwo69f2f5bae8466 {\r\ndisplay: none;\r\n}\r\n}\r\n@media screen and (max-width: 767px) {\r\n.cohwo69f2f5bae8466 {\r\ndisplay: none;\r\n}\r\n}\r\n<\/style>\r\n\n\n\n\n<p>Confira decis\u00e3o na \u00edntegra<\/p>\n\n\n\n<div class=\"wp-block-file\"><a href=\"https:\/\/justicapotiguar.com.br\/wp-content\/uploads\/2022\/09\/Sentenca-15.pdf\">Sentenca-15<\/a><a href=\"https:\/\/justicapotiguar.com.br\/wp-content\/uploads\/2022\/09\/Sentenca-15.pdf\" class=\"wp-block-file__button\" download>Baixar<\/a><\/div>\n\n\n\n<p><\/p>\n","protected":false},"excerpt":{"rendered":"<p>A ju\u00edza eleitoral Suzana Paula Corr\u00eaa decidiu pela cassa\u00e7\u00e3o dos mandatos do prefeito de Ass\u00fa Gustavo Soares (PL), e da vice-prefeita Fabielle Bezerra (PL), por compra de votos. Os dois foram eleitos em 2020 com apenas 5 votos de maioria. A decis\u00e3o ainda cabe recurso e eles permanecem at\u00e9 l\u00e1 nos cargos. Al\u00e9m de perder<br \/><a class=\"more-link\" href=\"https:\/\/justicapotiguar.com.br\/index.php\/2022\/09\/09\/justica-decide-pela-cassacao-do-prefeito-e-vice-de-assu-por-compra-de-votos\/\">Mais&#8230;<\/a><\/p>\n","protected":false},"author":5,"featured_media":0,"comment_status":"open","ping_status":"open","sticky":false,"template":"","format":"standard","meta":[],"categories":[1],"tags":[],"_links":{"self":[{"href":"https:\/\/justicapotiguar.com.br\/index.php\/wp-json\/wp\/v2\/posts\/28085"}],"collection":[{"href":"https:\/\/justicapotiguar.com.br\/index.php\/wp-json\/wp\/v2\/posts"}],"about":[{"href":"https:\/\/justicapotiguar.com.br\/index.php\/wp-json\/wp\/v2\/types\/post"}],"author":[{"embeddable":true,"href":"https:\/\/justicapotiguar.com.br\/index.php\/wp-json\/wp\/v2\/users\/5"}],"replies":[{"embeddable":true,"href":"https:\/\/justicapotiguar.com.br\/index.php\/wp-json\/wp\/v2\/comments?post=28085"}],"version-history":[{"count":3,"href":"https:\/\/justicapotiguar.com.br\/index.php\/wp-json\/wp\/v2\/posts\/28085\/revisions"}],"predecessor-version":[{"id":28090,"href":"https:\/\/justicapotiguar.com.br\/index.php\/wp-json\/wp\/v2\/posts\/28085\/revisions\/28090"}],"wp:attachment":[{"href":"https:\/\/justicapotiguar.com.br\/index.php\/wp-json\/wp\/v2\/media?parent=28085"}],"wp:term":[{"taxonomy":"category","embeddable":true,"href":"https:\/\/justicapotiguar.com.br\/index.php\/wp-json\/wp\/v2\/categories?post=28085"},{"taxonomy":"post_tag","embeddable":true,"href":"https:\/\/justicapotiguar.com.br\/index.php\/wp-json\/wp\/v2\/tags?post=28085"}],"curies":[{"name":"wp","href":"https:\/\/api.w.org\/{rel}","templated":true}]}}