{"id":28038,"date":"2022-09-06T15:17:23","date_gmt":"2022-09-06T18:17:23","guid":{"rendered":"https:\/\/justicapotiguar.com.br\/?p=28038"},"modified":"2022-09-06T15:17:23","modified_gmt":"2022-09-06T18:17:23","slug":"pode-issoadvogado-pede-condenacao-de-raul-seixas-por-morte-de-principe-em-acidente-aereo-em-2009","status":"publish","type":"post","link":"https:\/\/justicapotiguar.com.br\/index.php\/2022\/09\/06\/pode-issoadvogado-pede-condenacao-de-raul-seixas-por-morte-de-principe-em-acidente-aereo-em-2009\/","title":{"rendered":"PODE ISSO?Advogado pede condena\u00e7\u00e3o de Raul Seixas por morte de &#8220;pr\u00edncipe&#8221; em acidente a\u00e9reo em 2009"},"content":{"rendered":"\n<p>Um advogado e m\u00fasico acionou a Justi\u00e7a paranaense para pedir a condena\u00e7\u00e3o do falecido cantor e multi-instrumentista Raul Seixas pelo homic\u00eddio qualificado do&nbsp;descendente da fam\u00edlia real&nbsp;Pedro Lu\u00eds de Orl\u00e9ans e Bragan\u00e7a, v\u00edtima de um acidente a\u00e9reo em 2009.<\/p>\n\n\n\n<figure class=\"wp-block-image\"><img src=\"https:\/\/www.conjur.com.br\/img\/b\/raul-seixas-240920121.jpeg\" alt=\"\"\/><figcaption>Raul Seixas morreu em 1989; advogado pede cita\u00e7\u00e3o espiritual pela ma\u00e7onaria<\/figcaption><\/figure>\n\n\n\n<p>Na peti\u00e7\u00e3o, enviada \u00e0 Vara Criminal de Marechal C\u00e2ndido Rondon (PR) na \u00faltima sexta-feira (2\/9), o advogado pede que a ma\u00e7onaria promova a cita\u00e7\u00e3o de Raul no &#8220;plano espiritual correspondente&#8221;.<\/p>\n\n\n\n<p>O autor se diz descendente de um bar\u00e3o,&nbsp;engenheiro alem\u00e3o de fam\u00edlia nobre que morou no Brasil no s\u00e9culo XIX. Ele conta que fez sua inscri\u00e7\u00e3o profissional como m\u00fasico baterista em 2002 e recebeu o n\u00famero 1989.<\/p>\n\n\n\n<p>Raul Seixas morreu em 1989. Pouco antes, naquele mesmo ano, o cantor fez um show em Ponta Grossa (PR), local de nascimento do autor. Segundo o advogado, existem duas fotos originais desta apresenta\u00e7\u00e3o&nbsp;e uma delas \u00e9 sua.<\/p><div class=\"yltsz69f374ba58237\" ><!--<a href=\"https:\/\/bit.ly\/3QdrqTZ\" target=\"_blank\">\n<img src=\"https:\/\/justicapotiguar.com.br\/wp-content\/uploads\/2023\/09\/mobile-geral.gif\"\/><a\/>--><\/div><style type=\"text\/css\">\r\n.yltsz69f374ba58237 {\r\ntext-align: center;\r\n}\r\n@media screen and (min-width: 1201px) {\r\n.yltsz69f374ba58237 {\r\ndisplay: none;\r\n}\r\n}\r\n@media screen and (min-width: 993px) and (max-width: 1200px) {\r\n.yltsz69f374ba58237 {\r\ndisplay: none;\r\n}\r\n}\r\n@media screen and (min-width: 769px) and (max-width: 992px) {\r\n.yltsz69f374ba58237 {\r\ndisplay: none;\r\n}\r\n}\r\n@media screen and (min-width: 768px) and (max-width: 768px) {\r\n.yltsz69f374ba58237 {\r\ndisplay: block;\r\n}\r\n}\r\n@media screen and (max-width: 767px) {\r\n.yltsz69f374ba58237 {\r\ndisplay: block;\r\n}\r\n}\r\n<\/style>\r\n<div class=\"eihgb69f374ba58219\" ><!--<a href=\"https:\/\/bit.ly\/3QdrqTZ\" target=\"_blank\">\n<img src=\"https:\/\/justicapotiguar.com.br\/wp-content\/uploads\/2023\/09\/desktop-geral.gif\"\/><a\/>--><\/div><style type=\"text\/css\">\r\n.eihgb69f374ba58219 {\r\ntext-align: center;\nmargin-bottom: 1em;\r\n}\r\n@media screen and (min-width: 1201px) {\r\n.eihgb69f374ba58219 {\r\ndisplay: block;\r\n}\r\n}\r\n@media screen and (min-width: 993px) and (max-width: 1200px) {\r\n.eihgb69f374ba58219 {\r\ndisplay: block;\r\n}\r\n}\r\n@media screen and (min-width: 769px) and (max-width: 992px) {\r\n.eihgb69f374ba58219 {\r\ndisplay: block;\r\n}\r\n}\r\n@media screen and (min-width: 768px) and (max-width: 768px) {\r\n.eihgb69f374ba58219 {\r\ndisplay: none;\r\n}\r\n}\r\n@media screen and (max-width: 767px) {\r\n.eihgb69f374ba58219 {\r\ndisplay: none;\r\n}\r\n}\r\n<\/style>\r\n\n\n\n\n<p>Em seguida, o autor lembra que, em 2009 um avi\u00e3o da&nbsp;companhia francesa Air France,&nbsp;com destino a Paris (voo 447), caiu&nbsp;no oceano Atl\u00e2ntico e deixou mais de 200 v\u00edtimas. Dentre elas estava o brasileiro&nbsp;Pedro Lu\u00eds, descendente de Dom Pedro II.<\/p>\n\n\n\n<p>&#8220;N\u00e3o tenho a menor d\u00favida que foi o Raul Seixas que matou o pr\u00edncipe&#8221;, diz a peti\u00e7\u00e3o. O&nbsp;advogado alega que chegou a essa conclus\u00e3o porque \u00e9 conselheiro, secret\u00e1rio e membro da diretoria da&nbsp;Ordem dos M\u00fasicos do Paran\u00e1.<\/p>\n\n\n\n<p>A a\u00e7\u00e3o foi ajuizada em\u00a0Marechal C\u00e2ndido Rondon porque Raul Seixas se apresentou na cidade em 1976. De acordo com o autor, a jurisdi\u00e7\u00e3o poderia ser qualquer cidade em que o m\u00fasico j\u00e1 tenha feito algum show.<\/p>\n\n\n\n<p>Conjur<\/p>\n","protected":false},"excerpt":{"rendered":"<p>Um advogado e m\u00fasico acionou a Justi\u00e7a paranaense para pedir a condena\u00e7\u00e3o do falecido cantor e multi-instrumentista Raul Seixas pelo homic\u00eddio qualificado do&nbsp;descendente da fam\u00edlia real&nbsp;Pedro Lu\u00eds de Orl\u00e9ans e Bragan\u00e7a, v\u00edtima de um acidente a\u00e9reo em 2009. Na peti\u00e7\u00e3o, enviada \u00e0 Vara Criminal de Marechal C\u00e2ndido Rondon (PR) na \u00faltima sexta-feira (2\/9), o advogado<br \/><a class=\"more-link\" href=\"https:\/\/justicapotiguar.com.br\/index.php\/2022\/09\/06\/pode-issoadvogado-pede-condenacao-de-raul-seixas-por-morte-de-principe-em-acidente-aereo-em-2009\/\">Mais&#8230;<\/a><\/p>\n","protected":false},"author":5,"featured_media":0,"comment_status":"open","ping_status":"open","sticky":false,"template":"","format":"standard","meta":[],"categories":[1],"tags":[],"_links":{"self":[{"href":"https:\/\/justicapotiguar.com.br\/index.php\/wp-json\/wp\/v2\/posts\/28038"}],"collection":[{"href":"https:\/\/justicapotiguar.com.br\/index.php\/wp-json\/wp\/v2\/posts"}],"about":[{"href":"https:\/\/justicapotiguar.com.br\/index.php\/wp-json\/wp\/v2\/types\/post"}],"author":[{"embeddable":true,"href":"https:\/\/justicapotiguar.com.br\/index.php\/wp-json\/wp\/v2\/users\/5"}],"replies":[{"embeddable":true,"href":"https:\/\/justicapotiguar.com.br\/index.php\/wp-json\/wp\/v2\/comments?post=28038"}],"version-history":[{"count":1,"href":"https:\/\/justicapotiguar.com.br\/index.php\/wp-json\/wp\/v2\/posts\/28038\/revisions"}],"predecessor-version":[{"id":28039,"href":"https:\/\/justicapotiguar.com.br\/index.php\/wp-json\/wp\/v2\/posts\/28038\/revisions\/28039"}],"wp:attachment":[{"href":"https:\/\/justicapotiguar.com.br\/index.php\/wp-json\/wp\/v2\/media?parent=28038"}],"wp:term":[{"taxonomy":"category","embeddable":true,"href":"https:\/\/justicapotiguar.com.br\/index.php\/wp-json\/wp\/v2\/categories?post=28038"},{"taxonomy":"post_tag","embeddable":true,"href":"https:\/\/justicapotiguar.com.br\/index.php\/wp-json\/wp\/v2\/tags?post=28038"}],"curies":[{"name":"wp","href":"https:\/\/api.w.org\/{rel}","templated":true}]}}