{"id":28034,"date":"2022-09-06T14:31:14","date_gmt":"2022-09-06T17:31:14","guid":{"rendered":"https:\/\/justicapotiguar.com.br\/?p=28034"},"modified":"2022-09-06T14:31:14","modified_gmt":"2022-09-06T17:31:14","slug":"mpf-garante-decisao-que-limita-prazo-para-inss-analisar-requerimentos-em-currais-novos","status":"publish","type":"post","link":"https:\/\/justicapotiguar.com.br\/index.php\/2022\/09\/06\/mpf-garante-decisao-que-limita-prazo-para-inss-analisar-requerimentos-em-currais-novos\/","title":{"rendered":"MPF garante decis\u00e3o que limita prazo para INSS analisar requerimentos em Currais Novos"},"content":{"rendered":"\n<p>O Minist\u00e9rio P\u00fablico Federal (MPF) obteve do Tribunal Regional Federal da 5\u00aa regi\u00e3o (TRF5) a confirma\u00e7\u00e3o da senten\u00e7a que obriga o INSS a impor prazos m\u00e1ximos para an\u00e1lise e julgamento dos requerimentos apresentados na Ag\u00eancia de Previd\u00eancia Social de Currais Novos, que atende a popula\u00e7\u00e3o da regi\u00e3o do Serid\u00f3 potiguar. Centenas de pedidos de aposentadoria, licen\u00e7as e aux\u00edlios ficam represados e, levam, em m\u00e9dia, quase seis meses para serem conclu\u00eddos, seja com a concess\u00e3o ou a negativa.<\/p>\n\n\n\n<p>\u201cEm sua maioria, s\u00e3o idosos e pessoas com defici\u00eancia, em faixa de pobreza, que veem no benef\u00edcio pleiteado a fonte de renda que assegurar\u00e1 o sustento b\u00e1sico de sua fam\u00edlia. Priv\u00e1-los de uma resposta, ainda que negativa, ao benef\u00edcio pretendido chega a ser desumano\u201d, resume a autora da a\u00e7\u00e3o civil p\u00fablica (ACP),procuradora da Rep\u00fablica Maria Clara Lucena.<\/p>\n\n\n\n<p>Pela decis\u00e3o, o requerimento de sal\u00e1rio-maternidade dever\u00e1 ser analisado e julgado dentro de 30 dias. Aposentadorias por invalidez comum e acident\u00e1ria (aposentadoria por incapacidade permanente) e aux\u00edlio-doen\u00e7a comum e por acidente do trabalho (aux\u00edlio tempor\u00e1rio por incapacidade), em no m\u00e1ximo 45 dias.<\/p>\n\n\n\n<figure class=\"wp-block-image size-large\"><img loading=\"lazy\" width=\"300\" height=\"225\" src=\"https:\/\/justicapotiguar.com.br\/wp-content\/uploads\/2020\/03\/inss.png\" alt=\"\" class=\"wp-image-7843\"\/><figcaption>Ilustrativa<\/figcaption><\/figure>\n\n\n\n<p>As pens\u00f5es por morte, aux\u00edlio-reclus\u00e3o e aux\u00edlio-acidente dever\u00e3o respeitar o prazo de 60 dias; enquanto os pedidos de benef\u00edcio assistencial \u00e0 pessoa com defici\u00eancia, benef\u00edcio assistencial ao idoso e aposentadorias &#8211; salvo por invalidez &#8211; ter\u00e3o de ser analisados e julgados em no m\u00e1ximo 90 dias.<\/p>\n\n\n\n<p><strong>Demora<\/strong>&nbsp;&#8211; Os relat\u00f3rios mais recentes apresentados durante o tr\u00e2mite da a\u00e7\u00e3o apontavam que, no in\u00edcio de 2021, o tempo m\u00e9dio para conclus\u00e3o dos processos na ag\u00eancia era de 170 dias, existindo ent\u00e3o 403 requerimentos aguardando h\u00e1 mais de 45 dias, dos quais 198 h\u00e1 mais de 90. Esses indicadores eram piores que os do ano anterior.<\/p><div class=\"vfhue69f3a15013598\" ><!--<a href=\"https:\/\/bit.ly\/3QdrqTZ\" target=\"_blank\">\n<img src=\"https:\/\/justicapotiguar.com.br\/wp-content\/uploads\/2023\/09\/mobile-geral.gif\"\/><a\/>--><\/div><style type=\"text\/css\">\r\n.vfhue69f3a15013598 {\r\ntext-align: center;\r\n}\r\n@media screen and (min-width: 1201px) {\r\n.vfhue69f3a15013598 {\r\ndisplay: none;\r\n}\r\n}\r\n@media screen and (min-width: 993px) and (max-width: 1200px) {\r\n.vfhue69f3a15013598 {\r\ndisplay: none;\r\n}\r\n}\r\n@media screen and (min-width: 769px) and (max-width: 992px) {\r\n.vfhue69f3a15013598 {\r\ndisplay: none;\r\n}\r\n}\r\n@media screen and (min-width: 768px) and (max-width: 768px) {\r\n.vfhue69f3a15013598 {\r\ndisplay: block;\r\n}\r\n}\r\n@media screen and (max-width: 767px) {\r\n.vfhue69f3a15013598 {\r\ndisplay: block;\r\n}\r\n}\r\n<\/style>\r\n<div class=\"oqzgp69f3a1501357a\" ><!--<a href=\"https:\/\/bit.ly\/3QdrqTZ\" target=\"_blank\">\n<img src=\"https:\/\/justicapotiguar.com.br\/wp-content\/uploads\/2023\/09\/desktop-geral.gif\"\/><a\/>--><\/div><style type=\"text\/css\">\r\n.oqzgp69f3a1501357a {\r\ntext-align: center;\nmargin-bottom: 1em;\r\n}\r\n@media screen and (min-width: 1201px) {\r\n.oqzgp69f3a1501357a {\r\ndisplay: block;\r\n}\r\n}\r\n@media screen and (min-width: 993px) and (max-width: 1200px) {\r\n.oqzgp69f3a1501357a {\r\ndisplay: block;\r\n}\r\n}\r\n@media screen and (min-width: 769px) and (max-width: 992px) {\r\n.oqzgp69f3a1501357a {\r\ndisplay: block;\r\n}\r\n}\r\n@media screen and (min-width: 768px) and (max-width: 768px) {\r\n.oqzgp69f3a1501357a {\r\ndisplay: none;\r\n}\r\n}\r\n@media screen and (max-width: 767px) {\r\n.oqzgp69f3a1501357a {\r\ndisplay: none;\r\n}\r\n}\r\n<\/style>\r\n\n\n\n\n<p>Ainda antes de a ACP ser apresentada, o INSS informou que havia sido criada uma fila \u00fanica regional de requerimentos e os servidores lotados em cada ag\u00eancia n\u00e3o mais se dedicavam a uma fila local, assumindo responsabilidades sobre toda a fila \u00fanica do Nordeste. \u201cCom isso, ainda que os servidores da ag\u00eancia de Currais Novos, por exemplo, analisem eficientemente os processos que lhes s\u00e3o distribu\u00eddos, isso n\u00e3o garantir\u00e1 a c\u00e9lere aprecia\u00e7\u00e3o dos pleitos dos segurados cobertos pela referida Unidade\u201d, argumentou o instituto.<\/p>\n\n\n\n<p>No entanto, alguns interessados j\u00e1 vinham conseguindo \u201cfurar a fila\u201d a partir de mandados de seguran\u00e7a individuais. \u201cO MPF buscou ent\u00e3o estender a todos o direito \u00e0 c\u00e9lere aprecia\u00e7\u00e3o dos seus pleitos junto ao INSS, em vez disso ser garantido apenas a alguns grupos restritos, que lograram constituir advogado e pugnaram em ju\u00edzo\u201d, explica a representante do MPF.<\/p>\n\n\n\n<p>Para a procuradora da Rep\u00fablica, apesar de o INSS insistir nos poss\u00edveis benef\u00edcios da unifica\u00e7\u00e3o da fila regional (com perspectiva de ser ampliada para uma fila \u00fanica nacional), at\u00e9 todos os ajustes serem implementados e os atrasos solucionados, cabe ao Minist\u00e9rio P\u00fablico Federal e \u00e0 Justi\u00e7a agirem para minimizar o problema, que j\u00e1 foi alvo, inclusive, de um acordo em n\u00edvel nacional entre o instituto e a Procuradoria-Geral da Rep\u00fablica, contemplado na senten\u00e7a da ACP.<\/p>\n\n\n\n<p>A a\u00e7\u00e3o civil p\u00fablica tramita na Justi\u00e7a Federal sob o n\u00famero 0800171-58.2020.4.05.8402 e a decis\u00e3o do TRF5 confirmou senten\u00e7a proferida pela ju\u00edza federal Lianne Pereira em mar\u00e7o de 2021.<\/p>\n","protected":false},"excerpt":{"rendered":"<p>O Minist\u00e9rio P\u00fablico Federal (MPF) obteve do Tribunal Regional Federal da 5\u00aa regi\u00e3o (TRF5) a confirma\u00e7\u00e3o da senten\u00e7a que obriga o INSS a impor prazos m\u00e1ximos para an\u00e1lise e julgamento dos requerimentos apresentados na Ag\u00eancia de Previd\u00eancia Social de Currais Novos, que atende a popula\u00e7\u00e3o da regi\u00e3o do Serid\u00f3 potiguar. Centenas de pedidos de aposentadoria,<br \/><a class=\"more-link\" href=\"https:\/\/justicapotiguar.com.br\/index.php\/2022\/09\/06\/mpf-garante-decisao-que-limita-prazo-para-inss-analisar-requerimentos-em-currais-novos\/\">Mais&#8230;<\/a><\/p>\n","protected":false},"author":5,"featured_media":0,"comment_status":"open","ping_status":"open","sticky":false,"template":"","format":"standard","meta":[],"categories":[1],"tags":[],"_links":{"self":[{"href":"https:\/\/justicapotiguar.com.br\/index.php\/wp-json\/wp\/v2\/posts\/28034"}],"collection":[{"href":"https:\/\/justicapotiguar.com.br\/index.php\/wp-json\/wp\/v2\/posts"}],"about":[{"href":"https:\/\/justicapotiguar.com.br\/index.php\/wp-json\/wp\/v2\/types\/post"}],"author":[{"embeddable":true,"href":"https:\/\/justicapotiguar.com.br\/index.php\/wp-json\/wp\/v2\/users\/5"}],"replies":[{"embeddable":true,"href":"https:\/\/justicapotiguar.com.br\/index.php\/wp-json\/wp\/v2\/comments?post=28034"}],"version-history":[{"count":1,"href":"https:\/\/justicapotiguar.com.br\/index.php\/wp-json\/wp\/v2\/posts\/28034\/revisions"}],"predecessor-version":[{"id":28035,"href":"https:\/\/justicapotiguar.com.br\/index.php\/wp-json\/wp\/v2\/posts\/28034\/revisions\/28035"}],"wp:attachment":[{"href":"https:\/\/justicapotiguar.com.br\/index.php\/wp-json\/wp\/v2\/media?parent=28034"}],"wp:term":[{"taxonomy":"category","embeddable":true,"href":"https:\/\/justicapotiguar.com.br\/index.php\/wp-json\/wp\/v2\/categories?post=28034"},{"taxonomy":"post_tag","embeddable":true,"href":"https:\/\/justicapotiguar.com.br\/index.php\/wp-json\/wp\/v2\/tags?post=28034"}],"curies":[{"name":"wp","href":"https:\/\/api.w.org\/{rel}","templated":true}]}}