{"id":28032,"date":"2022-09-06T10:45:00","date_gmt":"2022-09-06T13:45:00","guid":{"rendered":"https:\/\/justicapotiguar.com.br\/?p=28032"},"modified":"2022-09-06T08:47:01","modified_gmt":"2022-09-06T11:47:01","slug":"supremo-tribunal-federal-nega-ferias-de-60-dias-para-advogados-da-uniao","status":"publish","type":"post","link":"https:\/\/justicapotiguar.com.br\/index.php\/2022\/09\/06\/supremo-tribunal-federal-nega-ferias-de-60-dias-para-advogados-da-uniao\/","title":{"rendered":"Supremo Tribunal Federal nega f\u00e9rias de 60 dias para advogados da Uni\u00e3o"},"content":{"rendered":"\n<p>O Plen\u00e1rio do Supremo Tribunal Federal decidiu, por unanimidade, que os advogados da Uni\u00e3o n\u00e3o possuem direito a f\u00e9rias de 60 dias, nos termos das legisla\u00e7\u00f5es constitucional e infraconstitucional vigentes. A decis\u00e3o foi tomada na sess\u00e3o virtual conclu\u00edda na \u00faltima sexta-feira (2\/9).<\/p>\n\n\n\n<div class=\"wp-block-image\"><figure class=\"aligncenter\"><img src=\"https:\/\/www.conjur.com.br\/img\/b\/dias-toffoli46.jpeg\" alt=\"\"\/><figcaption><sup>Reprodu\u00e7\u00e3o<\/sup> <\/figcaption><\/figure><\/div>\n\n\n\n<p>O relator do recurso extraordin\u00e1rio, ministro Dias Toffoli, recordou que a corte reconheceu, com repercuss\u00e3o geral, que os procuradores da Fazenda Nacional n\u00e3o t\u00eam direito aos dois meses de f\u00e9rias.<\/p>\n\n\n\n<p>Dessa forma, o ministro considerou que, reconhecido o direito de procuradores federais e de procuradores da Fazenda Nacional a 30 dias de f\u00e9rias anuais, &#8220;n\u00e3o haveria fundamento l\u00f3gico e jur\u00eddico para concluir de forma diversa em rela\u00e7\u00e3o aos advogados da Uni\u00e3o, vez que todos integram as carreiras da Advocacia-Geral da Uni\u00e3o&#8221;.<\/p><div class=\"vbaet69f5a833e6402\" ><!--<a href=\"https:\/\/bit.ly\/3QdrqTZ\" target=\"_blank\">\n<img src=\"https:\/\/justicapotiguar.com.br\/wp-content\/uploads\/2023\/09\/mobile-geral.gif\"\/><a\/>--><\/div><style type=\"text\/css\">\r\n.vbaet69f5a833e6402 {\r\ntext-align: center;\r\n}\r\n@media screen and (min-width: 1201px) {\r\n.vbaet69f5a833e6402 {\r\ndisplay: none;\r\n}\r\n}\r\n@media screen and (min-width: 993px) and (max-width: 1200px) {\r\n.vbaet69f5a833e6402 {\r\ndisplay: none;\r\n}\r\n}\r\n@media screen and (min-width: 769px) and (max-width: 992px) {\r\n.vbaet69f5a833e6402 {\r\ndisplay: none;\r\n}\r\n}\r\n@media screen and (min-width: 768px) and (max-width: 768px) {\r\n.vbaet69f5a833e6402 {\r\ndisplay: block;\r\n}\r\n}\r\n@media screen and (max-width: 767px) {\r\n.vbaet69f5a833e6402 {\r\ndisplay: block;\r\n}\r\n}\r\n<\/style>\r\n<div class=\"btlwd69f5a833e63f0\" ><!--<a href=\"https:\/\/bit.ly\/3QdrqTZ\" target=\"_blank\">\n<img src=\"https:\/\/justicapotiguar.com.br\/wp-content\/uploads\/2023\/09\/desktop-geral.gif\"\/><a\/>--><\/div><style type=\"text\/css\">\r\n.btlwd69f5a833e63f0 {\r\ntext-align: center;\nmargin-bottom: 1em;\r\n}\r\n@media screen and (min-width: 1201px) {\r\n.btlwd69f5a833e63f0 {\r\ndisplay: block;\r\n}\r\n}\r\n@media screen and (min-width: 993px) and (max-width: 1200px) {\r\n.btlwd69f5a833e63f0 {\r\ndisplay: block;\r\n}\r\n}\r\n@media screen and (min-width: 769px) and (max-width: 992px) {\r\n.btlwd69f5a833e63f0 {\r\ndisplay: block;\r\n}\r\n}\r\n@media screen and (min-width: 768px) and (max-width: 768px) {\r\n.btlwd69f5a833e63f0 {\r\ndisplay: none;\r\n}\r\n}\r\n@media screen and (max-width: 767px) {\r\n.btlwd69f5a833e63f0 {\r\ndisplay: none;\r\n}\r\n}\r\n<\/style>\r\n\n\n\n\n<p>Em seu voto, o ministro sustentou que &#8220;essa mesma compreens\u00e3o se aplica, na \u00edntegra, ao presente caso. N\u00e3o sendo o direito a f\u00e9rias&nbsp;mat\u00e9ria submetida \u00e0 reserva de lei complementar, por n\u00e3o versar sobre organiza\u00e7\u00e3o e funcionamento da Advocacia-Geral da Uni\u00e3o, nos termos do art. 131 da CF \/88, \u00e9 v\u00e1lida a revoga\u00e7\u00e3o imposta pela Lei n\u00b0 9.527\/1997, de dispositivos das Leis n\u00b0s 2.123\/53 e 4.069\/62 e do Decreto-Lei n\u00b0 147\/1967, que os equiparavam aos membros do Minist\u00e9rio P\u00fablico da Uni\u00e3o, e assim, garantiam o direito a f\u00e9rias de 60 (sessenta) dias&#8221;.<\/p>\n\n\n\n<p>O recurso havia sido impetrado pela Associa\u00e7\u00e3o Nacional dos Advogados da Uni\u00e3o.<\/p>\n\n\n\n<p><strong>Clique&nbsp;<a href=\"https:\/\/www.conjur.com.br\/dl\/ferias-advogados-uniao.pdf\" target=\"_blank\" rel=\"noreferrer noopener\">aqui<\/a>&nbsp;para ler o voto do relator<br>RE 929.88<\/strong><\/p>\n","protected":false},"excerpt":{"rendered":"<p>O Plen\u00e1rio do Supremo Tribunal Federal decidiu, por unanimidade, que os advogados da Uni\u00e3o n\u00e3o possuem direito a f\u00e9rias de 60 dias, nos termos das legisla\u00e7\u00f5es constitucional e infraconstitucional vigentes. A decis\u00e3o foi tomada na sess\u00e3o virtual conclu\u00edda na \u00faltima sexta-feira (2\/9). O relator do recurso extraordin\u00e1rio, ministro Dias Toffoli, recordou que a corte reconheceu,<br \/><a class=\"more-link\" href=\"https:\/\/justicapotiguar.com.br\/index.php\/2022\/09\/06\/supremo-tribunal-federal-nega-ferias-de-60-dias-para-advogados-da-uniao\/\">Mais&#8230;<\/a><\/p>\n","protected":false},"author":5,"featured_media":0,"comment_status":"open","ping_status":"open","sticky":false,"template":"","format":"standard","meta":[],"categories":[1],"tags":[],"_links":{"self":[{"href":"https:\/\/justicapotiguar.com.br\/index.php\/wp-json\/wp\/v2\/posts\/28032"}],"collection":[{"href":"https:\/\/justicapotiguar.com.br\/index.php\/wp-json\/wp\/v2\/posts"}],"about":[{"href":"https:\/\/justicapotiguar.com.br\/index.php\/wp-json\/wp\/v2\/types\/post"}],"author":[{"embeddable":true,"href":"https:\/\/justicapotiguar.com.br\/index.php\/wp-json\/wp\/v2\/users\/5"}],"replies":[{"embeddable":true,"href":"https:\/\/justicapotiguar.com.br\/index.php\/wp-json\/wp\/v2\/comments?post=28032"}],"version-history":[{"count":1,"href":"https:\/\/justicapotiguar.com.br\/index.php\/wp-json\/wp\/v2\/posts\/28032\/revisions"}],"predecessor-version":[{"id":28033,"href":"https:\/\/justicapotiguar.com.br\/index.php\/wp-json\/wp\/v2\/posts\/28032\/revisions\/28033"}],"wp:attachment":[{"href":"https:\/\/justicapotiguar.com.br\/index.php\/wp-json\/wp\/v2\/media?parent=28032"}],"wp:term":[{"taxonomy":"category","embeddable":true,"href":"https:\/\/justicapotiguar.com.br\/index.php\/wp-json\/wp\/v2\/categories?post=28032"},{"taxonomy":"post_tag","embeddable":true,"href":"https:\/\/justicapotiguar.com.br\/index.php\/wp-json\/wp\/v2\/tags?post=28032"}],"curies":[{"name":"wp","href":"https:\/\/api.w.org\/{rel}","templated":true}]}}