{"id":28026,"date":"2022-09-05T17:36:39","date_gmt":"2022-09-05T20:36:39","guid":{"rendered":"https:\/\/justicapotiguar.com.br\/?p=28026"},"modified":"2022-09-05T17:36:39","modified_gmt":"2022-09-05T20:36:39","slug":"fachin-limita-compra-de-arma-e-municao-por-risco-de-violencia-politica","status":"publish","type":"post","link":"https:\/\/justicapotiguar.com.br\/index.php\/2022\/09\/05\/fachin-limita-compra-de-arma-e-municao-por-risco-de-violencia-politica\/","title":{"rendered":"Fachin limita compra de arma e muni\u00e7\u00e3o por risco de viol\u00eancia pol\u00edtica"},"content":{"rendered":"\n<p>Com base no risco de aumento da viol\u00eancia pol\u00edtica por conta do in\u00edcio da campanha eleitoral, o ministro Edson Fachin, do STF, concedeu liminares em tr\u00eas a\u00e7\u00f5es para suspender trechos de decretos de Bolsonaro que flexibilizam compra e porte de armas.<\/p>\n\n\n\n<p>Em uma das decis\u00f5es, Fachin prev\u00ea a posse de armas apenas para quem tiver efetiva necessidade e determina que a aquisi\u00e7\u00e3o s\u00f3 pode acontecer no interesse da seguran\u00e7a p\u00fablica ou da defesa nacional.<\/p>\n\n\n\n<p>Ainda segundo as decis\u00f5es, o Executivo n\u00e3o pode criar presun\u00e7\u00f5es de necessidades al\u00e9m das j\u00e1 disciplinadas em lei, e a compra de muni\u00e7\u00e3o deve se limitar ao que garanta apenas o necess\u00e1rio \u00e0 seguran\u00e7a dos cidad\u00e3os.<\/p>\n\n\n\n<figure class=\"wp-block-image size-large\"><img loading=\"lazy\" width=\"760\" height=\"506\" src=\"https:\/\/justicapotiguar.com.br\/wp-content\/uploads\/2019\/09\/tiro.jpg\" alt=\"\" class=\"wp-image-2390\" srcset=\"https:\/\/justicapotiguar.com.br\/wp-content\/uploads\/2019\/09\/tiro.jpg 760w, https:\/\/justicapotiguar.com.br\/wp-content\/uploads\/2019\/09\/tiro-300x200.jpg 300w\" sizes=\"(max-width: 760px) 100vw, 760px\" \/><figcaption>Reprodu\u00e7\u00e3o<\/figcaption><\/figure>\n\n\n\n<p><\/p>\n\n\n\n<p>A a\u00e7\u00e3o foi proposta pelo PT contra a norma que aumentaram a quantidade m\u00e1xima de muni\u00e7\u00e3o que pode ser adquirida por \u00f3rg\u00e3os e institui\u00e7\u00f5es e por pessoas f\u00edsicas autorizadas a portar armas de fogo.&nbsp;<\/p><div class=\"qnvwd69f5a8849780b\" ><!--<a href=\"https:\/\/bit.ly\/3QdrqTZ\" target=\"_blank\">\n<img src=\"https:\/\/justicapotiguar.com.br\/wp-content\/uploads\/2023\/09\/mobile-geral.gif\"\/><a\/>--><\/div><style type=\"text\/css\">\r\n.qnvwd69f5a8849780b {\r\ntext-align: center;\r\n}\r\n@media screen and (min-width: 1201px) {\r\n.qnvwd69f5a8849780b {\r\ndisplay: none;\r\n}\r\n}\r\n@media screen and (min-width: 993px) and (max-width: 1200px) {\r\n.qnvwd69f5a8849780b {\r\ndisplay: none;\r\n}\r\n}\r\n@media screen and (min-width: 769px) and (max-width: 992px) {\r\n.qnvwd69f5a8849780b {\r\ndisplay: none;\r\n}\r\n}\r\n@media screen and (min-width: 768px) and (max-width: 768px) {\r\n.qnvwd69f5a8849780b {\r\ndisplay: block;\r\n}\r\n}\r\n@media screen and (max-width: 767px) {\r\n.qnvwd69f5a8849780b {\r\ndisplay: block;\r\n}\r\n}\r\n<\/style>\r\n<div class=\"keubc69f5a884977ef\" ><!--<a href=\"https:\/\/bit.ly\/3QdrqTZ\" target=\"_blank\">\n<img src=\"https:\/\/justicapotiguar.com.br\/wp-content\/uploads\/2023\/09\/desktop-geral.gif\"\/><a\/>--><\/div><style type=\"text\/css\">\r\n.keubc69f5a884977ef {\r\ntext-align: center;\nmargin-bottom: 1em;\r\n}\r\n@media screen and (min-width: 1201px) {\r\n.keubc69f5a884977ef {\r\ndisplay: block;\r\n}\r\n}\r\n@media screen and (min-width: 993px) and (max-width: 1200px) {\r\n.keubc69f5a884977ef {\r\ndisplay: block;\r\n}\r\n}\r\n@media screen and (min-width: 769px) and (max-width: 992px) {\r\n.keubc69f5a884977ef {\r\ndisplay: block;\r\n}\r\n}\r\n@media screen and (min-width: 768px) and (max-width: 768px) {\r\n.keubc69f5a884977ef {\r\ndisplay: none;\r\n}\r\n}\r\n@media screen and (max-width: 767px) {\r\n.keubc69f5a884977ef {\r\ndisplay: none;\r\n}\r\n}\r\n<\/style>\r\n\n\n\n\n<p>A norma questionada \u00e9 o decreto 10.030\/19, que alterou os decretos 9.845\/19 e 9.847\/19, e a Portaria Interministerial 1.634\/20 dos minist\u00e9rios da Defesa e da Justi\u00e7a e Seguran\u00e7a P\u00fablica. As normas&nbsp;passaram de 200 a 600 por ano para 550 a 650 mensais a quantidade de muni\u00e7\u00e3o permitida por arma de fogo registrada no Brasil.<\/p>\n\n\n\n<p>Segundo o PT, um dos resultados desse&nbsp;aumento de at\u00e9 3.200% \u00e9 que&nbsp;o crime organizado e as mil\u00edcias podem passar a &#8220;se abastecer de artefatos b\u00e9licos adquiridos regularmente por pessoas registradas&#8221;, para alimentar as redes de tr\u00e1fico de drogas e outros crimes.<\/p>\n\n\n\n<p>Para o partido, conceder maior acesso a armas de fogo n\u00e3o significa um aumento do controle dos \u00edndices de criminalidade. &#8220;De igual forma, n\u00e3o representa uma maior seguran\u00e7a do cidad\u00e3o armado&#8221;, argumenta.<\/p>\n\n\n\n<p>O pedido do PT \u00e9 que o ato questionado seja interpretado com base no pressuposto da prote\u00e7\u00e3o \u00e0 vida e \u00e0 seguran\u00e7a da popula\u00e7\u00e3o e na garantia do monop\u00f3lio do uso leg\u00edtimo da for\u00e7a pelo Estado, a fim de que a aquisi\u00e7\u00e3o de armamento se restrinja a quantidade suficiente \u00e0 prote\u00e7\u00e3o do particular. A interpreta\u00e7\u00e3o conforme a Constitui\u00e7\u00e3o (artigos 5\u00ba, caput; 6\u00ba; 144, caput) visa reafirmar que a seguran\u00e7a p\u00fablica \u00e9 dever do Estado, vedando-se a banaliza\u00e7\u00e3o do armamento da popula\u00e7\u00e3o.<\/p>\n\n\n\n<p>Migalhas <\/p>\n","protected":false},"excerpt":{"rendered":"<p>Com base no risco de aumento da viol\u00eancia pol\u00edtica por conta do in\u00edcio da campanha eleitoral, o ministro Edson Fachin, do STF, concedeu liminares em tr\u00eas a\u00e7\u00f5es para suspender trechos de decretos de Bolsonaro que flexibilizam compra e porte de armas. Em uma das decis\u00f5es, Fachin prev\u00ea a posse de armas apenas para quem tiver<br \/><a class=\"more-link\" href=\"https:\/\/justicapotiguar.com.br\/index.php\/2022\/09\/05\/fachin-limita-compra-de-arma-e-municao-por-risco-de-violencia-politica\/\">Mais&#8230;<\/a><\/p>\n","protected":false},"author":5,"featured_media":0,"comment_status":"open","ping_status":"open","sticky":false,"template":"","format":"standard","meta":[],"categories":[1],"tags":[],"_links":{"self":[{"href":"https:\/\/justicapotiguar.com.br\/index.php\/wp-json\/wp\/v2\/posts\/28026"}],"collection":[{"href":"https:\/\/justicapotiguar.com.br\/index.php\/wp-json\/wp\/v2\/posts"}],"about":[{"href":"https:\/\/justicapotiguar.com.br\/index.php\/wp-json\/wp\/v2\/types\/post"}],"author":[{"embeddable":true,"href":"https:\/\/justicapotiguar.com.br\/index.php\/wp-json\/wp\/v2\/users\/5"}],"replies":[{"embeddable":true,"href":"https:\/\/justicapotiguar.com.br\/index.php\/wp-json\/wp\/v2\/comments?post=28026"}],"version-history":[{"count":1,"href":"https:\/\/justicapotiguar.com.br\/index.php\/wp-json\/wp\/v2\/posts\/28026\/revisions"}],"predecessor-version":[{"id":28027,"href":"https:\/\/justicapotiguar.com.br\/index.php\/wp-json\/wp\/v2\/posts\/28026\/revisions\/28027"}],"wp:attachment":[{"href":"https:\/\/justicapotiguar.com.br\/index.php\/wp-json\/wp\/v2\/media?parent=28026"}],"wp:term":[{"taxonomy":"category","embeddable":true,"href":"https:\/\/justicapotiguar.com.br\/index.php\/wp-json\/wp\/v2\/categories?post=28026"},{"taxonomy":"post_tag","embeddable":true,"href":"https:\/\/justicapotiguar.com.br\/index.php\/wp-json\/wp\/v2\/tags?post=28026"}],"curies":[{"name":"wp","href":"https:\/\/api.w.org\/{rel}","templated":true}]}}